{"id":87879,"date":"2024-10-07T12:03:40","date_gmt":"2024-10-07T18:03:40","guid":{"rendered":"https:\/\/redsemlac.com\/semmexico\/?p=87879"},"modified":"2024-10-07T15:34:51","modified_gmt":"2024-10-07T21:34:51","slug":"congreso-mexicano-rendira-homenaje-a-ifigenia-martinez-hernandez-de-cuerpo-presente","status":"publish","type":"post","link":"https:\/\/redsemlac.com\/semmexico\/congreso-mexicano-rendira-homenaje-a-ifigenia-martinez-hernandez-de-cuerpo-presente\/","title":{"rendered":"Congreso mexicano rendir\u00e1\u00a0 \u00a0homenaje a Ifigenia Mart\u00ednez Hern\u00e1ndez, de cuerpo\u00a0 presente"},"content":{"rendered":"\n<p class=\"wp-block-paragraph\">En la C\u00e1mara de Diputados se&nbsp; efectuar\u00e1 &nbsp;este lunes con presencia de representantes del Senado<\/p>\n\n\n\n<p class=\"wp-block-paragraph\">&nbsp;Pionera de la Izquierda Mexicana<\/p>\n\n\n\n<p class=\"wp-block-paragraph\">Redacci\u00f3n<\/p>\n\n\n\n<p class=\"wp-block-paragraph\">SemM\u00e9xico, Cd. de M\u00e9xico, 7 de octubre,&nbsp; 2024.-La C\u00e1mara de Diputados prepara un&nbsp;<em>homenaje de cuerpo presente<\/em>&nbsp;para la destacada Ifigenia Mart\u00ednez Hern\u00e1ndez , pionera de la izquierda mexicana, quien falleci\u00f3 este s\u00e1bado.<\/p>\n\n\n\n<p class=\"wp-block-paragraph\">Nacida en una \u00e9poca en la que las mujeres no pod\u00edan votar, Ifigenia luch\u00f3 por sus derechos, destacando por su compromiso con la&nbsp;igualdad de g\u00e9nero&nbsp;y la justicia social.<\/p>\n\n\n\n<p class=\"wp-block-paragraph\">Promotora de la Izquierda Mexicana<\/p>\n\n\n\n<p class=\"wp-block-paragraph\">Apenas hace unos d\u00edas, asisti\u00f3 a la toma de posesi\u00f3n de la&nbsp;<em>primera presidenta de M\u00e9xico<\/em>, Claudia Sheinbaum. Ifigenia Mart\u00ednez fue economista, diplom\u00e1tica y activista.<\/p>\n\n\n\n<p class=\"wp-block-paragraph\">Primera mexicana con un Doctorado en Econom\u00eda en Harvard<\/p>\n\n\n\n<p class=\"wp-block-paragraph\">Su legado es inmenso, no s\u00f3lo por su trayectoria acad\u00e9mica, sino tambi\u00e9n por su liderazgo en la&nbsp;<em>lucha por los derechos de las mujeres.<\/em><\/p>\n\n\n\n<figure class=\"wp-block-image size-full\"><a href=\"https:\/\/redsemlac.com\/semmexico\/wp-content\/uploads\/2024\/10\/congreso-mexicano-homenje-02.jpg\"><img loading=\"lazy\" decoding=\"async\" width=\"608\" height=\"342\" src=\"https:\/\/redsemlac.com\/semmexico\/wp-content\/uploads\/2024\/10\/congreso-mexicano-homenje-02.jpg\" alt=\"\" class=\"wp-image-87881\"\/><\/a><\/figure>\n\n\n\n<p class=\"wp-block-paragraph\">Adem\u00e1s, Ifigenia fue quien,&nbsp;<em>en un gesto simb\u00f3lico<\/em>, entreg\u00f3 la banda presidencial a Claudia Sheinbaum, reafirmando su influencia en la pol\u00edtica mexicana.<\/p>\n\n\n\n<p class=\"wp-block-paragraph\">La sesi\u00f3n solemne se llevar\u00e1 a cabo este lunes 07 de octubre en San L\u00e1zaro, donde participar\u00e1n:<\/p>\n\n\n\n<p class=\"wp-block-paragraph\">Diputadas y diputados<\/p>\n\n\n\n<p class=\"wp-block-paragraph\">Senadoras y senadores<\/p>\n\n\n\n<p class=\"wp-block-paragraph\">Secretar\u00edas y secretarios de Estado<\/p>\n\n\n\n<p class=\"wp-block-paragraph\">Dirigentes de partidos pol\u00edticos<\/p>\n\n\n\n<p class=\"wp-block-paragraph\">Amigos y familiares<\/p>\n\n\n\n<p class=\"wp-block-paragraph\">Posible asistencia de la presidenta Claudia Sheinbaum Pardo<\/p>\n\n\n\n<figure class=\"wp-block-image size-full\"><a href=\"https:\/\/redsemlac.com\/semmexico\/wp-content\/uploads\/2024\/10\/congreso-mexicano-homenje-03.jpg\"><img loading=\"lazy\" decoding=\"async\" width=\"600\" height=\"358\" src=\"https:\/\/redsemlac.com\/semmexico\/wp-content\/uploads\/2024\/10\/congreso-mexicano-homenje-03.jpg\" alt=\"\" class=\"wp-image-87880\"\/><\/a><\/figure>\n\n\n\n<p class=\"wp-block-paragraph\">Ifigenia Mart\u00ednez<\/p>\n\n\n\n<p class=\"wp-block-paragraph\">Este homenaje no s\u00f3lo ser\u00e1 un reconocimiento a su labor como luchadora social, sino tambi\u00e9n un recordatorio del papel crucial que desempe\u00f1\u00f3 en el movimiento feminista y la izquierda mexicana.<\/p>\n\n\n\n<p class=\"wp-block-paragraph\">Noticias relacionadas:<a href=\"https:\/\/cincoradio.com.mx\/tag\/declaracion\/\">declaraci\u00f3n<\/a><a href=\"https:\/\/cincoradio.com.mx\/tag\/diputadafederal\/\">DiputadaFederal<\/a><a href=\"https:\/\/cincoradio.com.mx\/tag\/entregabandapresidencial\/\">EntregaBandaPresidencial<\/a><a href=\"https:\/\/cincoradio.com.mx\/tag\/ifigeniamartinez\/\">IfigeniaMart\u00ednez<\/a><a href=\"https:\/\/cincoradio.com.mx\/tag\/palabrasclave\/\">PalabrasClave<\/a><a href=\"https:\/\/cincoradio.com.mx\/tag\/portada\/\">Portada<\/a><\/p>\n\n\n\n<p class=\"wp-block-paragraph\"><a href=\"https:\/\/cincoradio.com.mx\/huaquechula-llevara-sus-altares-monumentales-a-nueva-york-y-canada\/\"><\/a><\/p>\n\n\n\n<p class=\"wp-block-paragraph\"><a href=\"https:\/\/cincoradio.com.mx\/huaquechula-llevara-sus-altares-monumentales-a-nueva-york-y-canada\/\"><br><br><\/a><\/p>\n","protected":false},"excerpt":{"rendered":"<p>En la C\u00e1mara de Diputados se&nbsp; efectuar\u00e1 &nbsp;este lunes con presencia de representantes del Senado &nbsp;Pionera de la Izquierda Mexicana Redacci\u00f3n SemM\u00e9xico, Cd. de M\u00e9xico, 7 de octubre,&nbsp; 2024.-La C\u00e1mara de Diputados prepara un&nbsp;homenaje de cuerpo presente&nbsp;para la destacada Ifigenia Mart\u00ednez Hern\u00e1ndez , pionera de la izquierda mexicana, quien falleci\u00f3 este s\u00e1bado. Nacida en una [&hellip;]<\/p>\n","protected":false},"author":3,"featured_media":87882,"comment_status":"open","ping_status":"open","sticky":false,"template":"","format":"standard","meta":{"_monsterinsights_skip_tracking":false,"footnotes":""},"categories":[50],"tags":[],"class_list":["post-87879","post","type-post","status-publish","format-standard","has-post-thumbnail","category-congreso"],"_links":{"self":[{"href":"https:\/\/redsemlac.com\/semmexico\/wp-json\/wp\/v2\/posts\/87879","targetHints":{"allow":["GET"]}}],"collection":[{"href":"https:\/\/redsemlac.com\/semmexico\/wp-json\/wp\/v2\/posts"}],"about":[{"href":"https:\/\/redsemlac.com\/semmexico\/wp-json\/wp\/v2\/types\/post"}],"author":[{"embeddable":true,"href":"https:\/\/redsemlac.com\/semmexico\/wp-json\/wp\/v2\/users\/3"}],"replies":[{"embeddable":true,"href":"https:\/\/redsemlac.com\/semmexico\/wp-json\/wp\/v2\/comments?post=87879"}],"version-history":[{"count":0,"href":"https:\/\/redsemlac.com\/semmexico\/wp-json\/wp\/v2\/posts\/87879\/revisions"}],"wp:featuredmedia":[{"embeddable":true,"href":"https:\/\/redsemlac.com\/semmexico\/wp-json\/wp\/v2\/media\/87882"}],"wp:attachment":[{"href":"https:\/\/redsemlac.com\/semmexico\/wp-json\/wp\/v2\/media?parent=87879"}],"wp:term":[{"taxonomy":"category","embeddable":true,"href":"https:\/\/redsemlac.com\/semmexico\/wp-json\/wp\/v2\/categories?post=87879"},{"taxonomy":"post_tag","embeddable":true,"href":"https:\/\/redsemlac.com\/semmexico\/wp-json\/wp\/v2\/tags?post=87879"}],"curies":[{"name":"wp","href":"https:\/\/api.w.org\/{rel}","templated":true}]}}