{"id":87875,"date":"2024-10-07T11:43:07","date_gmt":"2024-10-07T17:43:07","guid":{"rendered":"https:\/\/redsemlac.com\/semmexico\/?p=87875"},"modified":"2024-10-07T11:45:37","modified_gmt":"2024-10-07T17:45:37","slug":"quienes-se-involucran-en-los-cuidados-jornada-de-la-unam-mas-de-30-actividades-en-octubre-mes-de-los-cuidados-2024","status":"publish","type":"post","link":"https:\/\/redsemlac.com\/semmexico\/quienes-se-involucran-en-los-cuidados-jornada-de-la-unam-mas-de-30-actividades-en-octubre-mes-de-los-cuidados-2024\/","title":{"rendered":"\u00bfQui\u00e9nes se involucran en los cuidados? Jornada de la UNAM, m\u00e1s de 30 actividades en \u201coctubre: mes de los cuidados 2024\u201d"},"content":{"rendered":"\n<p class=\"wp-block-paragraph\">Habr\u00e1 incluso un Congreso para reflexionar c\u00f3mo en sociedades capitalista, el cuidado es una tarea de las mujeres: talleres, conferencias, pl\u00e1ticas y una feria<\/p>\n\n\n\n<p class=\"wp-block-paragraph\">Participan diversas dependencias de la Universidad Nacional, adem\u00e1s de otras instituciones de educaci\u00f3n superior, organizaciones y asociaciones civiles<\/p>\n\n\n\n<p class=\"wp-block-paragraph\">Redacci\u00f3n<\/p>\n\n\n\n<p class=\"wp-block-paragraph\">SemM\u00e9xico, Ciudad de M\u00e9xico, 7 de octubre, 2024.- Por segundo a\u00f1o consecutivo, la UNAM, a trav\u00e9s de la Coordinaci\u00f3n para la Igualdad de G\u00e9nero (CIGU), en colaboraci\u00f3n con las comisiones internas para la Igualdad de G\u00e9nero (CInIG) de diversas entidades de esta casa de estudios, llevar\u00e1 a cabo la jornada&nbsp;\u201cOctubre: mes de los cuidados 2024\u201d.<\/p>\n\n\n\n<p class=\"wp-block-paragraph\">Se hace por segundo a\u00f1o a prop\u00f3sito de la reciente promulgaci\u00f3n por la Asamblea General de la Organizaci\u00f3n de las\u202fNaciones Unidas (ONU), cada 29 de octubre se conmemora el \u201cD\u00eda Internacional de los Cuidados y el Apoyo\u201d.<\/p>\n\n\n\n<p class=\"wp-block-paragraph\">&nbsp;La Coordinaci\u00f3n para la Igualdad de G\u00e9nero CIGU de la UNAM, a partir&nbsp; del 17&nbsp; y hasta el 29 de octubre realizar\u00e1 &nbsp;al menos, 34 actividades entre talleres, conferencias, pl\u00e1ticas, quehaceres l\u00fadicos, as\u00ed como un congreso y una feria.<\/p>\n\n\n\n<p class=\"wp-block-paragraph\">Esta&nbsp; fecha es de suma importancia para la agenda internacional de Derechos Humanos desde una perspectiva de g\u00e9nero, con enfoque antirracistas y antipatriarcales, destac\u00f3 la coordinaci\u00f3n de comunicaci\u00f3n de la m\u00e1xima casa de&nbsp; estudios.<\/p>\n\n\n\n<p class=\"wp-block-paragraph\">&nbsp;El objetivo de esta jornada es fomentar la reflexi\u00f3n dentro de las comunidades universitarias con sobre el papel esencial que desempe\u00f1an las actividades de cuidado en nuestras vidas, hist\u00f3ricamente asignadas en sociedades capitalistas de manera mayoritaria a las familias, las mujeres y la feminidad.<\/p>\n\n\n\n<p class=\"wp-block-paragraph\">Se trata igualmente&nbsp; por su &nbsp;importancia de construir condiciones que favorezcan el reconocimiento de todas las tareas de cuidados, buscando &nbsp;su revaloraci\u00f3n y su redistribuci\u00f3n entre todas las personas a todas las escalas de la vida social como un elemento clave para la igualdad sustantiva, la no discriminaci\u00f3n y el sostenimiento de la vida y el bienestar.<\/p>\n\n\n\n<p class=\"wp-block-paragraph\">Este a\u00f1o el enfoque de la jornada ha sido pensado para reconocer los v\u00ednculos entre cuidados y universidad a partir de los siguientes enfoques:<\/p>\n\n\n\n<ul class=\"wp-block-list\">\n<li>Espacios de cuidados, favoreciendo la identificaci\u00f3n de necesidades de las comunidades universitarias que pueden ser atendidas mediante determinadas instalaciones, adecuaciones o infraestructuras (menstruaci\u00f3n digna, salas de lactancia, cambiadores de pa\u00f1ales, ba\u00f1os sin distinci\u00f3n de g\u00e9nero, espacios de descanso, ludotecas y espacios de juego para ni\u00f1eces, entre otros).<\/li>\n\n\n\n<li>Cuidados comunitarios y autocuidado, a fin de reflexionar sobre las formas como los v\u00ednculos colectivos permiten sostener la vida y el bienestar en comunidad, as\u00ed como la apuesta fundamental de crear l\u00f3gicas que ampl\u00eden la disponibilidad del tiempo para el descanso y el cuidado propio de todas las personas, particularmente mujeres y personas en general que realizan tareas universitarias que se suman a actividades de cuidados.<\/li>\n<\/ul>\n\n\n\n<p class=\"wp-block-paragraph\">&nbsp;<strong>Impulsa la UNAM su segunda Jornada&nbsp;Octubre: mes de los cuidados.&nbsp;<\/strong><\/p>\n\n\n\n<ul class=\"wp-block-list\">\n<li>Cada 29 de octubre se conmemora el \u201cD\u00eda Internacional de los Cuidados y el Apoyo\u201d, ante esto, la UNAM realiza su segunda jornada Octubre: mes de los cuidados.\u00a0<\/li>\n<\/ul>\n\n\n\n<p class=\"wp-block-paragraph\">Por segundo a\u00f1o consecutivo, la UNAM, a trav\u00e9s de la Coordinaci\u00f3n para la Igualdad de G\u00e9nero (CIGU), en colaboraci\u00f3n con las comisiones internas para la Igualdad de G\u00e9nero (CInIG) de diversas entidades de esta casa de estudios, llevar\u00e1 a cabo la jornada&nbsp;<a>\u201cOctubre: mes de los cuidados 2024\u201d.<\/a><\/p>\n\n\n\n<p class=\"wp-block-paragraph\">&nbsp;El objetivo es fomentar la reflexi\u00f3n sobre el papel esencial que desempe\u00f1an el conjunto de actividades en la materia y los recursos para generar y mantener el bienestar f\u00edsico y emocional de las personas y su entorno.&nbsp;<\/p>\n\n\n\n<p class=\"wp-block-paragraph\">Seg\u00fan informaci\u00f3n del sitio electr\u00f3nico de la CIGU, &nbsp;las tareas de cuidado \u201chist\u00f3ricamente han sido asignadas en sociedades capitalistas, de manera mayoritaria, a las familias, las mujeres y la feminidad\u201d.&nbsp;<\/p>\n\n\n\n\n\n<p class=\"wp-block-paragraph\">En ese sentido, \u201ces de suma importancia construir condiciones que favorezcan su reconocimiento, su revaloraci\u00f3n y su redistribuci\u00f3n entre todas las personas a todas las escalas de la vida social como un elemento clave para la igualdad sustantiva, la no discriminaci\u00f3n y el sostenimiento de la ida y el bienestar\u201d.<\/p>\n\n\n\n<p class=\"wp-block-paragraph\">Este esfuerzo, considera la Coordinaci\u00f3n, se efect\u00faa a prop\u00f3sito de la reciente promulgaci\u00f3n -por parte de la Asamblea General de la Organizaci\u00f3n de las Naciones Unidas- del \u201cD\u00eda Internacional de los Cuidados y el Apoyo\u201d, a conmemorarse cada 29 de octubre.<\/p>\n\n\n\n<p class=\"wp-block-paragraph\">&nbsp;La fecha, resalta, es de suma importancia para la agenda internacional de derechos humanos a partir de una perspectiva de g\u00e9nero, con enfoque antirracista y antipatriarcal.&nbsp;<\/p>\n\n\n\n<p class=\"wp-block-paragraph\">La CIGU tiene programadas, al menos, 34 actividades entre talleres, conferencias, pl\u00e1ticas, quehaceres l\u00fadicos, as\u00ed como un congreso y una feria.<\/p>\n\n\n\n<p class=\"wp-block-paragraph\">Destaca el Conversatorio de mujeres ind\u00edgenas: \u201cCuidando la vida: Movimientos de mujeres rurales y feminismos comunitarios\u201d, a realizarse el 17 de octubre de 9:30 a 10:30 horas, en el Instituto de Investigaciones Sociales.&nbsp;<\/p>\n\n\n\n<p class=\"wp-block-paragraph\">Se encuentra tambi\u00e9n la \u201cCampa\u00f1a especial a trav\u00e9s de redes y espacios de informaci\u00f3n edificios del Instituto de Geograf\u00eda\u201d, del 15 al 31 de octubre, con infograf\u00edas que abordan la importancia de los cuidados.&nbsp;<\/p>\n\n\n\n<p class=\"wp-block-paragraph\">Del 22 al 24 tendr\u00e1 verificativo el Segundo Congreso Internacional de Cuidados: \u201cHacia una sociedad sustentable\u201d, organizado por la CInIG de la Facultad de Estudios Superiores (FES) Arag\u00f3n, en colaboraci\u00f3n con el Seminario Universitario Interdisciplinario sobre Envejecimiento y Vejez, UNAM.&nbsp;<\/p>\n\n\n\n<p class=\"wp-block-paragraph\">Asimismo, la Escuela Nacional de Trabajo Social; las universidades aut\u00f3nomas de Tlaxcala, Yucat\u00e1n y del Estado de M\u00e9xico; la Universidad Intercontinental; la Universidad Aut\u00f3noma Metropolitana-Xochimilco; el Instituto Polit\u00e9cnico Nacional; adem\u00e1s de organizaciones y asociaciones civiles.<\/p>\n\n\n\n<p class=\"wp-block-paragraph\">&nbsp;Tambi\u00e9n contar\u00e1 con la \u201cFeria de los cuidados\u201d el d\u00eda 23, de 11:00 a 16:00 horas, a cargo de la FES Iztacala; se abordar\u00e1n temas como salas de lactancia, sanitarios mixtos, cuidado parental en universitarios, entre otros.&nbsp;<\/p>\n\n\n\n<p class=\"wp-block-paragraph\">Este a\u00f1o la jornada fue pensada para reconocer los v\u00ednculos entre cuidados y universidad, a partir del siguiente enfoque:&nbsp;<\/p>\n\n\n\n<p class=\"wp-block-paragraph\">Favorecer la identificaci\u00f3n de necesidades de las comunidades universitarias que pueden ser atendidas mediante determinadas instalaciones, adecuaciones o infraestructuras como salas de lactancia, cambiadores de pa\u00f1ales, menstruaci\u00f3n digna, ba\u00f1os sin distinci\u00f3n de g\u00e9nero, lugares de descanso, ludotecas y espacios de juego para ni\u00f1eces, entre otros.&nbsp;<\/p>\n\n\n\n<p class=\"wp-block-paragraph\">La programaci\u00f3n se encuentra en&nbsp;<a href=\"https:\/\/coordinaciongenero.unam.mx\/actividades-mes-de-los-cuidados-2024\/\" target=\"_blank\" rel=\"noreferrer noopener\">https:\/\/coordinaciongenero.unam.mx\/actividades-mes-de-los-cuidados-2024\/<\/a><\/p>\n","protected":false},"excerpt":{"rendered":"<p>Habr\u00e1 incluso un Congreso para reflexionar c\u00f3mo en sociedades capitalista, el cuidado es una tarea de las mujeres: talleres, conferencias, pl\u00e1ticas y una feria Participan diversas dependencias de la Universidad Nacional, adem\u00e1s de otras instituciones de educaci\u00f3n superior, organizaciones y asociaciones civiles Redacci\u00f3n SemM\u00e9xico, Ciudad de M\u00e9xico, 7 de octubre, 2024.- Por segundo a\u00f1o consecutivo, [&hellip;]<\/p>\n","protected":false},"author":3,"featured_media":87878,"comment_status":"open","ping_status":"open","sticky":false,"template":"","format":"standard","meta":{"_monsterinsights_skip_tracking":false,"footnotes":""},"categories":[682],"tags":[],"class_list":["post-87875","post","type-post","status-publish","format-standard","has-post-thumbnail","category-noticias"],"_links":{"self":[{"href":"https:\/\/redsemlac.com\/semmexico\/wp-json\/wp\/v2\/posts\/87875","targetHints":{"allow":["GET"]}}],"collection":[{"href":"https:\/\/redsemlac.com\/semmexico\/wp-json\/wp\/v2\/posts"}],"about":[{"href":"https:\/\/redsemlac.com\/semmexico\/wp-json\/wp\/v2\/types\/post"}],"author":[{"embeddable":true,"href":"https:\/\/redsemlac.com\/semmexico\/wp-json\/wp\/v2\/users\/3"}],"replies":[{"embeddable":true,"href":"https:\/\/redsemlac.com\/semmexico\/wp-json\/wp\/v2\/comments?post=87875"}],"version-history":[{"count":0,"href":"https:\/\/redsemlac.com\/semmexico\/wp-json\/wp\/v2\/posts\/87875\/revisions"}],"wp:featuredmedia":[{"embeddable":true,"href":"https:\/\/redsemlac.com\/semmexico\/wp-json\/wp\/v2\/media\/87878"}],"wp:attachment":[{"href":"https:\/\/redsemlac.com\/semmexico\/wp-json\/wp\/v2\/media?parent=87875"}],"wp:term":[{"taxonomy":"category","embeddable":true,"href":"https:\/\/redsemlac.com\/semmexico\/wp-json\/wp\/v2\/categories?post=87875"},{"taxonomy":"post_tag","embeddable":true,"href":"https:\/\/redsemlac.com\/semmexico\/wp-json\/wp\/v2\/tags?post=87875"}],"curies":[{"name":"wp","href":"https:\/\/api.w.org\/{rel}","templated":true}]}}