{"id":87839,"date":"2024-10-06T10:56:16","date_gmt":"2024-10-06T16:56:16","guid":{"rendered":"https:\/\/redsemlac.com\/semmexico\/?p=87839"},"modified":"2024-10-06T10:56:17","modified_gmt":"2024-10-06T16:56:17","slug":"alfa-omega-el-decimo-mes-trae-novedades-y-recuerdos","status":"publish","type":"post","link":"https:\/\/redsemlac.com\/semmexico\/alfa-omega-el-decimo-mes-trae-novedades-y-recuerdos\/","title":{"rendered":"Alfa Omega| El D\u00e9cimo Mes Trae Novedades y Recuerdos"},"content":{"rendered":"\n<h3 class=\"wp-block-heading\"><em><strong>Las Mujeres En Acci\u00f3n Comunitaria<\/strong><\/em><\/h3>\n\n\n\n<p class=\"wp-block-paragraph\"><em>Aparece el diario \u201cEl Universal\u201d, en 1916; Juan Ruiz de Alarc\u00f3n, Ilustre Taxque\u00f1o; Creaci\u00f3n de la Secretar\u00eda de Educaci\u00f3n<\/em><\/p>\n\n\n\n<p class=\"wp-block-paragraph\">Jorge Herrera Valenzuela<\/p>\n\n\n\n<p class=\"wp-block-paragraph\"><em>Felicitaci\u00f3n y Abrazo Afectuoso Para Joaqu\u00edn L\u00f3pez D\u00f3riga, El Ticher, por sus 56 a\u00f1os de Exitosa Vida Period\u00edstica. Mario Alberto Santoscoy Estar\u00eda Orgulloso de Verlo Triunfar.&nbsp;<\/em><\/p>\n\n\n\n<p class=\"wp-block-paragraph\">SemM\u00e9xico, Cd. de M\u00e9xico, 6 de octubre, 2024.- Por muchos motivos este d\u00e9cimo mes, del calendario gregoriano, es no s\u00f3lo el rom\u00e1ntico \u201cde las ca\u00eddas de las hojas\u201d y de \u201cla luna m\u00e1s hermosa\u201d, es, desde su origen con el nombre de octubre, en el calendario romano, de mucha historia y de ello son los comentarios finsemaneros.<\/p>\n\n\n\n<p class=\"wp-block-paragraph\"><strong>SE DESEA UN COMIENZO DE SEXENIO<\/strong><\/p>\n\n\n\n<p class=\"wp-block-paragraph\">No es para echar las campanas a vuelo, pero despierta optimismo el inmediato accionar de la Presidenta Claudia Sheinbaum Pardo.<\/p>\n\n\n\n<p class=\"wp-block-paragraph\">Sin adelantar v\u00edsperas, estamos viendo que urge que la presidenta tenga, personalmente, un acercamiento con el pueblo y constate los da\u00f1os provocados por la Madre Naturaleza. Ese paso servir\u00e1 para demostrar que Claudia Sheinbaum, s\u00ed gobernar\u00e1 fuera de las c\u00f3modas oficinas.<\/p>\n\n\n\n<p class=\"wp-block-paragraph\">En esta ocasi\u00f3n los damnificados fueron hasta la base naval, sobre todo los de la sierra guerrerense, para solicitar ayuda inmediata de alimentos y agua potable, as\u00ed como el arreglo de los caminos.<\/p>\n\n\n\n<p class=\"wp-block-paragraph\">La gira de trabajo, en el Puerto de Acapulco, debe marcar un estilo de enfrentar directamente el problema. La experiencia, de lo que ocurri\u00f3 con el embate del hurac\u00e1n Otis, es dram\u00e1tica. Claudia debe ganarse la confianza del pueblo y hacer sentir que puede tener un buen comienzo. La gente llegar\u00eda a quererla.<\/p>\n\n\n\n<p class=\"wp-block-paragraph\">La orden inmediata: llevar el agua potable a los miles de familias que carecen despu\u00e9s del desastre causado por el hurac\u00e1n John. Bien, se requieren alimentos y despejar las v\u00edas de comunicaci\u00f3n, rehabilitar puentes y caminos.&nbsp;<\/p>\n\n\n\n<p class=\"wp-block-paragraph\">Sheinbaum Pardo llam\u00f3 a sus colaboradores para programar no nada m\u00e1s la ayuda a los acapulque\u00f1os, sino proyectar las soluciones demandadas por habitantes, comerciantes, hoteleros, restauranteros y prestadores de servicios. Se trazar\u00e1 una panor\u00e1mica estatal de la problem\u00e1tica.<\/p>\n\n\n\n<p class=\"wp-block-paragraph\">Se espera un sexenio de acciones comunitarias de las mujeres, cuya capacidad no est\u00e1 en duda y actuar desterrando el burocratismo, una pol\u00edtica sin colores y sin privilegios de grupo.<\/p>\n\n\n\n<p class=\"wp-block-paragraph\"><strong>RESPETO Y LEALTAD A CSP<\/strong><\/p>\n\n\n\n<p class=\"wp-block-paragraph\">La ma\u00f1ana del pasado jueves recibi\u00f3 el respaldo, el mensaje de lealtad, de los integrantes de las Fuerzas Armadas, de nuestro golpeado Ej\u00e9rcito Nacional. Acto protocolario, s\u00ed, pero muy significativo porque es la primera ocasi\u00f3n en que una mujer est\u00e1 al frente, como Comandanta Suprema.<\/p>\n\n\n\n<p class=\"wp-block-paragraph\">La ceremonia celebrada en el Campo Marte es otro suceso hist\u00f3rico, en el que la presidenta enfatiz\u00f3 en que \u201cestamos viviendo tiempos virtuosos con las Fuerzas Armadas, humanistas, visionarias y ejemplares\u201d.<\/p>\n\n\n\n<p class=\"wp-block-paragraph\">Qued\u00f3 constancia, con sus palabras, de que su llegada al poder y a la Comandancia Suprema, representa \u201cuna profunda transformaci\u00f3n y (demuestra) que las mujeres tienen capacidad\u201d.<\/p>\n\n\n\n<p class=\"wp-block-paragraph\">Por su parte los titulares de la Defensa Nacional y de Marina coincidieron en que militares y marinos manifiestan su \u201crespeto, subordinaci\u00f3n y lealtad\u201d a la investidura e instituci\u00f3n presidencial.<\/p>\n\n\n\n<p class=\"wp-block-paragraph\">Es interesante saber que en nuestro Ej\u00e9rcito hay 25,495 mujeres. La denominaci\u00f3n de los grados no se han \u201cfeminizado\u201d. Desde el rango de soldado raso hasta el de general, no se escribe ni se dice \u201csoldada ni generala\u201d.<\/p>\n\n\n\n<p class=\"wp-block-paragraph\">Lo mismo ocurre para referirse a las mujeres egresadas de la Fuerza A\u00e9rea, no son \u201cpilotas aviadoras\u201d.<\/p>\n\n\n\n<p class=\"wp-block-paragraph\">Del total citado, 5 tienen el grado de General Brigadier, es el m\u00e1ximo a que, por ahora, pueden aspirar las mujeres que hacen carrera en las diferentes armas y servicios. Hay 21 coronelas, son 132 Tenientes Coronelas, 307 mayoras, 1,381 capitanas y alrededor de 15,000 de rasos a sargentas. Los datos no est\u00e1n actualizados.&nbsp;&nbsp;&nbsp;<\/p>\n\n\n\n<p class=\"wp-block-paragraph\">Fue en tiempos de la todav\u00eda Secretar\u00eda de Guerra y Marina, cuando se enrol\u00f3 la primera mujer. El 1 de febrero de 1934 caus\u00f3 alta Mar\u00eda Gonz\u00e1lez de Cartes, como afanadora de primera en el servicio general de Intendencia del Ej\u00e9rcito.<\/p>\n\n\n\n<p class=\"wp-block-paragraph\"><strong>DOS PRIMEROS DIARIOS<\/strong><\/p>\n\n\n\n<p class=\"wp-block-paragraph\">Las coincidencias se dan sorpresivamente.<\/p>\n\n\n\n<p class=\"wp-block-paragraph\">La aparici\u00f3n de dos diarios, dos peri\u00f3dicos, lo fueron en el mismo d\u00eda, con diferencia de 111 a\u00f1os.<\/p>\n\n\n\n<p class=\"wp-block-paragraph\">El 1 de octubre de 1805, el oaxaque\u00f1o Carlos Mar\u00eda de Bustamante puso en circulaci\u00f3n el tiraje del primer diario en la Rep\u00fablica, titulado El Diario de M\u00e9xico. En ese d\u00eda, pero de 1916, F\u00e9lix Fulgencio Palavicini Loria fund\u00f3 el diario El Universal, el decano en la Ciudad de M\u00e9xico. El tabasque\u00f1o tuvo larga trayectoria en la historia, destacando su actuaci\u00f3n como Diputado Constituyente.<\/p>\n\n\n\n<p class=\"wp-block-paragraph\">Diario de M\u00e9xico fue un diario impreso en una hoja que era doblada para tener cuatro p\u00e1ginas, cada una de 14 por 20 cent\u00edmetros. Si era necesario se imprim\u00eda \u201cun anexo\u201d de una o dos p\u00e1ginas. En las tres primeras aparec\u00edan noticias de religi\u00f3n, cient\u00edficas, culturales y anuncios, en la \u00faltima plana, tales como venta de esclavos y alquiler de criados.<\/p>\n\n\n\n<p class=\"wp-block-paragraph\">&nbsp;Bustamante estaba consciente de las circunstancias. La \u00e9poca casi final de la Nueva Espa\u00f1a. La Invasi\u00f3n Napole\u00f3nica en Espa\u00f1a. Los escarceos del Movimiento de Independencia en M\u00e9xico.&nbsp; La publicaci\u00f3n tuvo entre sus colaboradores al ilustre Jos\u00e9 Joaqu\u00edn Fern\u00e1ndez de Lizardi.<\/p>\n\n\n\n<p class=\"wp-block-paragraph\">La libertad de imprenta estaba limitada y el editor del diario, Jos\u00e9 Ruiz Costa, fue separado y perseguido por escribir en contra de la pol\u00edtica virreinal. El Diario de M\u00e9xico dej\u00f3 de circular el 20 de diciembre de 1812.<\/p>\n\n\n\n<p class=\"wp-block-paragraph\">Palavicini Loria, ingeniero, escritor, periodista, diplom\u00e1tico y pol\u00edtico, antes de iniciarse el Congreso Constituyente de 1917, dio vida a El Universal, que en 1921 adoptar\u00eda el lema de \u201cEl Gran Diario Independiente de M\u00e9xico.<\/p>\n\n\n\n<p class=\"wp-block-paragraph\">La fundaci\u00f3n ocurri\u00f3, el 1 de octubre de 1916, en la ciudad de Quer\u00e9taro y en la Ciudad de M\u00e9xico apareci\u00f3 el vespertino \u201cEl Universal Gr\u00e1fico\u201d, el 1 de febrero de 1922.<\/p>\n\n\n\n<p class=\"wp-block-paragraph\">A partir de ese a\u00f1o, El Universal y el vespertino ocuparon para oficinas, redacci\u00f3n y talleres el edificio de Bucarel\u00ed 8, frente a lo que fue la Glorieta de El Caballito, en Paseo de la Reforma, Avenida Ju\u00e1rez, Rosales y Bucarel\u00ed. Ah\u00ed comenz\u00f3 el licenciado Miguel Lanz Duret su trayectoria como director general hasta 1940.<\/p>\n\n\n\n<p class=\"wp-block-paragraph\">Entre 1959 y 1968 la direcci\u00f3n estuvo a cargo de do\u00f1a Francisca Dolores Vald\u00e9s de Lanz Duret y desde el 23 de octubre de 1969 a la fecha el n\u00famero uno es el licenciado Juan Francisco Ealy Ortiz. Adem\u00e1s de ser uno de \u201clos grandes\u201d en el diarismo mexicano, el diario promovi\u00f3 desde 1926 los concursos de oratoria con la participaci\u00f3n de estudiantes preparatorianos, universitarios y normalistas.<\/p>\n\n\n\n<p class=\"wp-block-paragraph\">El regiomontano, licenciado Guillermo Tardiff Blanco, plasm\u00f3 gran parte de la historia de esos eventos, en una edici\u00f3n de 1961, titulada \u201cEl Verbo de la Juventud Mexicana a trav\u00e9s de los Concursos de Oratoria de El Universal\u201d.<\/p>\n\n\n\n<p class=\"wp-block-paragraph\">Perm\u00edtaseme reproducir un p\u00e1rrafo de la p\u00e1gina 546, de ese libro:<\/p>\n\n\n\n<p class=\"wp-block-paragraph\">\u201cEn seguida abord\u00f3 la tribuna Jorge Herrera Valenzuela, que con buena voz y presencia trat\u00f3 el tema \u201cLa Juventud y su Ideolog\u00eda\u201d. Domin\u00f3 al auditorio no sin las naturales interrupciones con que la gracia estudiantil subrayaba algunos p\u00e1rrafos\u201d. Qued\u00e9 en tercer lugar.<\/p>\n\n\n\n<p class=\"wp-block-paragraph\">Fue el concurso en Auditorio Sim\u00f3n Bol\u00edvar, anexo al edificio de las oficinas de Rector\u00eda, en Justo Sierra 16. Los participantes \u00e9ramos alumnos de la insigne Escuela Nacional Preparatoria 1. A\u00f1o 1955.<\/p>\n\n\n\n<p class=\"wp-block-paragraph\">&nbsp;\u00bfRecuerdas mi querido Enrique Mendoza Morales? Fuiste segundo y Miguel Rojas Est\u00e9vez, triunfador.<\/p>\n\n\n\n<p class=\"wp-block-paragraph\"><strong>DRAMATURGO UNIVERSAL<\/strong><\/p>\n\n\n\n<p class=\"wp-block-paragraph\">Vida dif\u00edcil la de un extraordinario escritor originario de Taxco, en el hoy Estado de Guerrero, enfrent\u00f3 a quienes, por envidia, lo satirizaban por tener, de nacimiento, joroba. Se impuso y alcanz\u00f3 el reconocimiento internacional, vigente hasta nuestros d\u00edas.<\/p>\n\n\n\n<p class=\"wp-block-paragraph\">Juan Ruiz de Alarc\u00f3n y Mendoza, hijo del minero Pedro Ruiz de Alarc\u00f3n y de la millonaria espa\u00f1ola Leonor de Mendoza, despu\u00e9s iniciar sus estudios con los jesuitas del Colegio de San Pedro y San Pablo, ingres\u00f3 a la Real y Pontifica Universidad de M\u00e9xico. March\u00f3 a Espa\u00f1a, cortando, moment\u00e1neamente, sus aspiraciones para ser Licenciado en Derecho.<\/p>\n\n\n\n<p class=\"wp-block-paragraph\">Radic\u00f3 en Salamanca y como estudiante ejerci\u00f3 a nivel de litigante, pasando penurias econ\u00f3micas sobrevivi\u00f3 con el apoyo de un familiar. Naci\u00f3 el 2 de octubre de 1581 y a los 25 a\u00f1os regres\u00f3 a la Nueva Espa\u00f1a para continuar en la Real y Pontificia, logrando en 1609 titularse y durante cuatro a\u00f1os litig\u00f3 y para entonces ya hab\u00eda escrito varias comedias.<\/p>\n\n\n\n<p class=\"wp-block-paragraph\">&nbsp;En 1613 retorn\u00f3 a Espa\u00f1a, para no volver a su Patria. Tuvo relaciones amorosas con \u00c1ngela o Ana Cervantes y procrearon una hija, a la que bautizaron con el nombre de Lorenza, en 1617. Su obra literaria comienza en el a\u00f1o 1618, no sin tener muchos tropiezos, inclusive no aprob\u00f3 para ser profesor universitario.<\/p>\n\n\n\n<p class=\"wp-block-paragraph\">Un amigo intercedi\u00f3, ante el rey Felipe VI, para fuera miembro del Real y Supremo Consejo de Indias, superando carencias y tener una vida m\u00e1s holgada. De sus comedias, la de mayor \u00e9xito es La Verdad Sospechosa,<\/p>\n\n\n\n<p class=\"wp-block-paragraph\">Conoci\u00f3 y trat\u00f3 a Miguel de Cervantes Saavedra, quien influir\u00eda en \u00e9l, al escribir \u201cLa Cueva de Salamanca\u201d y \u201cEl Semejante a s\u00ed mismo\u201d. Un \u00e9xito moderado alcanz\u00f3 al representarse teatralmente \u201cLas Paredes Oyen\u201d y \u201cLos Pechos Privilegiados\u201d.<\/p>\n\n\n\n<p class=\"wp-block-paragraph\">Despert\u00f3 tantas envidias en los c\u00edrculos literarios madrile\u00f1os, que soport\u00f3 la enemistad que le tuvieron Lope de Vega, Luis V\u00e9lez de Guevara, Francisco de Quevedo, Luis de G\u00f3ngora y Tirso de Molina. Los tres \u00faltimos se burlaban de Juan Ruiz de Alarc\u00f3n por su defecto f\u00edsico, ser jorobado.<\/p>\n\n\n\n<p class=\"wp-block-paragraph\">El 4 de agosto de 1639 dej\u00f3 de existir, v\u00edctima de una enfermedad. Sus restos quedaron en una tumba del pante\u00f3n de San Sebasti\u00e1n, en tierras espa\u00f1olas.<\/p>\n\n\n\n<p class=\"wp-block-paragraph\"><strong>LA SEP, DE M\u00c1S A MENOS<\/strong><\/p>\n\n\n\n<p class=\"wp-block-paragraph\">El pasado jueves 3 de octubre se cumplieron 103 a\u00f1os de la instalaci\u00f3n de la Secretar\u00eda de Educaci\u00f3n P\u00fablica, sustituyendo a la Secretar\u00eda de Instrucci\u00f3n P\u00fablica, cuyo primer titular fue el Maestro de Am\u00e9rica, don Justo Sierra M\u00e9ndez, impulsor de la reapertura de la Universidad Nacional de M\u00e9xico y entre los cinco restantes secretarios estuvo el oaxaque\u00f1o Jos\u00e9 Vasconcelos Calder\u00f3n, a la postre, primer Secretario de Educaci\u00f3n P\u00fablica.<\/p>\n\n\n\n<p class=\"wp-block-paragraph\">Sin olvidar a los personajes que estuvieron al frente de Instrucci\u00f3n P\u00fablica, los que han ocupado el despacho principal de la SEP, tambi\u00e9n est\u00e1n considerados como ciudadanos de renombre en el campo educativo como Jaime Torres Bodet en los gobiernos de los presidentes Manuel \u00c1vila Camacho y Adolfo L\u00f3pez Mateos.<\/p>\n\n\n\n<p class=\"wp-block-paragraph\">Con el general L\u00e1zaro C\u00e1rdenas: Narciso Bassols Garc\u00eda, Ignacio Garc\u00eda T\u00e9llez y Gonzalo V\u00e1zquez Vela. M\u00e1s adelante Agust\u00edn Y\u00e1\u00f1ez Delgadillo, Jes\u00fas Reyes Heroles, Fernando Solana Morales (dos veces), Emilio Chuayffet Chemor y Alonso Lujambio Iraz\u00e1bal.<\/p>\n\n\n\n<p class=\"wp-block-paragraph\">Tambi\u00e9n pol\u00edticos como los pol\u00e9micos Manuel Bartlett D\u00edaz, Porfirio Mu\u00f1oz Ledo y Ernesto Zedillo Ponce de Le\u00f3n. El actual embajador en Estados Unidos, Esteban Moctezuma Barrag\u00e1n.<\/p>\n\n\n\n<p class=\"wp-block-paragraph\">El tr\u00edo de mujeres: Josefina V\u00e1zquez Mota, corto lapso por las controversias con la entonces poderosa Elba Esther Gordillo Morales. Reci\u00e9n Delfina G\u00f3mez \u00c1lvarez, hoy gobernadora en el Estado de M\u00e9xico; y Leticia Ram\u00edrez Amaya, integrada al equipo de la presidenta Claudia Sheinbaum Pardo.<\/p>\n\n\n\n<p class=\"wp-block-paragraph\">As\u00ed es la historia. Las comparaciones son odiosas, pero tambi\u00e9n no puede desconocerse que del diez la SEP cay\u00f3 abajo del cinco. Reprobada hasta septiembre de 2024.<\/p>\n\n\n\n<p class=\"wp-block-paragraph\">jherrerav@live.com.mx<\/p>\n","protected":false},"excerpt":{"rendered":"<p>Las Mujeres En Acci\u00f3n Comunitaria Aparece el diario \u201cEl Universal\u201d, en 1916; Juan Ruiz de Alarc\u00f3n, Ilustre Taxque\u00f1o; Creaci\u00f3n de la Secretar\u00eda de Educaci\u00f3n Jorge Herrera Valenzuela Felicitaci\u00f3n y Abrazo Afectuoso Para Joaqu\u00edn L\u00f3pez D\u00f3riga, El Ticher, por sus 56 a\u00f1os de Exitosa Vida Period\u00edstica. Mario Alberto Santoscoy Estar\u00eda Orgulloso de Verlo Triunfar.&nbsp; SemM\u00e9xico, Cd. [&hellip;]<\/p>\n","protected":false},"author":3,"featured_media":7843,"comment_status":"open","ping_status":"open","sticky":false,"template":"","format":"standard","meta":{"_monsterinsights_skip_tracking":false,"footnotes":""},"categories":[94,110,35],"tags":[],"class_list":["post-87839","post","type-post","status-publish","format-standard","has-post-thumbnail","category-jorge-herrera-valenzuela","category-la-opinion-columnas","category-opinion"],"_links":{"self":[{"href":"https:\/\/redsemlac.com\/semmexico\/wp-json\/wp\/v2\/posts\/87839","targetHints":{"allow":["GET"]}}],"collection":[{"href":"https:\/\/redsemlac.com\/semmexico\/wp-json\/wp\/v2\/posts"}],"about":[{"href":"https:\/\/redsemlac.com\/semmexico\/wp-json\/wp\/v2\/types\/post"}],"author":[{"embeddable":true,"href":"https:\/\/redsemlac.com\/semmexico\/wp-json\/wp\/v2\/users\/3"}],"replies":[{"embeddable":true,"href":"https:\/\/redsemlac.com\/semmexico\/wp-json\/wp\/v2\/comments?post=87839"}],"version-history":[{"count":0,"href":"https:\/\/redsemlac.com\/semmexico\/wp-json\/wp\/v2\/posts\/87839\/revisions"}],"wp:featuredmedia":[{"embeddable":true,"href":"https:\/\/redsemlac.com\/semmexico\/wp-json\/wp\/v2\/media\/7843"}],"wp:attachment":[{"href":"https:\/\/redsemlac.com\/semmexico\/wp-json\/wp\/v2\/media?parent=87839"}],"wp:term":[{"taxonomy":"category","embeddable":true,"href":"https:\/\/redsemlac.com\/semmexico\/wp-json\/wp\/v2\/categories?post=87839"},{"taxonomy":"post_tag","embeddable":true,"href":"https:\/\/redsemlac.com\/semmexico\/wp-json\/wp\/v2\/tags?post=87839"}],"curies":[{"name":"wp","href":"https:\/\/api.w.org\/{rel}","templated":true}]}}