{"id":87743,"date":"2024-10-03T08:56:14","date_gmt":"2024-10-03T14:56:14","guid":{"rendered":"https:\/\/redsemlac.com\/semmexico\/?p=87743"},"modified":"2024-10-03T08:56:14","modified_gmt":"2024-10-03T14:56:14","slug":"mujeres-en-la-historia-seccion-fija-en-conferencias-matutinas-de-claudia-sheinbaum","status":"publish","type":"post","link":"https:\/\/redsemlac.com\/semmexico\/mujeres-en-la-historia-seccion-fija-en-conferencias-matutinas-de-claudia-sheinbaum\/","title":{"rendered":"Mujeres en la historia secci\u00f3n fija en conferencias matutinas de Claudia Sheinbaum"},"content":{"rendered":"\n<p class=\"wp-block-paragraph\">Nuevo estilo de informar en las \u201cma\u00f1aneras\u201d mantiene la esencia, Paulina Silva Rodr\u00edguez<\/p>\n\n\n\n<p class=\"wp-block-paragraph\">Elda Montiel&nbsp;<\/p>\n\n\n\n<p class=\"wp-block-paragraph\">SemM\u00e9xico. Ciudad de M\u00e9xico. 2 de octubre 2024.- \u201cAgradezco a la Presidenta electa Claudia Sheinbaum el honor de designarme como coordinadora de Comunicaci\u00f3n Social del Gobierno de M\u00e9xico. No llega sola, llegamos todas, nuestras abuelas, madres y futuras generaciones. Nos gu\u00eda la honestidad y la convicci\u00f3n de trabajar por un pa\u00eds mejor\u201d, escribi\u00f3 en su perfil Paulina Silva Rodr\u00edguez el pasado 30 de septiembre.&nbsp;<\/p>\n\n\n\n<p class=\"wp-block-paragraph\">La comunicadora egresada de la Universidad Nacional Aut\u00f3noma de M\u00e9xico&nbsp; y con maestr\u00eda en Imagen P\u00fablica fue la encargada de la estrategia de comunicaci\u00f3n de la presidenta desde la campa\u00f1a y ocupo el cargo similar a partir del 23 de agosto del 2022 cuando Claudia Sheinbaum era Jefa de gobierno de la Ciudad de M\u00e9xico.&nbsp;&nbsp;<\/p>\n\n\n\n<p class=\"wp-block-paragraph\">Anteriormente fue reportera y conductora de noticias en Capital 21; colaboradora en Noticias MVS Radio; reportera multimedia y conductora en Exc\u00e9lsior \u2013 Grupo Imagen. Adem\u00e1s, por dos a\u00f1os consecutivos fue consejera ciudadana en el Consejo Consultivo del Canal del Congreso de la Uni\u00f3n.<\/p>\n\n\n\n<p class=\"wp-block-paragraph\">Durante tres a\u00f1os fungi\u00f3 como&nbsp; Directora Ejecutiva de Prensa en la Coordinaci\u00f3n General de Comunicaci\u00f3n Ciudadana del Gobierno de la Ciudad de M\u00e9xico; anteriormente ocup\u00f3 el cargo de Directora de Prensa de la misma coordinaci\u00f3n.&nbsp;<\/p>\n\n\n\n<p class=\"wp-block-paragraph\">Durante la campa\u00f1a presidencial fue coordinadora de medios de comunicaci\u00f3n, y cre\u00f3 un equipo de j\u00f3venes conocidos como \u201cLa Palomilla\u201d que generaron productos de redes sociales de las actividades proselitistas de Sheinbaum, que permitieron a la entonces candidata tener una importante penetraci\u00f3n entre los j\u00f3venes.<\/p>\n\n\n\n<p class=\"wp-block-paragraph\">Durante el per\u00edodo de transici\u00f3n,<strong> <\/strong>Silva Rodr\u00edguez<strong> <\/strong>se mantuvo como una de las principales colaboradoras de la hoy presidenta de la Rep\u00fablica.<\/p>\n\n\n\n<p class=\"wp-block-paragraph\">En su cuenta de Facebook del 3 de junio agradec\u00eda a Claudia Sheinbaum pemitirle acompa\u00f1arla en este camino y hacer historia a su lado.<\/p>\n\n\n\n<p class=\"wp-block-paragraph\">Paulina Silva en su cuenta de twitter de hoy, 2 de octubre escribi\u00f3 \u201cHoy iniciamos con la primera conferencia \u201cma\u00f1anera\u201d estilos distintos, pero permanece la esencia, que es informar al pueblo de M\u00e9xico.&nbsp;<\/p>\n\n\n\n<p class=\"wp-block-paragraph\">Este 2 de octubre fue la primera conferencia matutina de Claudia Sheinbaum que estuvo dedicada al Movimiento Estudiantil de 1968. Y record\u00f3 la masacre en la Plaza de las Tres Culturas en Tlatelolco.&nbsp;<\/p>\n\n\n\n<p class=\"wp-block-paragraph\">Adem\u00e1s, mencion\u00f3 que su mam\u00e1, la Doctora Annie Pardo Cemo, particip\u00f3 como profesora apoyando a los estudiantes.<\/p>\n\n\n\n<p class=\"wp-block-paragraph\">Posteriormente, Sheinbaum Pardo present\u00f3 el nuevo formato que tendr\u00e1n las conferencias matutinas, que estar\u00e1n divididas en secciones de acuerdo con el d\u00eda de la semana:&nbsp;<\/p>\n\n\n\n<ul class=\"wp-block-list\">\n<li>Lunes de Vida Saludable: se abordar\u00e1n temas relacionados a la alimentaci\u00f3n y salud en M\u00e9xico.\u00a0<\/li>\n\n\n\n<li>Martes de Humanismo Mexicano y memoria hist\u00f3rica: Tratar\u00e1n efem\u00e9rides de la semana.\u00a0<\/li>\n\n\n\n<li>Mi\u00e9rcoles de Detector de mentiras: har\u00e1 una revisi\u00f3n de la informaci\u00f3n de los medios de comunicaci\u00f3n, donde tambi\u00e9n participar\u00e1 en pueblo.\u00a0<\/li>\n\n\n\n<li>Jueves de Mujeres en la historia: esta secci\u00f3n estar\u00e1 dedicada al reconocimiento de las mujeres en M\u00e9xico.\u00a0<\/li>\n\n\n\n<li>Viernes de Suave patria: estar\u00e1 destinado a la ciudadan\u00eda y momentos que \u201cnos hacen sentir orgullosos de ser mexicanos\u201d.\u00a0<\/li>\n<\/ul>\n","protected":false},"excerpt":{"rendered":"<p>Nuevo estilo de informar en las \u201cma\u00f1aneras\u201d mantiene la esencia, Paulina Silva Rodr\u00edguez Elda Montiel&nbsp; SemM\u00e9xico. Ciudad de M\u00e9xico. 2 de octubre 2024.- \u201cAgradezco a la Presidenta electa Claudia Sheinbaum el honor de designarme como coordinadora de Comunicaci\u00f3n Social del Gobierno de M\u00e9xico. No llega sola, llegamos todas, nuestras abuelas, madres y futuras generaciones. Nos [&hellip;]<\/p>\n","protected":false},"author":3,"featured_media":87744,"comment_status":"open","ping_status":"open","sticky":false,"template":"","format":"standard","meta":{"_monsterinsights_skip_tracking":false,"footnotes":""},"categories":[903],"tags":[],"class_list":["post-87743","post","type-post","status-publish","format-standard","has-post-thumbnail","category-presidenta-y-mas"],"_links":{"self":[{"href":"https:\/\/redsemlac.com\/semmexico\/wp-json\/wp\/v2\/posts\/87743","targetHints":{"allow":["GET"]}}],"collection":[{"href":"https:\/\/redsemlac.com\/semmexico\/wp-json\/wp\/v2\/posts"}],"about":[{"href":"https:\/\/redsemlac.com\/semmexico\/wp-json\/wp\/v2\/types\/post"}],"author":[{"embeddable":true,"href":"https:\/\/redsemlac.com\/semmexico\/wp-json\/wp\/v2\/users\/3"}],"replies":[{"embeddable":true,"href":"https:\/\/redsemlac.com\/semmexico\/wp-json\/wp\/v2\/comments?post=87743"}],"version-history":[{"count":0,"href":"https:\/\/redsemlac.com\/semmexico\/wp-json\/wp\/v2\/posts\/87743\/revisions"}],"wp:featuredmedia":[{"embeddable":true,"href":"https:\/\/redsemlac.com\/semmexico\/wp-json\/wp\/v2\/media\/87744"}],"wp:attachment":[{"href":"https:\/\/redsemlac.com\/semmexico\/wp-json\/wp\/v2\/media?parent=87743"}],"wp:term":[{"taxonomy":"category","embeddable":true,"href":"https:\/\/redsemlac.com\/semmexico\/wp-json\/wp\/v2\/categories?post=87743"},{"taxonomy":"post_tag","embeddable":true,"href":"https:\/\/redsemlac.com\/semmexico\/wp-json\/wp\/v2\/tags?post=87743"}],"curies":[{"name":"wp","href":"https:\/\/api.w.org\/{rel}","templated":true}]}}