{"id":87736,"date":"2024-10-03T08:47:55","date_gmt":"2024-10-03T14:47:55","guid":{"rendered":"https:\/\/redsemlac.com\/semmexico\/?p=87736"},"modified":"2024-10-03T08:49:50","modified_gmt":"2024-10-03T14:49:50","slug":"en-primera-persona-cambie-las-armas-por-el-boligrafo","status":"publish","type":"post","link":"https:\/\/redsemlac.com\/semmexico\/en-primera-persona-cambie-las-armas-por-el-boligrafo\/","title":{"rendered":"En primera persona: Cambi\u00e9 las armas por el bol\u00edgrafo"},"content":{"rendered":"\n<p class=\"wp-block-paragraph\">\u00a9 UNODC\/Laura Gil&nbsp;<\/p>\n\n\n\n<p class=\"wp-block-paragraph\">Cuando luchas por una causa noble, no importa si ganas o pierdes algo, porque lo que de verdad importa es la causa en s\u00ed.&nbsp;<\/p>\n\n\n\n<p class=\"wp-block-paragraph\">Suraida \u2018Sur\u2019 Amil , excombatiente ahora militante en las filas de la paz.<\/p>\n\n\n\n<p class=\"wp-block-paragraph\"><\/p>\n\n\n\n<p class=\"wp-block-paragraph\">SemM\u00e9xico, 3 octubre de 2024.-Una excombatiente que lucha por los derechos de su pueblo en la isla filipina de Mindanao cuenta c\u00f3mo ha cambiado el uniforme de combate y su vida en la selva por los&nbsp;<strong><em>jilbabs<\/em>&nbsp;y una comunidad rural pac\u00edfica.<\/strong><\/p>\n\n\n\n<p class=\"wp-block-paragraph\">Suraida \u00abSur\u00bb Amil se uni\u00f3 a la Brigada Femenina Auxiliar Isl\u00e1mica Bangsamoro (BIWAB) cuando ten\u00eda 18 a\u00f1os con el objetivo de lograr la autonom\u00eda de las regiones predominantemente musulmanas de Mindanao (Filipinas).<\/p>\n\n\n\n<p class=\"wp-block-paragraph\">Tras la firma de un acuerdo para poner fin a la insurrecci\u00f3n y proporcionar una mayor autonom\u00eda y autogobierno al pueblo de Bangsamoro, particip\u00f3 en un programa de reconciliaci\u00f3n apoyado por la Oficina de las Naciones Unidas contra la Droga y el Delito (<a href=\"http:\/\/www.unodc.org\/unodc\/es\/index.html\">UNODC<\/a>) para reintegrar y rehabilitar a excombatientes.<\/p>\n\n\n\n<p class=\"wp-block-paragraph\">\u00abSur\u00bb narr\u00f3 en primera persona su testimonio y lo comparti\u00f3 con Naciones Unidas y lo publicamos en un d\u00eda como hoy,&nbsp;<a href=\"https:\/\/www.un.org\/en\/observances\/non-violence-day\">D\u00eda Internacional de la No Violencia<\/a>, quiz\u00e1 por es m\u00e1s necesario que nunca.<\/p>\n\n\n\n<p class=\"wp-block-paragraph\">\u00ab<strong>Desde que crec\u00ed en Bangsamoro, vi lo dif\u00edcil que era la vida para mis padres<\/strong>. Se enfrentaron a distintas formas de discriminaci\u00f3n y fueron testigos de la brutalidad de la ley marcial, que dur\u00f3 nueve a\u00f1os, se declar\u00f3 en 1972 y afect\u00f3 profundamente a muchas comunidades de Mindanao, incluidas las poblaciones musulmanas.<\/p>\n\n\n\n<p class=\"wp-block-paragraph\">Mis padres tuvieron una vida dura, vivieron en la pobreza y no pudieron hacer realidad sus sue\u00f1os. Esto ha afectado mi vida y la de mis otros nueve hermanos. Ten\u00eda la esperanza de convertirme en maestra, pero nunca pude hacerlo porque no termin\u00e9 la escuela por falta de apoyo financiero.<\/p>\n\n\n\n<p class=\"wp-block-paragraph\"><strong>A los dieciocho a\u00f1os me di cuenta de que ten\u00eda que luchar por los derechos de nuestro pueblo<\/strong>, por nuestra autodeterminaci\u00f3n, no s\u00f3lo por mi generaci\u00f3n, sino tambi\u00e9n por las generaciones futuras.<\/p>\n\n\n\n<p class=\"wp-block-paragraph\">Un amigo m\u00edo era miembro de BIWAB y, en cuanto me enter\u00e9 de sus objetivos, me hizo pensar en el sufrimiento que hab\u00edan padecido mis padres y en lo que yo pod\u00eda hacer para mejorar la situaci\u00f3n de nuestra comunidad.<\/p>\n\n\n\n<p class=\"wp-block-paragraph\">Si me preguntan si elegir\u00eda la guerra o la paz, por supuesto que nunca elegir\u00eda la guerra antes que la paz, pero tuvimos que luchar por esa paz.<\/p>\n\n\n\n<p class=\"wp-block-paragraph\">Pas\u00e9 tiempo operando en la selva como combatiente.&nbsp;<strong>Era un entorno duro<\/strong>, vivir en las monta\u00f1as junto a animales salvajes sin las comodidades de un hogar.<\/p>\n\n\n\n<p class=\"wp-block-paragraph\">Pero las mujeres son muy fuertes; tienen la capacidad de convertirse en combatientes y, al mismo tiempo, ser proveedoras de sus familias.<\/p>\n\n\n\n<figure class=\"wp-block-image\"><img decoding=\"async\" src=\"https:\/\/lh7-rt.googleusercontent.com\/docsz\/AD_4nXeGz6pIFlVGraU1cuUp5fTOJU3jMgzYIkJIzPjQOlk937zQnU9deFDDuRqtX3cZJ5tmkpRPTHffZnjsr--WILhyemi8FNkpfIJzmhGBLC4dSly26LFwGF0W273xt9S9TH421OYT9hqQj5JvVVXG3KCtBMU_irZUQs29Uxuw4lVGmBmBIuFasA?key=OJjc6-nUWY1QIH6f3ekZCA\" alt=\"La ciudad de Marawi, en Mindanao, fue atacada por militantes islamistas en 2017.\"\/><\/figure>\n\n\n\n<p class=\"wp-block-paragraph\">\u00a9 UNODC\/Laura Gil<\/p>\n\n\n\n<p class=\"wp-block-paragraph\"><strong>Velos y vestidos largos por uniformes militares<\/strong><\/p>\n\n\n\n<p class=\"wp-block-paragraph\">En 2014 se firm\u00f3 el acuerdo de paz para Bangsamoro (el Acuerdo de Bangsamoro, CAB por sus siglas en ingl\u00e9s) y as\u00ed,&nbsp;<strong>poco a poco, nos vamos transformando en civiles<\/strong>. He cambiado las botas de combate por el pintalabios, llevo bol\u00edgrafos para escribir en lugar de una pistola para disparar, llevo un&nbsp;<em>jilbab&nbsp;<\/em>(velo y vestido largo t\u00edpico musulm\u00e1n) y no un uniforme militar y he salido de la selva para volver a mi comunidad.<\/p>\n\n\n\n<p class=\"wp-block-paragraph\">Me he convertido en facilitadora de paz y trabajo con la gente de mi zona en temas como la violencia de g\u00e9nero y c\u00f3mo prevenir el extremismo violento.<\/p>\n\n\n\n<p class=\"wp-block-paragraph\"><strong>El Islam nos ense\u00f1a a ser amables los unos con los otros y a no hacer da\u00f1o a otros seres humanos<\/strong>. Hay un dicho en el Islam que dice que si salvamos una vida, es como si hubi\u00e9ramos salvado a la humanidad.<\/p>\n\n\n\n<p class=\"wp-block-paragraph\">Valoro y estoy orgullosa de mi papel como defensora de la paz en mi comunidad.<\/p>\n\n\n\n<p class=\"wp-block-paragraph\">En el taller sobre formas modernas de comunicaci\u00f3n en el que particip\u00e9 aprend\u00ed a promover la concienciaci\u00f3n y la prevenci\u00f3n del extremismo violento en las redes sociales.<\/p>\n\n\n\n<p class=\"wp-block-paragraph\">Ahora vivo una vida de paz, pero mi mensaje a mi hija peque\u00f1a siempre ha sido que debe luchar siempre por sus derechos.<\/p>\n\n\n\n<p class=\"wp-block-paragraph\">Cuando luchas por una causa noble, no importa si ganas o pierdes algo, porque lo que de verdad importa es la causa en s\u00ed\u00bb.<\/p>\n\n\n\n<p class=\"wp-block-paragraph\"><\/p>\n","protected":false},"excerpt":{"rendered":"<p>\u00a9 UNODC\/Laura Gil&nbsp; Cuando luchas por una causa noble, no importa si ganas o pierdes algo, porque lo que de verdad importa es la causa en s\u00ed.&nbsp; Suraida \u2018Sur\u2019 Amil , excombatiente ahora militante en las filas de la paz. SemM\u00e9xico, 3 octubre de 2024.-Una excombatiente que lucha por los derechos de su pueblo en [&hellip;]<\/p>\n","protected":false},"author":3,"featured_media":87737,"comment_status":"open","ping_status":"open","sticky":false,"template":"","format":"standard","meta":{"_monsterinsights_skip_tracking":false,"footnotes":""},"categories":[694,63],"tags":[],"class_list":["post-87736","post","type-post","status-publish","format-standard","has-post-thumbnail","category-destacadas","category-reportajes"],"_links":{"self":[{"href":"https:\/\/redsemlac.com\/semmexico\/wp-json\/wp\/v2\/posts\/87736","targetHints":{"allow":["GET"]}}],"collection":[{"href":"https:\/\/redsemlac.com\/semmexico\/wp-json\/wp\/v2\/posts"}],"about":[{"href":"https:\/\/redsemlac.com\/semmexico\/wp-json\/wp\/v2\/types\/post"}],"author":[{"embeddable":true,"href":"https:\/\/redsemlac.com\/semmexico\/wp-json\/wp\/v2\/users\/3"}],"replies":[{"embeddable":true,"href":"https:\/\/redsemlac.com\/semmexico\/wp-json\/wp\/v2\/comments?post=87736"}],"version-history":[{"count":0,"href":"https:\/\/redsemlac.com\/semmexico\/wp-json\/wp\/v2\/posts\/87736\/revisions"}],"wp:featuredmedia":[{"embeddable":true,"href":"https:\/\/redsemlac.com\/semmexico\/wp-json\/wp\/v2\/media\/87737"}],"wp:attachment":[{"href":"https:\/\/redsemlac.com\/semmexico\/wp-json\/wp\/v2\/media?parent=87736"}],"wp:term":[{"taxonomy":"category","embeddable":true,"href":"https:\/\/redsemlac.com\/semmexico\/wp-json\/wp\/v2\/categories?post=87736"},{"taxonomy":"post_tag","embeddable":true,"href":"https:\/\/redsemlac.com\/semmexico\/wp-json\/wp\/v2\/tags?post=87736"}],"curies":[{"name":"wp","href":"https:\/\/api.w.org\/{rel}","templated":true}]}}