{"id":87669,"date":"2024-10-02T11:04:10","date_gmt":"2024-10-02T17:04:10","guid":{"rendered":"https:\/\/redsemlac.com\/semmexico\/?p=87669"},"modified":"2024-10-02T12:30:52","modified_gmt":"2024-10-02T18:30:52","slug":"bienvenida-presidenta","status":"publish","type":"post","link":"https:\/\/redsemlac.com\/semmexico\/bienvenida-presidenta\/","title":{"rendered":"Bienvenida, presidenta"},"content":{"rendered":"\n<p class=\"wp-block-paragraph\">\u00a0Elizabeth P\u00e9rez-Castro<\/p>\n\n\n\n<p class=\"wp-block-paragraph\">SemM\u00e9xico, Oaxaca de Ju\u00e1rez, 2 de octubre, 2024.- Cuando en 1953 las mexicanas obtuvieron el derecho al voto, la idea de que una mujer se convirtiera en presidenta del pa\u00eds era -probablemente- m\u00e1s un sue\u00f1o que una posibilidad. Desde entonces, tuvieron que pasar 74 a\u00f1os para que M\u00e9xico eligiera a la primera mujer que tendr\u00e1 la titularidad del poder ejecutivo.&nbsp;&nbsp;<\/p>\n\n\n\n<p class=\"wp-block-paragraph\">Seguramente Claudia Sheinbaum Pardo sabe que, aunque Andr\u00e9s la haya propuesto, el espacio que hoy posee se debe a las luchas por la democracia y por los derechos humanos y pol\u00edtico electorales que han atravesado el pa\u00eds.&nbsp;&nbsp;<\/p>\n\n\n\n<p class=\"wp-block-paragraph\">La presidenta recibe un M\u00e9xico convulso, cansado y violentado, los datos hablan por s\u00ed mismos y la realidad no puede ocultarse; caminar\u00e1 sobre el pa\u00eds de las m\u00e1s de 100 mil personas desaparecidas y los m\u00e1s de 72 mil cuerpos sin identificar. Recorrer\u00e1 el territorio de las masacres y los enfrentamientos entre los grupos del crimen organizado a quienes la estrategia de \u201cabrazos, no balazos\u201d no logr\u00f3 pacificar, enfrentar\u00e1 los casi 200,000 homicidios del sexenio de L\u00f3pez Obrador, y el dolor de los padres y madres de los 43 normalistas de Ayotzinapa acaecidos hace 10 a\u00f1os a quienes AMLO prometi\u00f3 justicia que no han visto llegar.&nbsp;<\/p>\n\n\n\n<p class=\"wp-block-paragraph\">A Claudia le heredan un pa\u00eds donde los \u00f3rganos garantes de la democracia- la verdadera democracia, no esa que MORENA reduce a votar peri\u00f3dicamente- se encuentran contra el muro esperando su ca\u00edda en manos del fanatismo y el desprop\u00f3sito. En sus manos se encuentra un M\u00e9xico donde la deuda p\u00fablica alcanzar\u00e1 el 49.7% del PIB, y 10 de los principales fideicomisos cuentan con 45% menos recursos de los recibidos por Andr\u00e9s Manuel de Enrique Pe\u00f1a.&nbsp;<\/p>\n\n\n\n<p class=\"wp-block-paragraph\">Todo esto lo enfrentar\u00e1 acompa\u00f1ada por un gabinete en el cual 9 de 19 integrantes son herencia de su antecesor; mientras personajes como Monreal, Ernestina Godoy, Ad\u00e1n Augusto y Garc\u00eda Harfuch se pasean en los corredores del poder.&nbsp;&nbsp;<\/p>\n\n\n\n<p class=\"wp-block-paragraph\">El M\u00e9xico que L\u00f3pez Obrador entrega a Sheinbaum Pardo es un pa\u00eds inseguro, pobre, acaecido en el abandono de las fuerzas de seguridad, convulso. El reto es grande y el escrutinio ser\u00e1 agresivo y contundente. En sus manos est\u00e1 el futuro de una naci\u00f3n que vot\u00f3 por un cambio y la promesa de un mejor ma\u00f1ana que no ha logrado materializarse.&nbsp;&nbsp;<\/p>\n\n\n\n<p class=\"wp-block-paragraph\">Si Claudia se convierte en una extensi\u00f3n de Andr\u00e9s Manuel, quienes dudamos no nos habremos equivocado al decir que su periodo ser\u00e1 solo la continuaci\u00f3n del poder de qui\u00e9n gobernar\u00e1 desde La Chingada; pero si logra romper con el obradorismo e instala su propia visi\u00f3n de pa\u00eds, nos sentiremos agradecidas y reconoceremos su fuerza, astucia y voluntad.&nbsp;<\/p>\n\n\n\n<p class=\"wp-block-paragraph\">Ser la primera de muchas es un compromiso con la historia, esperemos que Claudia est\u00e9 a la altura y logre materializar lo que durante a\u00f1os hemos exigido, un pa\u00eds libre, democr\u00e1tico, seguro, justo, un pa\u00eds donde las causas de todas y todos sean escuchadas y la perspectiva de g\u00e9nero deje de ser discurso y se convierta en realidad. Donde la presidencia se convierta en un poder independiente y deje de lado el nepotismo y la corrupci\u00f3n que hasta ahora solo ha cambiado de manos.&nbsp;<\/p>\n\n\n\n<p class=\"wp-block-paragraph\">Demos la bienvenida a la presidenta, ser\u00e1n seis a\u00f1os interesantes, con buena suerte al final de su sexenio tendremos un mejor pa\u00eds, con mala suerte\u2026 nos tocar\u00e1 levantarnos, como siempre lo hemos hecho; porque M\u00e9xico siempre sobrevive, a pesar de nuestros pol\u00edticos, a pesar de los Yunes que viven en los partidos.&nbsp;<\/p>\n\n\n\n<p class=\"wp-block-paragraph\">El 01 de octubre de 2024 pasar\u00e1 a formar parte de la historia del pa\u00eds y las luchas feministas de millones de mexicanas que con su activismo y participaci\u00f3n abrieron brecha para que hoy podamos decir \u00a1Felicidades, M\u00e9xico!&nbsp; \u00a1Por fin tienes una presidenta!<\/p>\n\n\n\n<p class=\"wp-block-paragraph\"><\/p>\n\n\n\n<p class=\"wp-block-paragraph\">-Elizabeth P\u00e9rez Castro estudi\u00f3 la maestr\u00eda en pol\u00edticas p\u00fablicas. Se desempe\u00f1a como consultora en monitoreo y evaluaci\u00f3n de proyectos de cooperaci\u00f3n internacional en materia de acceso a la justicia. Es articulista y ha realizado investigaciones en materia de participaci\u00f3n pol\u00edtica de las mujeres en Oaxaca y violencias.<br><\/p>\n\n\n\n<p class=\"wp-block-paragraph\"><\/p>\n","protected":false},"excerpt":{"rendered":"<p>\u00a0Elizabeth P\u00e9rez-Castro SemM\u00e9xico, Oaxaca de Ju\u00e1rez, 2 de octubre, 2024.- Cuando en 1953 las mexicanas obtuvieron el derecho al voto, la idea de que una mujer se convirtiera en presidenta del pa\u00eds era -probablemente- m\u00e1s un sue\u00f1o que una posibilidad. Desde entonces, tuvieron que pasar 74 a\u00f1os para que M\u00e9xico eligiera a la primera mujer [&hellip;]<\/p>\n","protected":false},"author":3,"featured_media":87670,"comment_status":"open","ping_status":"open","sticky":false,"template":"","format":"standard","meta":{"_monsterinsights_skip_tracking":false,"footnotes":""},"categories":[694,903],"tags":[],"class_list":["post-87669","post","type-post","status-publish","format-standard","has-post-thumbnail","category-destacadas","category-presidenta-y-mas"],"_links":{"self":[{"href":"https:\/\/redsemlac.com\/semmexico\/wp-json\/wp\/v2\/posts\/87669","targetHints":{"allow":["GET"]}}],"collection":[{"href":"https:\/\/redsemlac.com\/semmexico\/wp-json\/wp\/v2\/posts"}],"about":[{"href":"https:\/\/redsemlac.com\/semmexico\/wp-json\/wp\/v2\/types\/post"}],"author":[{"embeddable":true,"href":"https:\/\/redsemlac.com\/semmexico\/wp-json\/wp\/v2\/users\/3"}],"replies":[{"embeddable":true,"href":"https:\/\/redsemlac.com\/semmexico\/wp-json\/wp\/v2\/comments?post=87669"}],"version-history":[{"count":0,"href":"https:\/\/redsemlac.com\/semmexico\/wp-json\/wp\/v2\/posts\/87669\/revisions"}],"wp:featuredmedia":[{"embeddable":true,"href":"https:\/\/redsemlac.com\/semmexico\/wp-json\/wp\/v2\/media\/87670"}],"wp:attachment":[{"href":"https:\/\/redsemlac.com\/semmexico\/wp-json\/wp\/v2\/media?parent=87669"}],"wp:term":[{"taxonomy":"category","embeddable":true,"href":"https:\/\/redsemlac.com\/semmexico\/wp-json\/wp\/v2\/categories?post=87669"},{"taxonomy":"post_tag","embeddable":true,"href":"https:\/\/redsemlac.com\/semmexico\/wp-json\/wp\/v2\/tags?post=87669"}],"curies":[{"name":"wp","href":"https:\/\/api.w.org\/{rel}","templated":true}]}}