{"id":8760,"date":"2019-06-17T17:34:48","date_gmt":"2019-06-17T17:34:48","guid":{"rendered":"https:\/\/redsemlac.com\/semmexico\/?p=8760"},"modified":"2023-07-21T14:49:12","modified_gmt":"2023-07-21T19:49:12","slug":"la-fortaleza-de-la-madre-de-norberto","status":"publish","type":"post","link":"https:\/\/redsemlac.com\/semmexico\/la-fortaleza-de-la-madre-de-norberto\/","title":{"rendered":"La Fortaleza de la Madre de Norberto"},"content":{"rendered":"\n<p class=\"wp-block-paragraph\"><strong><em>Mas que justicia pide que no vuelva a pasar.<\/em><\/strong><\/p>\n\n\n\n<p class=\"wp-block-paragraph\"><strong>Natalia Vidales Rodr\u00edguez<\/strong><\/p>\n\n\n\n<p class=\"wp-block-paragraph\">SemM\u00e9xico, 17 junio 2019.- Duele cuando una persona joven fallece. Y\nmucho m\u00e1s fuerte es el sentimiento al saber que su muerte no fue por causas\nnaturales sino por manos asesinas que, de tajo, le arrebataron la vida.<\/p>\n\n\n\n<p class=\"wp-block-paragraph\">En esta ocasi\u00f3n, el luto es por el joven Norberto Ronquillo,\nestudiante de la <em>Universidad del Pedregal<\/em>\na quien, en la ciudad de M\u00e9xico, se trat\u00f3 de secuestrar el\u2026 con resultados\ninfructuosos para los delincuentes. Y fatales para Norberto.<\/p>\n\n\n\n<p class=\"wp-block-paragraph\">No conoc\u00edamos a este joven -a quien sus compa\u00f1eros lo describen como\nsano, alegre y amiguero y el rector de la universidad\u2026 como un \u00a8estudiante\nejemplar\u00a8-, pero, por la fortaleza y calidad humana mostrada por su madre\napenas un par de d\u00edas de ser encontrado su hijo sin vida, podemos imaginar que\nel joven era una persona educada, de nobles sentimientos y fortalezas.<\/p>\n\n\n\n<p class=\"wp-block-paragraph\">Mas que justicia, su madre, Norelia, pide a las autoridades que esto\nno vuelva a pasar. \u00a8No quiero ver a otra madre como Norelia, yo no quiero que\nnadie, nadie en el mundo vuelva a pasar este sufrimiento\u00a8, dijo al enfrentarse\na la prensa.<\/p>\n\n\n\n<p class=\"wp-block-paragraph\">Y env\u00eda un mensaje a la sociedad: \u201cNo podemos dejarle al gobierno\ntodo, tambi\u00e9n como ciudad, como ciudadanos, como padres cada quien de nuestra\nparte tenemos que hacer lo propio. Ayer fui a expresar con la jefa de Gobierno,\ncon la Procuradora, fui a alzar la voz por todas las Norelia\u2019s, por todos los\nNorberto\u2019s, lo que pas\u00f3 ayer y lo que pas\u00f3 atr\u00e1s que, si hubo gobiernos que no\nhan hecho nada que si el otro gobierno tampoco, eso ya no importa\u201d.<\/p>\n\n\n\n<p class=\"wp-block-paragraph\">Sin duda su actitud y fortaleza son impresionantes. Todos podemos\nimaginar el inmenso dolor que causa la muerte de un familiar querido \u2013no\ndigamos ya de un hijo-, como para presentarse ante el micr\u00f3fono buscando que la\nmuerte de su hijo no sea en vano. <\/p>\n\n\n\n<p class=\"wp-block-paragraph\">Que gran lecci\u00f3n de amor, de compasi\u00f3n, de empat\u00eda, de sensibilidad es\nel que nos brinda a todos los mexicanos esta madre, con todo y su inmenso\ndolor.<\/p>\n\n\n\n<p class=\"wp-block-paragraph\">En lo personal, hace ya casi treinta a\u00f1os en nuestra familia fuimos\ntestigos del dolor indescriptible de nuestra madre al perder \u2013tambi\u00e9n en\nsituaci\u00f3n dram\u00e1tica similar al del caso de Norberto- &nbsp;a su amado hijo. Ella nunca se repuso del todo\ny dur\u00f3 muchos a\u00f1os sin siquiera levantar cabeza. Por ello entendemos la situaci\u00f3n\nde la madre de Norberto y lloramos hoy con ella, asombr\u00e1ndonos por su grandeza de\nesp\u00edritu y por su amor a sus semejantes.<\/p>\n\n\n\n<p class=\"wp-block-paragraph\">Siempre hemos comentado que nadie desea una tragedia en sus vidas pero\nque cuando llega hay dos maneras de actuar: cayendo en la depresi\u00f3n, amargura,\ndevastaci\u00f3n, &nbsp;enojo con la vida, etc.&nbsp; \u00f2 saliendo adelante con una actitud\npropositiva, tomando la tragedia para crecer en lo personal y como motivaci\u00f3n\npara procurar un mundo mejor, una mejor sociedad\u2026. como lo est\u00e1 haciendo hoy esta\nabatida y ejemplar madre, Norelia.<\/p>\n\n\n\n<p class=\"wp-block-paragraph\">Descanse en Paz Norberto Ronquillo y sus padres reciban la solidaridad\ny el cari\u00f1o de millones de mexicanos quienes sin conocer a su hijo tambi\u00e9n\nsufrimos hoy por \u00e9l.<\/p>\n","protected":false},"excerpt":{"rendered":"<p>Mas que justicia pide que no vuelva a pasar. Natalia Vidales Rodr\u00edguez SemM\u00e9xico, 17 junio 2019.- Duele cuando una persona joven fallece. Y mucho m\u00e1s fuerte es el sentimiento al saber que su muerte no fue por causas naturales sino por manos asesinas que, de tajo, le arrebataron la vida. En esta ocasi\u00f3n, el luto [&hellip;]<\/p>\n","protected":false},"author":3,"featured_media":8761,"comment_status":"open","ping_status":"open","sticky":false,"template":"","format":"standard","meta":{"_monsterinsights_skip_tracking":false,"footnotes":""},"categories":[690,100,72],"tags":[],"class_list":["post-8760","post","type-post","status-publish","format-standard","has-post-thumbnail","category-690","category-mujer-y-poder","category-natalia-vidales"],"_links":{"self":[{"href":"https:\/\/redsemlac.com\/semmexico\/wp-json\/wp\/v2\/posts\/8760","targetHints":{"allow":["GET"]}}],"collection":[{"href":"https:\/\/redsemlac.com\/semmexico\/wp-json\/wp\/v2\/posts"}],"about":[{"href":"https:\/\/redsemlac.com\/semmexico\/wp-json\/wp\/v2\/types\/post"}],"author":[{"embeddable":true,"href":"https:\/\/redsemlac.com\/semmexico\/wp-json\/wp\/v2\/users\/3"}],"replies":[{"embeddable":true,"href":"https:\/\/redsemlac.com\/semmexico\/wp-json\/wp\/v2\/comments?post=8760"}],"version-history":[{"count":0,"href":"https:\/\/redsemlac.com\/semmexico\/wp-json\/wp\/v2\/posts\/8760\/revisions"}],"wp:featuredmedia":[{"embeddable":true,"href":"https:\/\/redsemlac.com\/semmexico\/wp-json\/wp\/v2\/media\/8761"}],"wp:attachment":[{"href":"https:\/\/redsemlac.com\/semmexico\/wp-json\/wp\/v2\/media?parent=8760"}],"wp:term":[{"taxonomy":"category","embeddable":true,"href":"https:\/\/redsemlac.com\/semmexico\/wp-json\/wp\/v2\/categories?post=8760"},{"taxonomy":"post_tag","embeddable":true,"href":"https:\/\/redsemlac.com\/semmexico\/wp-json\/wp\/v2\/tags?post=8760"}],"curies":[{"name":"wp","href":"https:\/\/api.w.org\/{rel}","templated":true}]}}