{"id":87592,"date":"2024-09-29T17:57:04","date_gmt":"2024-09-29T23:57:04","guid":{"rendered":"https:\/\/redsemlac.com\/semmexico\/?p=87592"},"modified":"2024-09-29T17:57:06","modified_gmt":"2024-09-29T23:57:06","slug":"paridad-de-genero-reto-persistente","status":"publish","type":"post","link":"https:\/\/redsemlac.com\/semmexico\/paridad-de-genero-reto-persistente\/","title":{"rendered":"Paridad de g\u00e9nero, reto persistente"},"content":{"rendered":"\n<ul class=\"wp-block-list\">\n<li>La violencia pol\u00edtica contra las mujeres una constante<\/li>\n\n\n\n<li>Debemos acostumbrarnos a ver a una mujer en la presidencia<\/li>\n<\/ul>\n\n\n\n<p class=\"wp-block-paragraph\">Patricia Brise\u00f1o&nbsp;<\/p>\n\n\n\n<p class=\"wp-block-paragraph\">SemM\u00e9xico, Oaxaca, 29 de septiembre, 2024.- &nbsp;A pesar de los avances en materia de paridad en los espacios de gobierno, que se materializan incluso con la llegada de una mujer a la Presidencia de M\u00e9xico, la Violencia Pol\u00edtica contra las Mujeres en Raz\u00f3n de G\u00e9nero (VPMRG) persiste en algunos municipios de Oaxaca.<\/p>\n\n\n\n<p class=\"wp-block-paragraph\">El estado es uno de los que tienen mayor participaci\u00f3n pol\u00edtica de mujeres a nivel municipal; sin embargo, \u201cse complica cuando no se les permite ejercer libremente el ejercicio de su cargo\u201d, sostuvo Elizabeth Bautista Velasco, presidenta del Observatorio de la participaci\u00f3n pol\u00edtica de las Mujeres.<\/p>\n\n\n\n<p class=\"wp-block-paragraph\">Agreg\u00f3 que unas siete mil oaxaque\u00f1as participan en pol\u00edtica, de ellas, tres mil ocupan un cargo p\u00fablico y el resto contendi\u00f3 en el proceso electoral de este a\u00f1o, en el que resultaron electas 40 presidentas municipales y 112 alcaldes, en 152 ayuntamientos, \u201clo cual representa cuatro presidentas menos que en 2021 y 14 menos que en 2018\u201d.<\/p>\n\n\n\n<p class=\"wp-block-paragraph\">En entrevista, la tambi\u00e9n presidenta del Tribunal Electoral del Estado de Oaxaca (TEEO) indic\u00f3 que las oaxaque\u00f1as involucradas en pol\u00edtica enfrentan un contexto \u201cadverso en t\u00e9rminos de desigualdades, especialmente por los indicadores de rezago social y pobreza\u201d.<\/p>\n\n\n\n<p class=\"wp-block-paragraph\">Expuso que, de enero al 15 de agosto de 2024, se presentaron 63 juicios en materia de VPMRG, de los cuales 31 han sido resueltos en Zapotitl\u00e1n Palmas, San Juan Lajarcia y Reforma de Pineda, en las regiones Mixteca, Sierra Sur e Istmo de Tehuantepec, respectivamente. Treinta y dos est\u00e1n en instrucci\u00f3n son amenazadas.<\/p>\n\n\n\n<p class=\"wp-block-paragraph\">Uno de esos casos es el de la alcaldesa de Zapotitl\u00e1n Palmas, In\u00e9s Mart\u00ednez Reyes, y las regidoras de Salud y Educaci\u00f3n, Elodia L\u00f3pez Mart\u00ednez y Gabriela Soriano, quienes, de diciembre del a\u00f1o pasado a la fecha, son objeto de violencia por parte del s\u00edndico municipal, Jos\u00e9 Longinos Mart\u00ednez, y el regidor de hacienda del ayuntamiento, Dami\u00e1n Reyes Longinos, que las han difamado, humillado, y amenazado, se\u00f1al\u00f3 L\u00f3pez.<\/p>\n\n\n\n<p class=\"wp-block-paragraph\">La denuncia m\u00e1s reciente por VPMRG fue presentada por la s\u00edndica de Ocotl\u00e1n de Morelos y tres regidoras de Santa Cruz Papalutla.<\/p>\n\n\n\n<p class=\"wp-block-paragraph\">En el pasado proceso electoral, la consejera del INE Rita Bell L\u00f3pez-Vences promovi\u00f3 en Oaxaca el programa piloto de primeros auxilios psicol\u00f3gicos, asesor\u00eda, atenci\u00f3n y acompa\u00f1amiento jur\u00eddico a las mujeres v\u00edctimas de violencia pol\u00edtica.<\/p>\n\n\n\n<p class=\"wp-block-paragraph\">En este marco, la periodista Soledad Jarqu\u00edn Edgar opin\u00f3 que el gobierno de Claudia Sheinbaum podr\u00eda ser una especie de \u201claboratorio\u201d, porque estamos hablando de unos 200 a\u00f1os de gobierno encabezados por hombres, \u201ces la oportunidad de acostumbrarnos a ver a una mujer en el poder\u201d.<\/p>\n\n\n\n<ul class=\"wp-block-list\">\n<li>Publicado originalmente en el Peri\u00f3dico Exc\u00e9lsior<\/li>\n<\/ul>\n\n\n\n\n\n<p class=\"wp-block-paragraph\">La alcaldesa de Zapotitl\u00e1n Palmas desempe\u00f1a el cargo, en medio de hostigamiento pol\u00edtico. Foto: Especial<\/p>\n","protected":false},"excerpt":{"rendered":"<p>Patricia Brise\u00f1o&nbsp; SemM\u00e9xico, Oaxaca, 29 de septiembre, 2024.- &nbsp;A pesar de los avances en materia de paridad en los espacios de gobierno, que se materializan incluso con la llegada de una mujer a la Presidencia de M\u00e9xico, la Violencia Pol\u00edtica contra las Mujeres en Raz\u00f3n de G\u00e9nero (VPMRG) persiste en algunos municipios de Oaxaca. El [&hellip;]<\/p>\n","protected":false},"author":3,"featured_media":87593,"comment_status":"open","ping_status":"open","sticky":false,"template":"","format":"standard","meta":{"_monsterinsights_skip_tracking":false,"footnotes":""},"categories":[54],"tags":[],"class_list":["post-87592","post","type-post","status-publish","format-standard","has-post-thumbnail","category-mujeres"],"_links":{"self":[{"href":"https:\/\/redsemlac.com\/semmexico\/wp-json\/wp\/v2\/posts\/87592","targetHints":{"allow":["GET"]}}],"collection":[{"href":"https:\/\/redsemlac.com\/semmexico\/wp-json\/wp\/v2\/posts"}],"about":[{"href":"https:\/\/redsemlac.com\/semmexico\/wp-json\/wp\/v2\/types\/post"}],"author":[{"embeddable":true,"href":"https:\/\/redsemlac.com\/semmexico\/wp-json\/wp\/v2\/users\/3"}],"replies":[{"embeddable":true,"href":"https:\/\/redsemlac.com\/semmexico\/wp-json\/wp\/v2\/comments?post=87592"}],"version-history":[{"count":0,"href":"https:\/\/redsemlac.com\/semmexico\/wp-json\/wp\/v2\/posts\/87592\/revisions"}],"wp:featuredmedia":[{"embeddable":true,"href":"https:\/\/redsemlac.com\/semmexico\/wp-json\/wp\/v2\/media\/87593"}],"wp:attachment":[{"href":"https:\/\/redsemlac.com\/semmexico\/wp-json\/wp\/v2\/media?parent=87592"}],"wp:term":[{"taxonomy":"category","embeddable":true,"href":"https:\/\/redsemlac.com\/semmexico\/wp-json\/wp\/v2\/categories?post=87592"},{"taxonomy":"post_tag","embeddable":true,"href":"https:\/\/redsemlac.com\/semmexico\/wp-json\/wp\/v2\/tags?post=87592"}],"curies":[{"name":"wp","href":"https:\/\/api.w.org\/{rel}","templated":true}]}}