{"id":87587,"date":"2024-09-29T12:02:05","date_gmt":"2024-09-29T18:02:05","guid":{"rendered":"https:\/\/redsemlac.com\/semmexico\/?p=87587"},"modified":"2024-09-29T12:02:07","modified_gmt":"2024-09-29T18:02:07","slug":"existe-una-conexion-muy-intima-entre-la-vida-y-la-poesia-gela-manzano-anorve","status":"publish","type":"post","link":"https:\/\/redsemlac.com\/semmexico\/existe-una-conexion-muy-intima-entre-la-vida-y-la-poesia-gela-manzano-anorve\/","title":{"rendered":"Existe una conexi\u00f3n muy \u00edntima entre la vida y la poes\u00eda: Gela Manzano A\u00f1orve"},"content":{"rendered":"\n<p class=\"wp-block-paragraph\">\u201cLa poes\u00eda te salva, te permite a trav\u00e9s de los s\u00edmbolos, met\u00e1foras nombrar&nbsp; las cosas que no puedes decir con palabras llanas, la poes\u00eda te permite utilizar el lenguaje para nombrar el dolor\u201d.<\/p>\n\n\n\n<p class=\"wp-block-paragraph\">Primera presentaci\u00f3n del libro \u201cNadie me dijo\u201d<\/p>\n\n\n\n<p class=\"wp-block-paragraph\">Micaela M\u00e1rquez<\/p>\n\n\n\n<p class=\"wp-block-paragraph\">SemM\u00e9xico, Ciudad de M\u00e9xico. 29 de septiembre 2024.- Para la poeta guerrerense Ma. de los \u00c1ngeles, Gela Manzano A\u00f1orve hay una conexi\u00f3n muy \u00edntima entre su vida y la poes\u00eda, no ha encontrado la separaci\u00f3n y no tiene inter\u00e9s en encontrarla expres\u00f3 en la presentaci\u00f3n de su \u00faltimo libro de poes\u00eda <em>\u201cNadie me dijo<\/em>\u201d en La Comuna de la Palabra, canal de You tube del psic\u00f3logo J. Enrique \u00c1lvarez Alc\u00e1ntara.<\/p>\n\n\n\n<p class=\"wp-block-paragraph\">Esta &nbsp;la primera presentaci\u00f3n de su nuevo &nbsp;libro explic\u00f3 que lo hizo en su proceso &nbsp;de duelo por la p\u00e9rdida de una hija. Cot\u00f3 que &nbsp;se llev\u00f3 un a\u00f1o en realizarlo, porque tras explicar que pas\u00f3 por momentos de dif\u00edciles en el &nbsp;duelo: &nbsp;primero se qued\u00f3 sin habla y, despu\u00e9s sin la posibilidad de escribir hasta que finalmente con las palabras de su madre en la mente de \u201cno victimizarse\u201d inici\u00f3 el proceso creativo que fue muy \u00edntimo.<\/p>\n\n\n\n<p class=\"wp-block-paragraph\">Tambi\u00e9n se cuestion\u00f3 si lo publicaba o &nbsp;no pero encontr\u00f3 el impulso de la tambi\u00e9n escritora Ethel Krauze, la tanat\u00f3loga Gina y su editora, <em>\u201cNadie&nbsp; me dijo<\/em>\u201d acaba de publicase, sali\u00f3 a la luz &nbsp;este&nbsp; 9 de septiembre y esta es la primera presentaci\u00f3n. Por ahora&nbsp; &nbsp;programadas en Guerrero est\u00e1n detenidas por la presencia de los huracanes John y Helene. La poblaci\u00f3n no acaba de reponerse de los desastres del hurac\u00e1n Otis, explic\u00f3.<\/p>\n\n\n\n<p class=\"wp-block-paragraph\">\u201cLa poes\u00eda te salva, te permite a trav\u00e9s de los s\u00edmbolos, met\u00e1foras nombrar&nbsp; las cosas que no puedes decir con palabras llanas, la poes\u00eda te permite utilizar el lenguaje para nombrar el dolor\u201d.<\/p>\n\n\n\n<p class=\"wp-block-paragraph\"><strong><em>Veamos a la Autora<\/em><\/strong><\/p>\n\n\n\n<p class=\"wp-block-paragraph\">Adem\u00e1s de escritora y poeta es acad\u00e9mica de tiempo completo en la Universidad Aut\u00f3noma de Guerrero, originaria de Cuajinicuilapa curs\u00f3 estudios en Sociolog\u00eda, maestr\u00eda y doctorado en Literatura.&nbsp;&nbsp;&nbsp;&nbsp;<\/p>\n\n\n\n<p class=\"wp-block-paragraph\">En la conversaci\u00f3n con Enrique \u00c1lvarez fue contando c\u00f3mo &nbsp;su amor por la poes\u00eda comenz\u00f3 desde ni\u00f1a. originaria de un peque\u00f1o pueblo de la Costa Chica, escrib\u00eda en servilletas, llevaba diarios pero no los guardaba, era desordenada, despu\u00e9s se hizo lectora porque &nbsp;su pap\u00e1 le compr\u00f3 el Quijote de la Mancha.<\/p>\n\n\n\n<p class=\"wp-block-paragraph\">Ya adolescente fue a m\u00e1s, le llamaba m\u00e1s &nbsp;la&nbsp; atenci\u00f3n la poes\u00eda que la narrativa, recuerda que si estaba triste o feliz le\u00eda poes\u00eda.<\/p>\n\n\n\n<p class=\"wp-block-paragraph\">Ha publicado diversas antolog\u00edas, fue reportera cultural le gustaba mucho la cr\u00f3nica y tambi\u00e9n escribi\u00f3 sobre la historia de las colonias tradicionales de Acapulco,&nbsp; sobre la condici\u00f3n social &nbsp;de las mujeres incluso dirigi\u00f3 un suplemento cultural.<\/p>\n\n\n\n<figure class=\"wp-block-image size-full\"><a href=\"https:\/\/redsemlac.com\/semmexico\/wp-content\/uploads\/2024\/09\/conexion-intima-02.jpg\"><img loading=\"lazy\" decoding=\"async\" width=\"300\" height=\"168\" src=\"https:\/\/redsemlac.com\/semmexico\/wp-content\/uploads\/2024\/09\/conexion-intima-02.jpg\" alt=\"\" class=\"wp-image-87589\"\/><\/a><\/figure>\n\n\n\n<p class=\"wp-block-paragraph\">Ley\u00f3 el poema 17 de su libro Nadie me dijo al que define como un b\u00e1lsamo:<\/p>\n\n\n\n<p class=\"wp-block-paragraph\">A d\u00f3nde vamos abuela<\/p>\n\n\n\n<p class=\"wp-block-paragraph\">regresamos de donde he venido<\/p>\n\n\n\n<p class=\"wp-block-paragraph\">retornamos a la luz que nos dio origen<\/p>\n\n\n\n<p class=\"wp-block-paragraph\">Abuela estoy aqu\u00ed parada en descampado<\/p>\n\n\n\n<p class=\"wp-block-paragraph\">con una noche coronada<\/p>\n\n\n\n<p class=\"wp-block-paragraph\">miro al cielo raso con preguntas<\/p>\n\n\n\n<p class=\"wp-block-paragraph\">no s\u00e9 descifrar la mirada de lucero<\/p>\n\n\n\n<p class=\"wp-block-paragraph\">ni la danza de esas nubes&nbsp;<\/p>\n\n\n\n<p class=\"wp-block-paragraph\">he regresado a habitar mi infancia<\/p>\n\n\n\n<p class=\"wp-block-paragraph\">camino con zapatos escolares<\/p>\n\n\n\n<p class=\"wp-block-paragraph\">buscando tu abrazo<\/p>\n\n\n\n<p class=\"wp-block-paragraph\">&nbsp;tu olor a humedad de selva<\/p>\n\n\n\n<p class=\"wp-block-paragraph\">tus pechos grandes y redondos<\/p>\n\n\n\n<p class=\"wp-block-paragraph\">donde acomodo mi cabeza adormilada<\/p>\n\n\n\n<p class=\"wp-block-paragraph\">Abuela h\u00e1blame de Dios<\/p>\n\n\n\n<p class=\"wp-block-paragraph\">de tu fe inquebrantable<\/p>\n\n\n\n<p class=\"wp-block-paragraph\">h\u00e1blame del Dios bueno y protector<\/p>\n\n\n\n<p class=\"wp-block-paragraph\">que nos bendice cada noche<\/p>\n\n\n\n<p class=\"wp-block-paragraph\">Abuela sigo caminando<\/p>\n\n\n\n<p class=\"wp-block-paragraph\">vislumbro mi cabeza de anciana y mirada distante<\/p>\n\n\n\n<p class=\"wp-block-paragraph\">&nbsp;mi pie descalzo sobre la arena<\/p>\n\n\n\n<p class=\"wp-block-paragraph\">de ese mar tan m\u00edo y&nbsp; lejano<\/p>\n\n\n\n<p class=\"wp-block-paragraph\">Abuela hace calor<\/p>\n\n\n\n<p class=\"wp-block-paragraph\">refr\u00e9scame con tu abanico de palma<\/p>\n\n\n\n<p class=\"wp-block-paragraph\">cu\u00e9ntame la historia de la princesa de zapatillas de oro<\/p>\n\n\n\n<p class=\"wp-block-paragraph\">&nbsp;en un huerto de cristales<\/p>\n\n\n\n<p class=\"wp-block-paragraph\">Abuela voy a dormir y quiero so\u00f1ar desnuda<\/p>\n\n\n\n<p class=\"wp-block-paragraph\">depositare el tormento en el castillo de arena que la tarde derrumbo la ola<\/p>\n\n\n\n<p class=\"wp-block-paragraph\">Abuela seca mis l\u00e1grimas con tu delantal oloroso a hierbabuena<\/p>\n\n\n\n<p class=\"wp-block-paragraph\">resgu\u00e1rdame en tu cocina de ajos y cebollas<\/p>\n\n\n\n<p class=\"wp-block-paragraph\">Abuela borda mi colcha con retazos de tela de colores<\/p>\n\n\n\n<p class=\"wp-block-paragraph\">abr\u00edgame del frio y del miedo<\/p>\n\n\n\n<p class=\"wp-block-paragraph\">Abuela sigue&nbsp; recitando los cuentos de hadas<\/p>\n\n\n\n<p class=\"wp-block-paragraph\">&nbsp;hasta que me duerma<\/p>\n\n\n\n<p class=\"wp-block-paragraph\">&nbsp;y que vuelva&nbsp; a delirar con la princesa de zapatillas gastadas<\/p>\n\n\n\n<p class=\"wp-block-paragraph\">&nbsp;en esa noche interminable con su pr\u00edncipe<\/p>\n\n\n\n<p class=\"wp-block-paragraph\">Abuela ens\u00e9\u00f1ame a rezar<\/p>\n\n\n\n<p class=\"wp-block-paragraph\">que el rosario se deslice sobre tus dedos y las letan\u00edas sirvan de somn\u00edfero<\/p>\n\n\n\n<p class=\"wp-block-paragraph\">que los sonidos restablezcan el orden<\/p>\n\n\n\n<p class=\"wp-block-paragraph\">que las expediciones se vuelvan realidades<\/p>\n\n\n\n<p class=\"wp-block-paragraph\"><strong>Ella Tallerista<\/strong><\/p>\n\n\n\n<p class=\"wp-block-paragraph\">Tallerista se encontr\u00f3 con la poeta Ethel Krauze en 2017, de hecho ella escribe la cuarta de forros de \u201cNadie me dijo\u201d.<\/p>\n\n\n\n<p class=\"wp-block-paragraph\">La escritora, poeta, ensayista a pregunta del anfitri\u00f3n se\u00f1al\u00f3 que las mujeres empiezan a publicar mucho en narrativa y poes\u00eda en todo el pa\u00eds y eso tiene que ver por &nbsp;ser mujeres.<\/p>\n\n\n\n<p class=\"wp-block-paragraph\">Explic\u00f3, las mujeres nacimos en un mundo patriarcal, apenas hace 70 a\u00f1os fuimos merecedoras de ser consideradas como ciudadanas, y antes no pod\u00edamos ir a las universidades porque nos confinaban a los espacios dom\u00e9sticos, los cuidados de la casa, del marido \u00e9ramos educadas para cuidar a los dem\u00e1s.<\/p>\n\n\n\n<figure class=\"wp-block-image size-full\"><a href=\"https:\/\/redsemlac.com\/semmexico\/wp-content\/uploads\/2024\/09\/conexion-intima-03.png\"><img loading=\"lazy\" decoding=\"async\" width=\"699\" height=\"989\" src=\"https:\/\/redsemlac.com\/semmexico\/wp-content\/uploads\/2024\/09\/conexion-intima-03.png\" alt=\"\" class=\"wp-image-87588\"\/><\/a><\/figure>\n\n\n\n<p class=\"wp-block-paragraph\">Actualmente hay calidad y cantidad en las mujeres que se dedican a escribir, expres\u00f3.<\/p>\n\n\n\n<p class=\"wp-block-paragraph\">La Comuna de la Palabra y Neuropsicolog\u00eda del Desarrollo es un canal de YouTube que cumpli\u00f3 m\u00e1s de seis a\u00f1os y tiene 1.01 k suscriptores.<\/p>\n","protected":false},"excerpt":{"rendered":"<p>\u201cLa poes\u00eda te salva, te permite a trav\u00e9s de los s\u00edmbolos, met\u00e1foras nombrar&nbsp; las cosas que no puedes decir con palabras llanas, la poes\u00eda te permite utilizar el lenguaje para nombrar el dolor\u201d. Primera presentaci\u00f3n del libro \u201cNadie me dijo\u201d Micaela M\u00e1rquez SemM\u00e9xico, Ciudad de M\u00e9xico. 29 de septiembre 2024.- Para la poeta guerrerense Ma. [&hellip;]<\/p>\n","protected":false},"author":3,"featured_media":87590,"comment_status":"open","ping_status":"open","sticky":false,"template":"","format":"standard","meta":{"_monsterinsights_skip_tracking":false,"footnotes":""},"categories":[748,694],"tags":[],"class_list":["post-87587","post","type-post","status-publish","format-standard","has-post-thumbnail","category-cultura-feminista","category-destacadas"],"_links":{"self":[{"href":"https:\/\/redsemlac.com\/semmexico\/wp-json\/wp\/v2\/posts\/87587","targetHints":{"allow":["GET"]}}],"collection":[{"href":"https:\/\/redsemlac.com\/semmexico\/wp-json\/wp\/v2\/posts"}],"about":[{"href":"https:\/\/redsemlac.com\/semmexico\/wp-json\/wp\/v2\/types\/post"}],"author":[{"embeddable":true,"href":"https:\/\/redsemlac.com\/semmexico\/wp-json\/wp\/v2\/users\/3"}],"replies":[{"embeddable":true,"href":"https:\/\/redsemlac.com\/semmexico\/wp-json\/wp\/v2\/comments?post=87587"}],"version-history":[{"count":0,"href":"https:\/\/redsemlac.com\/semmexico\/wp-json\/wp\/v2\/posts\/87587\/revisions"}],"wp:featuredmedia":[{"embeddable":true,"href":"https:\/\/redsemlac.com\/semmexico\/wp-json\/wp\/v2\/media\/87590"}],"wp:attachment":[{"href":"https:\/\/redsemlac.com\/semmexico\/wp-json\/wp\/v2\/media?parent=87587"}],"wp:term":[{"taxonomy":"category","embeddable":true,"href":"https:\/\/redsemlac.com\/semmexico\/wp-json\/wp\/v2\/categories?post=87587"},{"taxonomy":"post_tag","embeddable":true,"href":"https:\/\/redsemlac.com\/semmexico\/wp-json\/wp\/v2\/tags?post=87587"}],"curies":[{"name":"wp","href":"https:\/\/api.w.org\/{rel}","templated":true}]}}