{"id":87584,"date":"2024-09-29T11:58:12","date_gmt":"2024-09-29T17:58:12","guid":{"rendered":"https:\/\/redsemlac.com\/semmexico\/?p=87584"},"modified":"2024-09-29T11:58:13","modified_gmt":"2024-09-29T17:58:13","slug":"mas-de-20-casos-de-violencia-vicaria-se-registran-en-tuxtla-y-plasman-el-tema-en-un-mural","status":"publish","type":"post","link":"https:\/\/redsemlac.com\/semmexico\/mas-de-20-casos-de-violencia-vicaria-se-registran-en-tuxtla-y-plasman-el-tema-en-un-mural\/","title":{"rendered":"M\u00e1s de 20 casos de violencia vicaria se registran en Tuxtla y plasman el tema en un mural"},"content":{"rendered":"\n<p class=\"wp-block-paragraph\">Susana Sol\u00eds<\/p>\n\n\n\n<p class=\"wp-block-paragraph\">SemM\u00e9xico\/Mujeres en voz y Acci\u00f3n, Tuxtla Guti\u00e9rrez, Chiapas, 29 de septiembre, 2024.-En Chiapas la violencia vicaria, tras la aprobaci\u00f3n de las reformas a los c\u00f3digos Civil y Penal para tipificar, prevenir y sancionar la violencia a trav\u00e9s de interp\u00f3sita persona, conocida como Ley Vicaria; cada vez hay m\u00e1s denuncias.<\/p>\n\n\n\n<p class=\"wp-block-paragraph\">Tan solo en Tuxtla Guti\u00e9rrez, en lo que va del a\u00f1o, se han denunciado cerca de 20 casos y no se han quedado en \u201cAlerta Amber\u201d, que principalmente eran por padres que separaban a los hijos de las mam\u00e1s. Gely Pacheco Montero, secretaria para la Igualdad de las Mujeres en Tuxtla Guti\u00e9rrez, declar\u00f3 que para visibilizar estos temas, se han realizado cuatro murales en la capital chiapaneca, el \u00faltimo con el lema \u201cNo es normal quitarle hijos\/as\/ a su mam\u00e1\u201d, el cual est\u00e1 ubicado en la 5\u00aa norte oriente, en la entrada del planetario.<\/p>\n\n\n\n<p class=\"wp-block-paragraph\">\u201cEl que ya se encuentre en la ley esta violencia, va a abonar a que haya m\u00e1s estad\u00edsticas y se nombre como violencia vicaria y hoy por hoy, se puede encontrar como sustracci\u00f3n de menores, es importante empezar a generar esta base de datos\u201d.<\/p>\n\n\n\n<p class=\"wp-block-paragraph\">La artista Patt Ram\u00edrez, fue quien se encarg\u00f3 junto a otras dos personas, de realizar el mural de siete metros \u201cNo es normal quitarle hijos\/as\/ a su mam\u00e1\u201d, quien se\u00f1al\u00f3 que fueron tres semanas de trabajo, a fin de que la poblaci\u00f3n conozca m\u00e1s de la violencia vicaria.<\/p>\n\n\n\n<p class=\"wp-block-paragraph\">Con estas acciones, buscan a trav\u00e9s del arte, sensibilizar y generar una reflexi\u00f3n en la poblaci\u00f3n sobre la violencia de g\u00e9nero, que son instrumentalizados como objeto para maltratar y ocasionar dolor a sus madres.<\/p>\n\n\n\n<p class=\"wp-block-paragraph\">Con ello, se pone en primer plano una problem\u00e1tica que afecta al municipio, en cada pincelada, las artistas mostraron el dolor que sufren algunas madres que luchan por visibilizar una realidad que no se puede ignorar.<\/p>\n\n\n\n<p class=\"wp-block-paragraph\">El 6 de marzo del presente a\u00f1o, el Congreso de Chiapas aprob\u00f3 la iniciativa de decreto por el que se reforman y adicionan diversas disposiciones de la Ley de Desarrollo Constitucional para la Igualdad de G\u00e9nero y Acceso a una Vida Libre de Violencia para las Mujeres del C\u00f3digo Civil, y del C\u00f3digo Penal en materia de violencia a trav\u00e9s de interp\u00f3sita persona.<\/p>\n","protected":false},"excerpt":{"rendered":"<p>Susana Sol\u00eds SemM\u00e9xico\/Mujeres en voz y Acci\u00f3n, Tuxtla Guti\u00e9rrez, Chiapas, 29 de septiembre, 2024.-En Chiapas la violencia vicaria, tras la aprobaci\u00f3n de las reformas a los c\u00f3digos Civil y Penal para tipificar, prevenir y sancionar la violencia a trav\u00e9s de interp\u00f3sita persona, conocida como Ley Vicaria; cada vez hay m\u00e1s denuncias. Tan solo en Tuxtla [&hellip;]<\/p>\n","protected":false},"author":3,"featured_media":87585,"comment_status":"open","ping_status":"open","sticky":false,"template":"","format":"standard","meta":{"_monsterinsights_skip_tracking":false,"footnotes":""},"categories":[48],"tags":[],"class_list":["post-87584","post","type-post","status-publish","format-standard","has-post-thumbnail","category-no-mas-impunidad-no-mas-impunidad"],"_links":{"self":[{"href":"https:\/\/redsemlac.com\/semmexico\/wp-json\/wp\/v2\/posts\/87584","targetHints":{"allow":["GET"]}}],"collection":[{"href":"https:\/\/redsemlac.com\/semmexico\/wp-json\/wp\/v2\/posts"}],"about":[{"href":"https:\/\/redsemlac.com\/semmexico\/wp-json\/wp\/v2\/types\/post"}],"author":[{"embeddable":true,"href":"https:\/\/redsemlac.com\/semmexico\/wp-json\/wp\/v2\/users\/3"}],"replies":[{"embeddable":true,"href":"https:\/\/redsemlac.com\/semmexico\/wp-json\/wp\/v2\/comments?post=87584"}],"version-history":[{"count":0,"href":"https:\/\/redsemlac.com\/semmexico\/wp-json\/wp\/v2\/posts\/87584\/revisions"}],"wp:featuredmedia":[{"embeddable":true,"href":"https:\/\/redsemlac.com\/semmexico\/wp-json\/wp\/v2\/media\/87585"}],"wp:attachment":[{"href":"https:\/\/redsemlac.com\/semmexico\/wp-json\/wp\/v2\/media?parent=87584"}],"wp:term":[{"taxonomy":"category","embeddable":true,"href":"https:\/\/redsemlac.com\/semmexico\/wp-json\/wp\/v2\/categories?post=87584"},{"taxonomy":"post_tag","embeddable":true,"href":"https:\/\/redsemlac.com\/semmexico\/wp-json\/wp\/v2\/tags?post=87584"}],"curies":[{"name":"wp","href":"https:\/\/api.w.org\/{rel}","templated":true}]}}