{"id":87581,"date":"2024-09-29T11:55:52","date_gmt":"2024-09-29T17:55:52","guid":{"rendered":"https:\/\/redsemlac.com\/semmexico\/?p=87581"},"modified":"2024-09-29T11:55:53","modified_gmt":"2024-09-29T17:55:53","slug":"alianza-unam-coneval-para-proponer-soluciones-a-desigualdades-sociales","status":"publish","type":"post","link":"https:\/\/redsemlac.com\/semmexico\/alianza-unam-coneval-para-proponer-soluciones-a-desigualdades-sociales\/","title":{"rendered":"Alianza UNAM-CONEVAL para proponer soluciones a desigualdades sociales"},"content":{"rendered":"\n<p class=\"wp-block-paragraph\">Lorena Rodr\u00edguez Le\u00f3n enfatiz\u00f3 que el legado de la Universidad Nacional ha impactado en los sectores p\u00fablico y privado<\/p>\n\n\n\n<p class=\"wp-block-paragraph\">Ambas instituciones deben ser vistas como actores estrat\u00e9gicos e interlocutores importantes para el Estado mexicano, estim\u00f3&nbsp;Jos\u00e9 Nabor Cruz Marcelo<\/p>\n\n\n\n<p class=\"wp-block-paragraph\">Redacci\u00f3n&nbsp;<\/p>\n\n\n\n<p class=\"wp-block-paragraph\">SemM\u00e9xico, Cd. de M\u00e9xico, 29 de septiembre,&nbsp;&nbsp;&nbsp;&nbsp;&nbsp;&nbsp;&nbsp;&nbsp; 2024.-La UNAM, a trav\u00e9s de su Facultad de Econom\u00eda, ha contribuido al desarrollo de la investigaci\u00f3n econ\u00f3mica y ha sido un espacio clave para el debate y la generaci\u00f3n de pol\u00edticas p\u00fablicas, asegur\u00f3 la directora de dicha entidad acad\u00e9mica, Lorena Rodr\u00edguez Le\u00f3n. &nbsp;<\/p>\n\n\n\n<p class=\"wp-block-paragraph\">Durante la instalaci\u00f3n de la C\u00e1tedra UNAM-CONEVAL, con sede en la FE, a\u00f1adi\u00f3 que la Universidad Nacional cuenta con un importante legado acad\u00e9mico que ha impactado de manera significativa en diversas \u00e1reas, como en los sectores p\u00fablico y privado.&nbsp;<\/p>\n\n\n\n<p class=\"wp-block-paragraph\">En tanto, el secretario Ejecutivo del Consejo Nacional de Evaluaci\u00f3n de la Pol\u00edtica de Desarrollo Social (CONEVAL), Jos\u00e9 Nabor Cruz Marcelo, expuso:&nbsp;<\/p>\n\n\n\n<p class=\"wp-block-paragraph\">Esta casa de estudios y el Consejo, a partir de sus \u00e1mbitos, contribuyen en la construcci\u00f3n de la conciencia cr\u00edtica, social y propositiva de nuestro pa\u00eds, porque son motores de la creaci\u00f3n de evidencia que coadyuva a generar el bienestar de las y los mexicanos.<\/p>\n\n\n\n<p class=\"wp-block-paragraph\">La C\u00e1tedra, coment\u00f3, tiene el objetivo de establecer una alianza estrat\u00e9gica que promueva en la agenda p\u00fablica la b\u00fasqueda de soluciones a las desigualdades sociales que aquejan a la poblaci\u00f3n, as\u00ed como fortalecer el conocimiento y desarrollo acad\u00e9mico de las y los universitarios.&nbsp;<\/p>\n\n\n\n<p class=\"wp-block-paragraph\">Al inaugurar el Ciclo de conferencias sobre pobreza, evaluaci\u00f3n, monitoreo y gesti\u00f3n administrativa, Cruz Marcelo dijo ante integrantes de la comunidad universitaria, investigadoras e investigadores acad\u00e9micos de dicho organismo, que la academia y los espacios como esta actividad permitir\u00e1n la circulaci\u00f3n de ideas y consolidar una alianza estrat\u00e9gica.&nbsp;<\/p>\n\n\n\n<p class=\"wp-block-paragraph\">En el Auditorio Narciso Bassols, el tambi\u00e9n investigador con licencia del Instituto de Investigaciones Econ\u00f3micas de la UNAM, manifest\u00f3 que la UNAM y el CONEVAL deben ser vistos \u201ccomo&nbsp;<a>actores estrat\u00e9gicos e interlocutores importantes para el Estado mexicano<\/a>, porque juntos ofrecemos herramientas clave para la mejora continua del desempe\u00f1o de la pol\u00edtica p\u00fablica, para que formemos un M\u00e9xico con mayor bienestar y desarrollo, porque lo que se mide se puede mejorar\u201d.&nbsp;<\/p>\n\n\n\n<p class=\"wp-block-paragraph\"><strong>En n\u00fameros&nbsp;<\/strong><\/p>\n\n\n\n<p class=\"wp-block-paragraph\">En la conferencia inaugural \u201cLas funciones y objetivos del CONEVAL y su vinculaci\u00f3n con la comunidad universitaria\u201d, Nabor Cruz extern\u00f3 que es un gran reto para el organismo realizar la estimaci\u00f3n de la pobreza a nivel municipal.&nbsp;<\/p>\n\n\n\n<p class=\"wp-block-paragraph\">No obstante, subray\u00f3: M\u00e9xico es el \u00fanico pa\u00eds en Am\u00e9rica Latina que tiene la misma metodolog\u00eda de medici\u00f3n de ese rubro para realizar estimaciones nacionales, estatales, municipales y a nivel localidad. \u201cNo hay otra naci\u00f3n en la regi\u00f3n que tenga este grado de desagregaci\u00f3n de indicadores de pobreza cada cinco a\u00f1os\u201d.&nbsp;<\/p>\n\n\n\n<p class=\"wp-block-paragraph\">Cruz Marcelo indic\u00f3 que el Consejo cuenta con otros elementos de estudio como la categor\u00eda de pobreza laboral, la cual es la relaci\u00f3n entre el ingreso y el valor de la canasta alimentaria.&nbsp;<\/p>\n\n\n\n<p class=\"wp-block-paragraph\">Para el segundo trimestre de 2024, inform\u00f3, 35 por ciento de la poblaci\u00f3n mexicana estaba en situaci\u00f3n de pobreza laboral. Otro \u00edndice que a veces se confunde con el de pobreza, es el de rezago social, aunque este carece de variable de ingreso, pero permite mapear y generar una evacuaci\u00f3n porque es quinquenal.&nbsp;<\/p>\n\n\n\n<p class=\"wp-block-paragraph\">Tenemos adem\u00e1s los denominados Estudios Diagn\u00f3sticos de los Derechos Sociales, como trabajo, salud, educaci\u00f3n, vivienda, seguridad social, alimentaci\u00f3n y medio ambiente, puntualiz\u00f3.&nbsp;<\/p>\n\n\n\n<p class=\"wp-block-paragraph\">\u201cComo \u00f3rgano descentralizado de la administraci\u00f3n p\u00fablica federal, el CONEVAL ha dise\u00f1ado y sistematizado diversos instrumentos metodolog\u00edas y acciones que en su conjunto integran el sistema de monitoreo y evaluaci\u00f3n de la pol\u00edtica de desarrollo social de nuestro pa\u00eds. La Ley General de Desarrollo Social marc\u00f3 la institucionalizaci\u00f3n de la medici\u00f3n de la pobreza, al establecer una metodolog\u00eda oficial para el Estado mexicano con enfoque de derechos humanos\u201d, concluy\u00f3 Cruz Marcelo.<\/p>\n","protected":false},"excerpt":{"rendered":"<p>Lorena Rodr\u00edguez Le\u00f3n enfatiz\u00f3 que el legado de la Universidad Nacional ha impactado en los sectores p\u00fablico y privado Ambas instituciones deben ser vistas como actores estrat\u00e9gicos e interlocutores importantes para el Estado mexicano, estim\u00f3&nbsp;Jos\u00e9 Nabor Cruz Marcelo Redacci\u00f3n&nbsp; SemM\u00e9xico, Cd. de M\u00e9xico, 29 de septiembre,&nbsp;&nbsp;&nbsp;&nbsp;&nbsp;&nbsp;&nbsp;&nbsp; 2024.-La UNAM, a trav\u00e9s de su Facultad de Econom\u00eda, [&hellip;]<\/p>\n","protected":false},"author":3,"featured_media":87582,"comment_status":"open","ping_status":"open","sticky":false,"template":"","format":"standard","meta":{"_monsterinsights_skip_tracking":false,"footnotes":""},"categories":[682],"tags":[],"class_list":["post-87581","post","type-post","status-publish","format-standard","has-post-thumbnail","category-noticias"],"_links":{"self":[{"href":"https:\/\/redsemlac.com\/semmexico\/wp-json\/wp\/v2\/posts\/87581","targetHints":{"allow":["GET"]}}],"collection":[{"href":"https:\/\/redsemlac.com\/semmexico\/wp-json\/wp\/v2\/posts"}],"about":[{"href":"https:\/\/redsemlac.com\/semmexico\/wp-json\/wp\/v2\/types\/post"}],"author":[{"embeddable":true,"href":"https:\/\/redsemlac.com\/semmexico\/wp-json\/wp\/v2\/users\/3"}],"replies":[{"embeddable":true,"href":"https:\/\/redsemlac.com\/semmexico\/wp-json\/wp\/v2\/comments?post=87581"}],"version-history":[{"count":0,"href":"https:\/\/redsemlac.com\/semmexico\/wp-json\/wp\/v2\/posts\/87581\/revisions"}],"wp:featuredmedia":[{"embeddable":true,"href":"https:\/\/redsemlac.com\/semmexico\/wp-json\/wp\/v2\/media\/87582"}],"wp:attachment":[{"href":"https:\/\/redsemlac.com\/semmexico\/wp-json\/wp\/v2\/media?parent=87581"}],"wp:term":[{"taxonomy":"category","embeddable":true,"href":"https:\/\/redsemlac.com\/semmexico\/wp-json\/wp\/v2\/categories?post=87581"},{"taxonomy":"post_tag","embeddable":true,"href":"https:\/\/redsemlac.com\/semmexico\/wp-json\/wp\/v2\/tags?post=87581"}],"curies":[{"name":"wp","href":"https:\/\/api.w.org\/{rel}","templated":true}]}}