{"id":87577,"date":"2024-09-28T15:19:37","date_gmt":"2024-09-28T21:19:37","guid":{"rendered":"https:\/\/redsemlac.com\/semmexico\/?p=87577"},"modified":"2024-09-28T15:19:38","modified_gmt":"2024-09-28T21:19:38","slug":"luchamos-por-aborto-legal-libre-seguro-y-gratuito-en-todo-mexico","status":"publish","type":"post","link":"https:\/\/redsemlac.com\/semmexico\/luchamos-por-aborto-legal-libre-seguro-y-gratuito-en-todo-mexico\/","title":{"rendered":"\u00a1Luchamos por ABORTO LEGAL, LIBRE, SEGURO Y GRATUITO en todo M\u00e9xico!"},"content":{"rendered":"\n<p class=\"wp-block-paragraph\">Compa\u00f1eras, nos encontramos hoy tomando las calles para alzar la voz y defender nuestro derecho a decidir. Este 28S, d\u00eda internacional de acci\u00f3n por la despenalizaci\u00f3n del aborto en Am\u00e9rica Latina y el Caribe, exigimos la legalizaci\u00f3n efectiva en todo el pa\u00eds. Como lo hemos dicho, la resoluci\u00f3n de la Corte es conquista del movimiento feminista, de las colectivas, las organizaciones del movimiento urbano popular, del sindicalismo democr\u00e1tico y de organizaciones pol\u00edticas que no hemos dejado de luchar en las calles y de impulsar iniciativas para que se deje de criminalizar a las mujeres y personas gestantes por abortar. Hoy, M\u00e9xico ha despenalizado el aborto en 14 entidades hasta las 12 semanas, en Baja California, Baja California Sur, Ciudad de M\u00e9xico, Coahuila, Colima, Guerrero, Hidalgo, Jalisco, Oaxaca, Quintana Roo,<br>Sinaloa, Veracruz, Campeche y Chiapas. <\/p>\n\n\n\n<p class=\"wp-block-paragraph\">Denunciamos el avance reaccionario de sectores conservadores que quieren echar atr\u00e1s esta conquista, como en Aguascalientes donde se redujo de 12 a 6 semanas el per\u00edodo despenalizado para acceder a este derecho. La derecha reaccionaria busca por distintas v\u00edas implementar su agenda antiderechos, atacando tambi\u00e9n a las disidencias sexo gen\u00e9ricas como con el pin parental o los ataques al derecho de matrimonio entre personas del mismo sexo.<\/p>\n\n\n\n<p class=\"wp-block-paragraph\">Como hemos alertado antes, la despenalizaci\u00f3n no implica que el Estado garantice este derecho en cada cl\u00ednica y hospital de manera gratuita y segura. Para que el aborto sea un derecho efectivo, es necesario que no est\u00e9 penalizado, pero, esto solo significa un primer paso. Por ello ahora llamamos a seguir movilizadas para lograr la legalizaci\u00f3n del aborto en todo el pa\u00eds, lo cual significa que el Estado debe asumir la responsabilidad de enfrentar esta problem\u00e1tica como una cuesti\u00f3n de salud p\u00fablica, que requiere destinar presupuesto para realizar, sin ning\u00fan impedimento, los procedimientos que permitan garantizar nuestro derecho a decidir. No nos conformamos con que el aborto pase de ser clandestino a precario; consideramos que deber\u00eda tratarse como un problema de salud p\u00fablica y de desigualdad social, ya que son las mujeres y personas gestantes pobres y trabajadoras, muchas de ellas migrantes y j\u00f3venes, las que se vean obligadas a acudir a cl\u00ednicas clandestinas e insalubres poniendo en riesgo su salud y sus vidas.<\/p>\n\n\n\n<p class=\"wp-block-paragraph\">Nuestro derecho a decidir debe ser pleno, y por ello requerimos una educaci\u00f3n sexual, a partir del nivel b\u00e1sico, sin estereotipos sexistas, con profesionales bajo un enfoque integral, con perspectiva de g\u00e9nero, adem\u00e1s de proporcionar anticonceptivos gratuitos a toda la poblaci\u00f3n que lo necesite.<\/p>\n\n\n\n<p class=\"wp-block-paragraph\">Desde la Coordinaci\u00f3n 8M, reiteramos que las mujeres no dejaremos de movilizamos en las calles de manera independiente a este gobierno, que no puso su fuerza legislativa -hoy mayoritaria- en las c\u00e1maras al servicio de resolver esta demanda profundamente sentida, en muchos casos incluso se negaron a aprobar este derecho como en Zacatecas. No dejaremos de organizarnos en nuestros centros de trabajo, en nuestros barrios y comunidades, en nuestras escuelas y universidades, para imponer con la movilizaci\u00f3n y la lucha la legalizaci\u00f3n del aborto a nivel nacional y la homologaci\u00f3n de los c\u00f3digos penales estatales, para que \u00e9ste deje de criminalizarse. Nos pronunciamos por la defensa del Estado laico y la separaci\u00f3n de la Iglesia y el Estado, frente a la ofensiva de sectores conservadores y los acercamientos del gobierno y de la presidenta electa Claudia Sheinbaum con las Iglesias.<\/p>\n\n\n\n<p class=\"wp-block-paragraph\">Nos pronunciamos por el derecho de mujeres cis y personas gestantes, incluyendo varones trans, para acceder a este derecho y defender la libertad de decisi\u00f3n sobre sus cuerpes.<br>Requerimos que existan guarder\u00edas gratuitas y aumentos de emergencia a nuestros salarios acorde con la carest\u00eda de los productos de la canasta b\u00e1sica: garantizando condiciones de tiempo y espacio que nos permitan ejercer una lactancia y maternidad plenamente satisfactorias, porque la maternidad ser\u00e1 deseada o no ser\u00e1.<\/p>\n\n\n\n<p class=\"wp-block-paragraph\">Para implementar estas medidas, exigimos un aumento del presupuesto destinado a salud, educaci\u00f3n y otros rubros y no a la guardia nacional o a las fuerzas armadas, cuya represi\u00f3n y hostigamiento hemos enfrentado las mujeres organizadas y en lucha a nivel nacional bajo este gobierno del Morena y los de la oposici\u00f3n conservadora.<\/p>\n\n\n\n<p class=\"wp-block-paragraph\">Exigimos se respeten todos nuestros derechos, luchamos contra toda violencia machista e institucional, contra la precariedad econ\u00f3mica y laboral, contra la criminalizaci\u00f3n y represi\u00f3n del movimiento feminista, por condiciones realmente seguras en nuestros trabajos para que bajo la apertura total de la econom\u00eda no se expongan nuestras vidas y la de nuestras hijas e hijos.<\/p>\n\n\n\n<p class=\"wp-block-paragraph\">Seguiremos en la lucha para que podamos salir y regresar seguras a nuestras casas, y estar seguras en ellas.<\/p>\n\n\n\n<p class=\"wp-block-paragraph\">Denunciamos que las leyes y la justicia tienen un enfoque acorde al servicio del sistema capitalista y patriarcal. Ni una mujer violentada, desaparecida ni asesinada m\u00e1s.<\/p>\n\n\n\n<p class=\"wp-block-paragraph\">Reiteramos que nuestro feminismo no es silencioso ni deposita toda la confianza en las instituciones que han violentado nuestros derechos, y nos mantendremos movilizadas y organizadas de manera independiente al gobierno y el Estado, para imponer con la movilizaci\u00f3n en las calles nuestra agenda para defender nuestros derechos.<\/p>\n\n\n\n<p class=\"wp-block-paragraph\">Reconocemos ampliamente y saludamos sororalmente los tres a\u00f1os de resistencia de la Glorieta de las Mujeres que Luchan, que el 25 de septiembre del 2021, en un acto de dignidad colocaron la Antimonumenta-Justicia en Paseo de la Reforma, creando un espacio de memoria viva, gracias por su resistencia hermanas.<\/p>\n\n\n\n<p class=\"wp-block-paragraph\">Y desde aqu\u00ed enviamos todo nuestro apoyo a nuestras hermanas palestinas que luchan contra el genocidio del Estado sionista de Israel, que se ensa\u00f1a sobre todo con las crianzas y las mujeres como parte de su pol\u00edtica de exterminio del pueblo palestino, aplicando la tortura sexual, violaciones y agravios contra nuestras hermanas, y a las mujeres luchadoras, feministas que enfrentan la represi\u00f3n de los distintos gobiernos.<\/p>\n\n\n<div class=\"wp-block-image\">\n<figure class=\"aligncenter size-large\"><a href=\"https:\/\/redsemlac.com\/semmexico\/wp-content\/uploads\/2024\/09\/WhatsApp-Image-2024-09-28-at-2.25.45-PM.jpeg\"><img decoding=\"async\" src=\"https:\/\/redsemlac.com\/semmexico\/wp-content\/uploads\/2024\/09\/WhatsApp-Image-2024-09-28-at-2.25.45-PM-1024x768.jpeg\" alt=\"\" class=\"wp-image-87579\"\/><\/a><\/figure>\n<\/div>\n\n\n<p class=\"wp-block-paragraph\">\u00a1Las mujeres que luchamos no ocupando las calles!<br>\u00a1Aborto legal, seguro y gratuito en todo el pa\u00eds, es hora de legislar!<br>\u00a1Libertad inmediata a todas las mujeres por abortar!<br>\u00a1Educaci\u00f3n sexual para decidir, anticonceptivos para no abortar, aborto<br>legal para no morir!<br>\u00a1Por maternidades y lactancias libres, voluntarias y plenas!<br>\u00a1Queremos ni\u00f1as jugando y disfrutando!<br>\u00a1Saquen sus rosarios de nuestros ovarios!<br>\u00a1Separaci\u00f3n efectiva de la Iglesia y el Estado!<br>\u00a1El movimiento feminista adelante hasta lograr, ni una m\u00e1s!<br>\u00a1La maternidad ser\u00e1 deseada o no ser\u00e1!<\/p>\n","protected":false},"excerpt":{"rendered":"<p>Compa\u00f1eras, nos encontramos hoy tomando las calles para alzar la voz y defender nuestro derecho a decidir. Este 28S, d\u00eda internacional de acci\u00f3n por la despenalizaci\u00f3n del aborto en Am\u00e9rica Latina y el Caribe, exigimos la legalizaci\u00f3n efectiva en todo el pa\u00eds. Como lo hemos dicho, la resoluci\u00f3n de la Corte es conquista del movimiento [&hellip;]<\/p>\n","protected":false},"author":3,"featured_media":87578,"comment_status":"open","ping_status":"open","sticky":false,"template":"","format":"standard","meta":{"_monsterinsights_skip_tracking":false,"footnotes":""},"categories":[54],"tags":[],"class_list":["post-87577","post","type-post","status-publish","format-standard","has-post-thumbnail","category-mujeres"],"_links":{"self":[{"href":"https:\/\/redsemlac.com\/semmexico\/wp-json\/wp\/v2\/posts\/87577","targetHints":{"allow":["GET"]}}],"collection":[{"href":"https:\/\/redsemlac.com\/semmexico\/wp-json\/wp\/v2\/posts"}],"about":[{"href":"https:\/\/redsemlac.com\/semmexico\/wp-json\/wp\/v2\/types\/post"}],"author":[{"embeddable":true,"href":"https:\/\/redsemlac.com\/semmexico\/wp-json\/wp\/v2\/users\/3"}],"replies":[{"embeddable":true,"href":"https:\/\/redsemlac.com\/semmexico\/wp-json\/wp\/v2\/comments?post=87577"}],"version-history":[{"count":0,"href":"https:\/\/redsemlac.com\/semmexico\/wp-json\/wp\/v2\/posts\/87577\/revisions"}],"wp:featuredmedia":[{"embeddable":true,"href":"https:\/\/redsemlac.com\/semmexico\/wp-json\/wp\/v2\/media\/87578"}],"wp:attachment":[{"href":"https:\/\/redsemlac.com\/semmexico\/wp-json\/wp\/v2\/media?parent=87577"}],"wp:term":[{"taxonomy":"category","embeddable":true,"href":"https:\/\/redsemlac.com\/semmexico\/wp-json\/wp\/v2\/categories?post=87577"},{"taxonomy":"post_tag","embeddable":true,"href":"https:\/\/redsemlac.com\/semmexico\/wp-json\/wp\/v2\/tags?post=87577"}],"curies":[{"name":"wp","href":"https:\/\/api.w.org\/{rel}","templated":true}]}}