{"id":87542,"date":"2024-09-27T18:31:05","date_gmt":"2024-09-28T00:31:05","guid":{"rendered":"https:\/\/redsemlac.com\/semmexico\/?p=87542"},"modified":"2024-09-27T18:31:06","modified_gmt":"2024-09-28T00:31:06","slug":"judith-macias-presidenta-electa-de-jalostotitlan-jalisco-reafirma-compromisos","status":"publish","type":"post","link":"https:\/\/redsemlac.com\/semmexico\/judith-macias-presidenta-electa-de-jalostotitlan-jalisco-reafirma-compromisos\/","title":{"rendered":"Judith Macias presidenta electa de Jalostotitl\u00e1n, Jalisco \u00a0reafirma compromisos"},"content":{"rendered":"\n<p class=\"wp-block-paragraph\"><a href=\"https:\/\/blob.udgtv.com\/images\/2024\/09\/26\/judith-macias-focus-0-0-696-464.jpg\"><\/a>Abrir caminos para las mujeres con capacidad e inteligencia: presidenta municipal<\/p>\n\n\n\n<p class=\"wp-block-paragraph\">Sarahisabel Barajas<\/p>\n\n\n\n<p class=\"wp-block-paragraph\"><br>SemM\u00e9xico, Guadalajara, Jalisco, 27 de septiembre, 2024.- El pr\u00f3ximo primero de octubre en&nbsp;<strong>Jalostotitl\u00e1n<\/strong>&nbsp;tomar\u00e1 protesta la primera&nbsp;<strong>presidenta electa<\/strong>&nbsp;en la historia del municipio, esto simboliza el esfuerzo de las mujeres que han buscado implicarse en la toma de decisiones,&nbsp;<strong>Judith Macias<\/strong>,&nbsp;<strong>presidenta<\/strong>&nbsp;electa se\u00f1al\u00f3 lo que representa para ella que la ciudadan\u00eda le haya brindado el voto de confianza:<\/p>\n\n\n\n<p class=\"wp-block-paragraph\"><em>\u00abMuy contenta de ser yo quien siga abriendo este camino para las mujeres, para que demostremos cada vez que la capacidad la inteligencia y sobre todo todas esas virtudes especiales que tenemos las mujeres sean puestas en el servicio p\u00fablico y principalmente me siento muy honrada de ser la primera mujer presidenta, muy agradecida con la gente de darme la confianza de estar al frente de la administraci\u00f3n, del gobierno\u00bb<\/em><\/p>\n\n\n\n<p class=\"wp-block-paragraph\">Para&nbsp;<strong>Macias&nbsp;<\/strong>la pol\u00edtica no les es ajena y aunque en su plan de vida no estaba ser&nbsp;<strong>presidenta<\/strong>&nbsp;de&nbsp;<strong>Jalostotitl\u00e1n<\/strong>&nbsp;su padre quien fue candidato a presidente municipal y diputado local le inculc\u00f3 que ocupar un puesto como este es para servir y brindar apoyo siempre con humildad para lograr cambios verdaderos.&nbsp;<\/p>\n\n\n\n<p class=\"wp-block-paragraph\">La&nbsp;<strong>presidenta electa<\/strong>&nbsp;se ha desempe\u00f1ado como maestra desde hace m\u00e1s de 20 a\u00f1os, una profesi\u00f3n que ama desde que inici\u00f3 y con la cual planea trabajar en pro de la ni\u00f1ez a trav\u00e9s de las instituciones escolares, comparti\u00f3:<\/p>\n\n\n\n<p class=\"wp-block-paragraph\"><em>\u201cQuiero comprometerme en las escuelas, impulsar tambi\u00e9n el&nbsp;<strong>deporte<\/strong>, las&nbsp;<strong>disciplinas<\/strong>, apoyar un poco tambi\u00e9n con los&nbsp;<strong>desayunos escolares<\/strong>&nbsp;hay muchos ni\u00f1os y ni\u00f1as que s\u00e9 que llegan a la escuela y de plano en su casa no tienen algo que darles los mandan as\u00ed, con muy poco dinero no alcanzan a comprar algo que de verdad les alimente, entonces queremos implementar un programa para apoyar a todos estos ni\u00f1os que coman bien antes de iniciar a estudiar\u201d.<\/em><\/p>\n\n\n\n<p class=\"wp-block-paragraph\">Adem\u00e1s,&nbsp;<strong>Judith Macias<\/strong>&nbsp;durante su campa\u00f1a se percat\u00f3 que en el municipio hace falta apoyar a las necesidades b\u00e1sicas como el abasto de agua, la cual no llega a las zonas de la periferia.<\/p>\n\n\n\n<p class=\"wp-block-paragraph\">Con respecto a la reforestaci\u00f3n dentro del plan medio ambiental refrend\u00f3 su compromiso por sembrar la cantidad de \u00e1rboles correspondientes a los&nbsp;<strong>6 mil 500 votos recibidos<\/strong>, esto como parte de sus propuestas en campa\u00f1a, la cual ya se encuentra lista para comenzar una vez inicie su mandato.<\/p>\n\n\n\n<p class=\"wp-block-paragraph\"><\/p>\n","protected":false},"excerpt":{"rendered":"<p>Abrir caminos para las mujeres con capacidad e inteligencia: presidenta municipal Sarahisabel Barajas SemM\u00e9xico, Guadalajara, Jalisco, 27 de septiembre, 2024.- El pr\u00f3ximo primero de octubre en&nbsp;Jalostotitl\u00e1n&nbsp;tomar\u00e1 protesta la primera&nbsp;presidenta electa&nbsp;en la historia del municipio, esto simboliza el esfuerzo de las mujeres que han buscado implicarse en la toma de decisiones,&nbsp;Judith Macias,&nbsp;presidenta&nbsp;electa se\u00f1al\u00f3 lo que representa [&hellip;]<\/p>\n","protected":false},"author":3,"featured_media":87543,"comment_status":"open","ping_status":"open","sticky":false,"template":"","format":"standard","meta":{"_monsterinsights_skip_tracking":false,"footnotes":""},"categories":[903],"tags":[],"class_list":["post-87542","post","type-post","status-publish","format-standard","has-post-thumbnail","category-presidenta-y-mas"],"_links":{"self":[{"href":"https:\/\/redsemlac.com\/semmexico\/wp-json\/wp\/v2\/posts\/87542","targetHints":{"allow":["GET"]}}],"collection":[{"href":"https:\/\/redsemlac.com\/semmexico\/wp-json\/wp\/v2\/posts"}],"about":[{"href":"https:\/\/redsemlac.com\/semmexico\/wp-json\/wp\/v2\/types\/post"}],"author":[{"embeddable":true,"href":"https:\/\/redsemlac.com\/semmexico\/wp-json\/wp\/v2\/users\/3"}],"replies":[{"embeddable":true,"href":"https:\/\/redsemlac.com\/semmexico\/wp-json\/wp\/v2\/comments?post=87542"}],"version-history":[{"count":0,"href":"https:\/\/redsemlac.com\/semmexico\/wp-json\/wp\/v2\/posts\/87542\/revisions"}],"wp:featuredmedia":[{"embeddable":true,"href":"https:\/\/redsemlac.com\/semmexico\/wp-json\/wp\/v2\/media\/87543"}],"wp:attachment":[{"href":"https:\/\/redsemlac.com\/semmexico\/wp-json\/wp\/v2\/media?parent=87542"}],"wp:term":[{"taxonomy":"category","embeddable":true,"href":"https:\/\/redsemlac.com\/semmexico\/wp-json\/wp\/v2\/categories?post=87542"},{"taxonomy":"post_tag","embeddable":true,"href":"https:\/\/redsemlac.com\/semmexico\/wp-json\/wp\/v2\/tags?post=87542"}],"curies":[{"name":"wp","href":"https:\/\/api.w.org\/{rel}","templated":true}]}}