{"id":87532,"date":"2024-09-27T18:14:45","date_gmt":"2024-09-28T00:14:45","guid":{"rendered":"https:\/\/redsemlac.com\/semmexico\/?p=87532"},"modified":"2024-09-27T18:14:46","modified_gmt":"2024-09-28T00:14:46","slug":"prensa-escrita-debe-modificar-sus-politicas-para-dar-mas-voz-a-mujeres-estudio-de-la-universidad-de-guadalajara","status":"publish","type":"post","link":"https:\/\/redsemlac.com\/semmexico\/prensa-escrita-debe-modificar-sus-politicas-para-dar-mas-voz-a-mujeres-estudio-de-la-universidad-de-guadalajara\/","title":{"rendered":"Prensa escrita debe modificar sus pol\u00edticas para dar m\u00e1s voz a mujeres: estudio de la Universidad de Guadalajara"},"content":{"rendered":"\n<p class=\"wp-block-paragraph\"><a href=\"https:\/\/www.udg.mx\/sites\/default\/files\/img_noticias\/240926_prensa-escrita-debe-modificar-sus-politicas-para-dar-mas-voz-a-mujeres_fv3.jpg\"><\/a><em>Noticias sobre la condici\u00f3n social de las mujeres en la prensa mexicana menos de 13 por\u00a0 ciento<\/em><\/p>\n\n\n\n<p class=\"wp-block-paragraph\"><em>Viendo s columnas publicadas en los cuatro medios m\u00e1s importantes de Jalisco, \u00fanicamente diez por ciento son escritas por mujeres<\/em><\/p>\n\n\n\n<p class=\"wp-block-paragraph\">&nbsp;Valeria Estefan\u00eda Jim\u00e9nez Mu\u00f1iz<\/p>\n\n\n\n<p class=\"wp-block-paragraph\">Fotograf\u00eda: Fernanda Vel\u00e1zquez<\/p>\n\n\n\n<p class=\"wp-block-paragraph\">SemM\u00e9xico, Guadalajara, Jalisco, 27 de septiembre,&nbsp; 2024.-El Jefe del Departamento de Estudios Pol\u00edticos del&nbsp;<a href=\"http:\/\/www.cucsh.udg.mx\/\">Centro Universitario de Ciencias Sociales y Humanidades (CUCSH)<\/a>&nbsp;de la Universidad de Guadalajara &nbsp;y Coordinador de la l\u00ednea de investigaci\u00f3n en Comunicaci\u00f3n pol\u00edtica, doctor Armando Zacar\u00edas Castillo, present\u00f3 el estudio&nbsp;\u201cEl micro universo de la mujer en los medios escritos estatales y nacionales\u201d,&nbsp;que evidenci\u00f3 que la prensa escrita sigue pol\u00edticas editoriales que afectan la representaci\u00f3n de la mujer en el mundo noticioso.&nbsp;<\/p>\n\n\n\n<p class=\"wp-block-paragraph\">&nbsp;\u201cLos medios de comunicaci\u00f3n, principalmente la prensa escrita, nos marca una gu\u00eda para establecer la agenda sobre los eventos pol\u00edticos y sociales. A partir de esto, revisamos la realidad noticiosa pol\u00edtica y c\u00f3mo se destaca la presencia de la mujer\u201d explic\u00f3.&nbsp;<\/p>\n\n\n\n<p class=\"wp-block-paragraph\">&nbsp;El estudio es realizado con la participaci\u00f3n de estudiantes y pasantes de la licenciatura en Estudios Pol\u00edticos y de Gobierno del CUCSH, los cuales monitorearon seis medios nacionales (<em>El Universal<\/em>,&nbsp;<em>Milenio<\/em>,&nbsp;<em>Reforma<\/em>,&nbsp;<em>El Financiero<\/em>,&nbsp;<em>Exc\u00e9lsior<\/em>&nbsp;y&nbsp;<em>La Jornada<\/em>) y los cuatro medios impresos m\u00e1s relevantes de Jalisco (<em>El Informador<\/em>,&nbsp;<em>Milenio Jalisco<\/em>,&nbsp;<em>Diario NTR<\/em>&nbsp;y&nbsp;<em>Mural<\/em>).&nbsp;<\/p>\n\n\n\n<figure class=\"wp-block-image size-full\"><a href=\"https:\/\/redsemlac.com\/semmexico\/wp-content\/uploads\/2024\/09\/prensa-escrita-02.jpg\"><img loading=\"lazy\" decoding=\"async\" width=\"850\" height=\"690\" src=\"https:\/\/redsemlac.com\/semmexico\/wp-content\/uploads\/2024\/09\/prensa-escrita-02.jpg\" alt=\"\" class=\"wp-image-87533\"\/><\/a><\/figure>\n\n\n\n<p class=\"wp-block-paragraph\"><a href=\"https:\/\/www.udg.mx\/sites\/default\/files\/img_noticias\/240926_prensa-escrita-debe-modificar-sus-politicas-para-dar-mas-voz-a-mujeres_fv4.jpg\"><\/a><\/p>\n\n\n\n<p class=\"wp-block-paragraph\">&nbsp;La alumna de la licenciatura en Estudios Pol\u00edticos, Bianny Mu\u00f1oz Flores, explic\u00f3 que durante el monitoreo se obtuvo un muestreo de&nbsp;5 mil 010 notas de primera plana a nivel nacional, de las cuales, 352 abordaban a la mujer como dato noticioso; en Jalisco fueron 3 mil 415, con 374 notas reportando a las mujeres noticiosamente.<\/p>\n\n\n\n<p class=\"wp-block-paragraph\">En cuanto a la mujer como eje de opini\u00f3n, se tuvo una muestra de&nbsp;525 columnas en lo estatal: s\u00f3lo 66 reportaron a las mujeres dentro del art\u00edculo \u2013lo que representa 13 por ciento del total\u2013, priorizando temas de pol\u00edtica, seguridad y salud.&nbsp;<\/p>\n\n\n\n<p class=\"wp-block-paragraph\">&nbsp;Como opinadoras, explic\u00f3 Mu\u00f1oz Flores,&nbsp;se analizaron 4 mil 422 columnas en las que se encontr\u00f3 que una de cada diez columnas son escritas por mujeres, las cuales abordan mayormente temas nacionales, principalmente de seguridad, pol\u00edtica y lo social.&nbsp;<\/p>\n\n\n\n<p class=\"wp-block-paragraph\">&nbsp;\u201cEn conclusi\u00f3n, notamos un rezago en la presencia de las mujeres en los medios de comunicaci\u00f3n, tanto en ser protagonistas de la nota, como tema de inter\u00e9s para crear columnas, y particularmente como creadoras de contenido. Esto puede deberse a una respuesta de la l\u00ednea informativa que no brinda suficiente espacio de representaci\u00f3n en comparaci\u00f3n con la priorizaci\u00f3n de temas masculinos e instituciones, seg\u00fan las l\u00edneas editoriales de cada medio\u201d, concluy\u00f3 Mu\u00f1oz Flores.&nbsp;<\/p>\n\n\n\n<p class=\"wp-block-paragraph\">Zacar\u00edas Castillo explic\u00f3 que las estructuras empresariales de los medios no tienen una visi\u00f3n de inclusi\u00f3n de la mujer en temas pol\u00edticos; sus editoriales no han sido modificadas, lo que tendr\u00eda que ocurrir para poder abordar m\u00e1s estos temas y focalizar esos puestos de poder y que sean encabezados por actores femeninos en la prensa escrita.&nbsp;<\/p>\n\n\n\n<p class=\"wp-block-paragraph\">\u201cEn todo el tiempo que hemos realizado monitoreo no hemos visto cambios significativos en la estructura de aparici\u00f3n de la mujer; observamos, incluso, que como columnistas pueden abarcar diversos temas, pero no se ampl\u00eda el n\u00famero de mujeres escribiendo. Para cambiarlo ser\u00eda necesaria una modificaci\u00f3n de las pol\u00edticas editoriales, la cual pudiera comenzar con el aumento de actores pol\u00edticos en puestos de poder, primordialmente la aparici\u00f3n de la primera presidenta del pa\u00eds\u201d, concluy\u00f3 Zacar\u00edas Castillo.&nbsp;<\/p>\n","protected":false},"excerpt":{"rendered":"<p>Noticias sobre la condici\u00f3n social de las mujeres en la prensa mexicana menos de 13 por\u00a0 ciento Viendo s columnas publicadas en los cuatro medios m\u00e1s importantes de Jalisco, \u00fanicamente diez por ciento son escritas por mujeres &nbsp;Valeria Estefan\u00eda Jim\u00e9nez Mu\u00f1iz Fotograf\u00eda: Fernanda Vel\u00e1zquez SemM\u00e9xico, Guadalajara, Jalisco, 27 de septiembre,&nbsp; 2024.-El Jefe del Departamento de [&hellip;]<\/p>\n","protected":false},"author":3,"featured_media":87534,"comment_status":"open","ping_status":"open","sticky":false,"template":"","format":"standard","meta":{"_monsterinsights_skip_tracking":false,"footnotes":""},"categories":[748],"tags":[],"class_list":["post-87532","post","type-post","status-publish","format-standard","has-post-thumbnail","category-cultura-feminista"],"_links":{"self":[{"href":"https:\/\/redsemlac.com\/semmexico\/wp-json\/wp\/v2\/posts\/87532","targetHints":{"allow":["GET"]}}],"collection":[{"href":"https:\/\/redsemlac.com\/semmexico\/wp-json\/wp\/v2\/posts"}],"about":[{"href":"https:\/\/redsemlac.com\/semmexico\/wp-json\/wp\/v2\/types\/post"}],"author":[{"embeddable":true,"href":"https:\/\/redsemlac.com\/semmexico\/wp-json\/wp\/v2\/users\/3"}],"replies":[{"embeddable":true,"href":"https:\/\/redsemlac.com\/semmexico\/wp-json\/wp\/v2\/comments?post=87532"}],"version-history":[{"count":0,"href":"https:\/\/redsemlac.com\/semmexico\/wp-json\/wp\/v2\/posts\/87532\/revisions"}],"wp:featuredmedia":[{"embeddable":true,"href":"https:\/\/redsemlac.com\/semmexico\/wp-json\/wp\/v2\/media\/87534"}],"wp:attachment":[{"href":"https:\/\/redsemlac.com\/semmexico\/wp-json\/wp\/v2\/media?parent=87532"}],"wp:term":[{"taxonomy":"category","embeddable":true,"href":"https:\/\/redsemlac.com\/semmexico\/wp-json\/wp\/v2\/categories?post=87532"},{"taxonomy":"post_tag","embeddable":true,"href":"https:\/\/redsemlac.com\/semmexico\/wp-json\/wp\/v2\/tags?post=87532"}],"curies":[{"name":"wp","href":"https:\/\/api.w.org\/{rel}","templated":true}]}}