{"id":87528,"date":"2024-09-27T18:07:02","date_gmt":"2024-09-28T00:07:02","guid":{"rendered":"https:\/\/redsemlac.com\/semmexico\/?p=87528"},"modified":"2024-09-27T18:07:03","modified_gmt":"2024-09-28T00:07:03","slug":"no-hay-avances-esperados-seguimos-sin-saber-que-paso-con-los-43-mercedes-doretti","status":"publish","type":"post","link":"https:\/\/redsemlac.com\/semmexico\/no-hay-avances-esperados-seguimos-sin-saber-que-paso-con-los-43-mercedes-doretti\/","title":{"rendered":"No hay avances esperados, seguimos sin saber qu\u00e9 pas\u00f3 con los 43: Mercedes Doretti"},"content":{"rendered":"\n<p class=\"wp-block-paragraph\">Los familiares de los 43 normalistas desaparecidos de Ayotzinapa, en la Facultad de Filosof\u00eda y Letras de la Universidad Nacional Aut\u00f3noma de M\u00e9xico. \/ Foto: Ivonne Rodr\u00edguez\/ El Sol de M\u00e9xico<\/p>\n\n\n\n<p class=\"wp-block-paragraph\">La integrante del Equipo Argentino de Antropolog\u00eda Forense coment\u00f3 en entrevista que s\u00f3lo se han identificado a tres normalistas; uno en el sexenio de Pe\u00f1a Nieto, y dos en esta administraci\u00f3n<\/p>\n\n\n\n<p class=\"wp-block-paragraph\">Roxana Gonz\u00e1lez y Atzayacatl Cabrera<\/p>\n\n\n\n<p class=\"wp-block-paragraph\">SemM\u00e9xico\/ El Sol de M\u00e9xico, Cd. de M\u00e9xico, 27 de septiembre, 2024.- \u201cLamentablemente no se est\u00e1n produciendo los avances que se esperaban, seguimos sin saber qu\u00e9 es exactamente lo que pas\u00f3 con los estudiantes\u201d, expone sobre el&nbsp;<strong>caso Ayotzinapa<\/strong>&nbsp;Mercedes Doretti, directora para Centro y Norteam\u00e9rica del Equipo Argentino de Antropolog\u00eda Forense (EAAF).<\/p>\n\n\n\n<p class=\"wp-block-paragraph\">En entrevista con El Sol de M\u00e9xico, Doretti se\u00f1ala que a 10 a\u00f1os de la noche de Iguala, el paradero de 40 de los&nbsp;43 normalistas de Ayotzinapa&nbsp;sigue siendo una inc\u00f3gnita. Reconoci\u00f3 que al inicio de la&nbsp;administraci\u00f3n de Andr\u00e9s Manuel L\u00f3pez Obrador, hubo avances pero \u00e9stos se vieron truncados por presiones del gobierno, hecho que compara con lo que ocurri\u00f3 con el&nbsp;Grupo Interdisciplinario de Expertos Independientes (GIEI).<\/p>\n\n\n\n<p class=\"wp-block-paragraph\">\u201cLa causa tuvo una serie de avances importantes hace varios a\u00f1os con el nombramiento de un nuevo fiscal, pero&nbsp;<strong>fiscal&nbsp;<\/strong>en septiembre del 2023 decidi\u00f3 renunciar ante distintas presiones que recibi\u00f3 e intromisiones en su trabajo por parte del gobierno\u201d, explica.<\/p>\n\n\n\n<p class=\"wp-block-paragraph\">\u201cEso significa un retraso muy grande y algo parecido sucedi\u00f3 tambi\u00e9n con el grupo independiente interdisciplinario de expertos, el GIEI&nbsp;<strong>Ayotzinapa<\/strong>, que tambi\u00e9n decidi\u00f3 retirarse del pa\u00eds y de la investigaci\u00f3n el a\u00f1o pasado por toparse con una serie de trabas que ya no pod\u00eda superar para que la investigaci\u00f3n avanzara\u201d, agreg\u00f3.<\/p>\n\n\n\n<p class=\"wp-block-paragraph\">La antrop\u00f3loga forense considera que uno de los avances es que el&nbsp;<strong>gobierno de M\u00e9xico<\/strong>&nbsp;reconoci\u00f3 el caso Ayotzinapa como un crimen de Estado y no obstante, contrapone que \u201cseguimos sin tener total informaci\u00f3n de qui\u00e9nes son los responsables y definitivamente de qu\u00e9 es lo que ha pasado con los estudiantes\u201d.<\/p>\n\n\n\n<p class=\"wp-block-paragraph\">Destaca adem\u00e1s el trabajo del exfiscal del caso Ayotzinapa, Omar G\u00f3mez Trejo, quien \u201cen parte de su investigaci\u00f3n se dedicaba no solamente a tratar de establecer responsabilidades sobre los hechos y buscar a los estudiantes, sino tambi\u00e9n hab\u00eda abierto toda una investigaci\u00f3n sobre el encubrimiento de lo sucedido por distintas agencias del estado, tanto fuerzas de seguridad, el ej\u00e9rcito y las distintas instancias de justicia que participaron originalmente en la investigaci\u00f3n\u201d.<\/p>\n\n\n\n<p class=\"wp-block-paragraph\"><strong>\u201cLamentablemente, como en otros casos tambi\u00e9n de violaciones a los derechos humanos, adem\u00e1s del crimen est\u00e1 el tema del encubrimiento o el tratar de fabricar una versi\u00f3n que no se ajusta a la verdad\u201d<\/strong>.<\/p>\n\n\n\n<p class=\"wp-block-paragraph\">Ayer, en su conferencia matutina el presidente L\u00f3pez Obrador reconoci\u00f3 que, a d\u00edas del cierre de su sexenio, no se lograron los avances esperados en el caso Ayotzinapa. En un tercer y \u00faltimo informe se la<strong>&nbsp;Comisi\u00f3n para la Verdad y Acceso a la Justicia del Caso Ayotzinapa (Covaj),<\/strong>&nbsp;el mandatario sostiene su postura para exculpar a las Fuerzas Armadas de su participaci\u00f3n en la desaparici\u00f3n de los 43 estudiantes.<\/p>\n\n\n\n<p class=\"wp-block-paragraph\">El EAAF es una organizaci\u00f3n cient\u00edfica y de derechos humanos que surgi\u00f3 en&nbsp;<strong>Argentina&nbsp;<\/strong>con el fin de identificar los restos humanos de cientos de personas desaparecidas durante la dictadura argentina. Su trabajo data de hace 40 a\u00f1os y se ha extendido a otros pa\u00edses. En M\u00e9xico, fuer una de las organizaciones que investigaron desde el inicio el caso Ayotzinapa.<\/p>\n\n\n\n<p class=\"wp-block-paragraph\">\u201cEl rol del EAAF en la investigaci\u00f3n sobre la desaparici\u00f3n de los 43 normalistas de Ayotzinapa es como peritos de las familias. En ese sentido, desde el 2014, o sea desde hace 10 a\u00f1os, acompa\u00f1amos a las familias como&nbsp;<strong>peritos&nbsp;<\/strong>en ciencias forenses en distintas investigaciones que se han realizado hasta la fecha\u201d, detalla Doretti.<\/p>\n\n\n\n<p class=\"wp-block-paragraph\">\u201cNuestro rol ha sido el de una voz t\u00e9cnica, independiente, forense, acompa\u00f1ando a las familias y tambi\u00e9n dando a conocer nuestra opini\u00f3n ante la opini\u00f3n p\u00fablica\u201d.<\/p>\n\n\n\n<p class=\"wp-block-paragraph\">La especialista narra que en 2014 se estableci\u00f3 una versi\u00f3n de los hechos conocida como \u201cverdad hist\u00f3rica\u201d, que fue presentada por el exprocurador General de la Rep\u00fablica,&nbsp;<strong>Jes\u00fas Murillo Karam<\/strong>&nbsp;-actualmente en prisi\u00f3n domiciliaria- y arropada por el expresidente Pe\u00f1a Nieto. Sin embargo, esgrime:<\/p>\n\n\n\n<p class=\"wp-block-paragraph\">\u201cEsta versi\u00f3n de los hechos no se coincide con las distintas investigaciones que realizamos, tanto nosotros como<strong>&nbsp;Equipo Argentino de Antropolog\u00eda Forense<\/strong>, como otras investigaciones independientes, fundamentalmente aquella realizada, que es de las m\u00e1s profundas, por el Grupo Interdisciplinario de Expertos Independientes, el GIEI Ayotzinapa, que fue enviado al pa\u00eds por la Comisi\u00f3n Interamericana de Derechos Humanos\u201d.<\/p>\n\n\n\n<figure class=\"wp-block-image size-full\"><a href=\"https:\/\/redsemlac.com\/semmexico\/wp-content\/uploads\/2024\/09\/no-hay-avances-02.jpg\"><img loading=\"lazy\" decoding=\"async\" width=\"720\" height=\"540\" src=\"https:\/\/redsemlac.com\/semmexico\/wp-content\/uploads\/2024\/09\/no-hay-avances-02.jpg\" alt=\"\" class=\"wp-image-87529\"\/><\/a><\/figure>\n\n\n\n<p class=\"wp-block-paragraph\">Mercedes Doretti considera que uno de los avances es que el gobierno de M\u00e9xico reconoci\u00f3 el caso Ayotzinapa como un crimen de Estado. \/ Foto: Ivonne Rodr\u00edguez\/ El Sol de M\u00e9xico<\/p>\n\n\n\n<p class=\"wp-block-paragraph\">\u201cHa sido una lucha realmente por tratar de establecer exactamente qu\u00e9 es lo que ha sucedido y separar de la investigaci\u00f3n aquellos elementos que no tienen un sustento, ni en la evidencia que se tiene, ni en todo lo que se conoce, y que tienen m\u00e1s bien una intenci\u00f3n de encubrimiento m\u00e1s que de llegar a la verdad de los hechos\u201d.<\/p>\n\n\n\n<p class=\"wp-block-paragraph\"><strong>Mercedes Doretti<\/strong>&nbsp;record\u00f3 que en una d\u00e9cada \u00fanicamente se han identificado los restos de tres de los&nbsp;<strong>43 estudiantes desaparecidos<\/strong>&nbsp;entre la noche del 26 y madrugada del 27 de septiembre de 2014. Dos de las identificaciones se ocurrieron este sexenio.<\/p>\n\n\n\n<p class=\"wp-block-paragraph\">La integrante del EAAF concluye que la&nbsp;<strong>desaparici\u00f3n de los 43 normalistas de Ayotzinapa<\/strong>&nbsp;forma parte de un contexto que se extiende a miles de personas desaparecidas en&nbsp;<strong>M\u00e9xico<\/strong>. De acuerdo con datos de la organizaci\u00f3n de investigadores y periodistas A d\u00f3nde van los desaparecidos, en los \u00faltimos tres sexenios hay m\u00e1s de 115 mil personas de quienes se desconoce su paradero y existe un rezago forense se 72 mil 100 cuerpos sin identificar.<\/p>\n\n\n\n<p class=\"wp-block-paragraph\">\u201cDe manera que la situaci\u00f3n realmente sobre&nbsp;<strong>derechos humanos<\/strong>&nbsp;es muy grave y en aumento, lamentablemente, desde el 2006 hasta la fecha\u201d, remata.<\/p>\n","protected":false},"excerpt":{"rendered":"<p>Los familiares de los 43 normalistas desaparecidos de Ayotzinapa, en la Facultad de Filosof\u00eda y Letras de la Universidad Nacional Aut\u00f3noma de M\u00e9xico. \/ Foto: Ivonne Rodr\u00edguez\/ El Sol de M\u00e9xico La integrante del Equipo Argentino de Antropolog\u00eda Forense coment\u00f3 en entrevista que s\u00f3lo se han identificado a tres normalistas; uno en el sexenio de [&hellip;]<\/p>\n","protected":false},"author":3,"featured_media":87530,"comment_status":"open","ping_status":"open","sticky":false,"template":"","format":"standard","meta":{"_monsterinsights_skip_tracking":false,"footnotes":""},"categories":[694],"tags":[],"class_list":["post-87528","post","type-post","status-publish","format-standard","has-post-thumbnail","category-destacadas"],"_links":{"self":[{"href":"https:\/\/redsemlac.com\/semmexico\/wp-json\/wp\/v2\/posts\/87528","targetHints":{"allow":["GET"]}}],"collection":[{"href":"https:\/\/redsemlac.com\/semmexico\/wp-json\/wp\/v2\/posts"}],"about":[{"href":"https:\/\/redsemlac.com\/semmexico\/wp-json\/wp\/v2\/types\/post"}],"author":[{"embeddable":true,"href":"https:\/\/redsemlac.com\/semmexico\/wp-json\/wp\/v2\/users\/3"}],"replies":[{"embeddable":true,"href":"https:\/\/redsemlac.com\/semmexico\/wp-json\/wp\/v2\/comments?post=87528"}],"version-history":[{"count":0,"href":"https:\/\/redsemlac.com\/semmexico\/wp-json\/wp\/v2\/posts\/87528\/revisions"}],"wp:featuredmedia":[{"embeddable":true,"href":"https:\/\/redsemlac.com\/semmexico\/wp-json\/wp\/v2\/media\/87530"}],"wp:attachment":[{"href":"https:\/\/redsemlac.com\/semmexico\/wp-json\/wp\/v2\/media?parent=87528"}],"wp:term":[{"taxonomy":"category","embeddable":true,"href":"https:\/\/redsemlac.com\/semmexico\/wp-json\/wp\/v2\/categories?post=87528"},{"taxonomy":"post_tag","embeddable":true,"href":"https:\/\/redsemlac.com\/semmexico\/wp-json\/wp\/v2\/tags?post=87528"}],"curies":[{"name":"wp","href":"https:\/\/api.w.org\/{rel}","templated":true}]}}