{"id":87522,"date":"2024-09-27T17:44:56","date_gmt":"2024-09-27T23:44:56","guid":{"rendered":"https:\/\/redsemlac.com\/semmexico\/?p=87522"},"modified":"2024-09-27T17:44:58","modified_gmt":"2024-09-27T23:44:58","slug":"rafaga-cuidar-la-espalda-y-no-criticar-al-pasado","status":"publish","type":"post","link":"https:\/\/redsemlac.com\/semmexico\/rafaga-cuidar-la-espalda-y-no-criticar-al-pasado\/","title":{"rendered":"R\u00e1faga| Cuidar La Espalda y No Criticar al Pasado;"},"content":{"rendered":"\n<p class=\"wp-block-paragraph\"><em>Nadie M\u00e1s Fuerte\u00a0\u00a0 y S\u00f3lido, Pol\u00edticamente; Poco Cambio de Baraja, al Empezar el Juego; Piden No Enjuiciar ni Alborotar Por el Pasado; Vivir en Palacio Nacional; Retomar Las Ma\u00f1aneras y Presidir las madrugadoras juntas con el gabinete de seguridad, en Nada Benefician la Imagen de la Doctora Presidenta.\u00a0\u00a0<\/em><\/p>\n\n\n\n<p class=\"wp-block-paragraph\">Jorge Herrera Valenzuela<\/p>\n\n\n\n<p class=\"wp-block-paragraph\">SemM\u00e9xico, Cd. de M\u00e9xico, 27 de septiembre, 2024.-El martes pr\u00f3ximo viviremos el trascendental hecho hist\u00f3rico en nuestra historia: tomar\u00e1 posesi\u00f3n la Primera Presidenta Constitucional de los Estados Unidos Mexicanos.<\/p>\n\n\n\n<p class=\"wp-block-paragraph\">Celebramos el Bicentenario de la Rep\u00fablica con la llegada de la doctora en Ciencias Claudia Sheinbaum Pardo al despacho presidencial de Palacio Nacional.<\/p>\n\n\n\n<p class=\"wp-block-paragraph\">Hay cierto optimismo de que la primera mandataria, del Pa\u00eds que fue l\u00edder en Am\u00e9rica Latina, gobierne con autonom\u00eda, libertad absoluta, estilo propio para devolver la seguridad dentro y fuera de los hogares, iniciar el combate a la organizaci\u00f3n criminal que tiene dominio en muchas entidades y se desea haya avances en materia educativa, en la atenci\u00f3n a la salud, abrir los caminos al di\u00e1logo, apoyar al deporte amateur y a lo relacionado con la cultura.<\/p>\n\n\n\n<p class=\"wp-block-paragraph\">Al tener el poder pol\u00edtico como Presidenta de M\u00e9xico y ser la Comandanta Suprema de las Fuerzas Armadas, la universitaria podr\u00eda dejar la sumisi\u00f3n y la complacencia con que se ha manejado desde el lunes 3 de junio y despu\u00e9s como Presidenta Electa. Su responsabilidad hist\u00f3rica es m\u00e1s pesada que la loza que carg\u00f3 \u201cEl P\u00edpila\u201d. Sin embargo, tambi\u00e9n hay comentarios de los pesimistas.<\/p>\n\n\n\n<p class=\"wp-block-paragraph\"><strong>\u00bfIMPOSIBLE TOCAR RETIRADA?<\/strong><\/p>\n\n\n\n<p class=\"wp-block-paragraph\">El tabasque\u00f1o estructur\u00f3, nacionalmente, lo necesario para mantenerse en el poder y no precisamente tras el trono, ni como sombra de la sucesora.<\/p>\n\n\n\n<p class=\"wp-block-paragraph\">Su amenazante \u201cderecho de revocaci\u00f3n de mandato\u201d, es su carta m\u00e1s vista para jugar si no se cumplen sus \u00f3rdenes. Es incontenible su ambici\u00f3n, el retornar al poder. Nadie le cree que se retira de la pol\u00edtica y deja el partido pol\u00edtico del que es \u00fanico due\u00f1o, fundador y l\u00edder real. \u00c9l s\u00ed ser\u00e1 contrapeso para su \u201cexcorcholata\u201d.<\/p>\n\n\n\n<p class=\"wp-block-paragraph\">Cuenta, el creador de \u201clas ma\u00f1aneras\u201d, con gobernadores y gobernadoras, tiene control del Congreso de la Uni\u00f3n y coloc\u00f3 a su hijo \u201cAndy\u201d para liderar el Movimiento de Regeneraci\u00f3n Nacional con miras a ser el candidato presidencial en el 2030.&nbsp;<\/p>\n\n\n\n<p class=\"wp-block-paragraph\">Escribi\u00f3 Jes\u00fas Silva Herzog M\u00e1rquez que la presidenta est\u00e1 maniatada y en una prisi\u00f3n, pues su antecesor arm\u00f3 la estructura nacional necesaria para mantener su poder. \u201cLa Paradoja. Sheinbaum ser\u00e1 Presidenta dentro de una prisi\u00f3n: un r\u00e9gimen que AMLO construy\u00f3 para s\u00ed mismo\u201d, es la s\u00edntesis de su columna semanal. M\u00e1s claro\u2026 \u00a1imposible!, dir\u00eda mi estimado amigo, el penalista y respetado pol\u00edtico Jes\u00fas Gonz\u00e1lez Schmal.<\/p>\n\n\n\n<p class=\"wp-block-paragraph\"><strong>CLAUDIA DEBE MEDITAR<\/strong><\/p>\n\n\n\n<p class=\"wp-block-paragraph\">La doctora Claudia Sheinbaum Pardo deber\u00e1 de meditar muy bien, con amplio sentido, sin caer en la demagogia. Es natural que est\u00e9 muy emocionada. Aplaudible que goce y disfrute ser la primera mandataria mexicana.<\/p>\n\n\n\n<p class=\"wp-block-paragraph\">Estoy de acuerdo en que es una persona preparada, sin suficiente experiencia pol\u00edtica. Carece de carisma. En su rostro no se dibuja una sonrisa ni una mirada picaresca. No se le conoce con facultades de conciliadora. Aun as\u00ed, estimo debemos brindarle nuestro apoyo, lo necesitar\u00e1 indiscutiblemente y es por el bien de M\u00e9xico.<\/p>\n\n\n\n<p class=\"wp-block-paragraph\">En el reciente congreso nacional del partido en el poder, la doctora Sheinbaum dijo, entre otras cosas, que no cree exagerar al decir que \u201csomos el movimiento social y pol\u00edtico m\u00e1s fuerte de todo el mundo, de todo el planeta, porque tenemos un principio claro y principios s\u00f3lidos\u201d.<\/p>\n\n\n\n<p class=\"wp-block-paragraph\">Respetable esa opini\u00f3n, como criticable el que pida licencia como militante del partido que la llev\u00f3 al poder. Sabe que debe gobernar para todas y todos, lo que no es una concesi\u00f3n.<\/p>\n\n\n\n<p class=\"wp-block-paragraph\">Por cierto, uno de los proyectos deber\u00eda ser la b\u00fasqueda de la reunificaci\u00f3n ciudadana. Se terminaron amistades y subsiste la divisi\u00f3n en las familias. El clasismo es una obra da\u00f1ina del sexenio que termina.<\/p>\n\n\n\n<p class=\"wp-block-paragraph\">Tambi\u00e9n en el mismo evento, al que acudieron dos mil seguidores y militantes del MRN, Sheinbaum expres\u00f3 que su partido \u201cdebe ser luz de honestidad y ejemplo para toda la sociedad. No ser partido de Estado, el Gobierno de la Rep\u00fablica cumple sus tareas para la transformaci\u00f3n del Pa\u00eds y el partido debe fortalecerse, sin caer en el burocratismo\u201d.<\/p>\n\n\n\n<p class=\"wp-block-paragraph\">Desde antes de que Plutarco El\u00edas Calles fundara el Partido Nacional Revolucionario, en 1929, apareci\u00f3 el Gobierno de Estado. En este siglo, los dos \u201cgobiernos de la alternancia\u201d lo fueron y en el gobierno que concluye, tras 5 a\u00f1os y 10 meses, no hubo variante.<\/p>\n\n\n\n<p class=\"wp-block-paragraph\">Integraci\u00f3n de los equipos, gabinetes para empezar, Congreso de la Uni\u00f3n, gobernadores y muchas presidencias municipales, son una muestra pr\u00e1ctica del Gobierno de Estado.<\/p>\n\n\n\n<p class=\"wp-block-paragraph\">No se ha liquidado el presidencialismo. M\u00e9xico no es la excepci\u00f3n, cada partido encumbran a sus personajes y si hemos tenido funcionarios y legisladores \u201cindependientes, sin militancia partidista\u201d, es circunstancial.<\/p>\n\n\n\n<p class=\"wp-block-paragraph\"><strong>LAS MISMAS CARTAS EN LA MESA<\/strong><\/p>\n\n\n\n<p class=\"wp-block-paragraph\">Con base en que hubo una modificaci\u00f3n constitucional, el Fiscal General de la Rep\u00fablica, Alejandro Gertz Manero, continuar\u00e1 en esa dependencia por cuatro a\u00f1os m\u00e1s. Su actual desempe\u00f1o ni bueno ni malo, gris de sumisi\u00f3n, de acatamiento a las \u00f3rdenes presidenciales.<\/p>\n\n\n\n<p class=\"wp-block-paragraph\">Debo comentar que al abogado Gertz Manero le mantuve respeto y admiraci\u00f3n por su desempe\u00f1o profesional. Egresado de la Escuela Libre de Derecho, Generaci\u00f3n 1956; doctorado en la Facultad de Derecho, UNAM; profesor en el ITAM y en Ciencias Pol\u00edticos de la UNAM. Rector de la Universidad de las Am\u00e9ricas, Ciudad de M\u00e9xico. Colabor\u00f3 en el gobierno de Vicente Fox y fue diputado federal apoyado por Movimiento Ciudadano.<\/p>\n\n\n\n<p class=\"wp-block-paragraph\">Lamentable y triste su actuaci\u00f3n como Fiscal General. Estuvo sujeto a las ocurrencias presidenciales para hacer bien y para no hacerlo.<\/p>\n\n\n\n<p class=\"wp-block-paragraph\">\u00bfCaras nuevas en los gabinetes? Pocas. Hay bastantes repetidores, algunos ratificados en su cargo como Zo\u00e9 Robledo en el IMSS y el referido abogado Gertz Manero. La baraja es mayoritariamente la misma que estuvo en la mesa que termina el pr\u00f3ximo lunes 31 de este septiembre. La permanencia de Antonio Mart\u00ednez Dagnino, director del Servicio de Administraci\u00f3n Tributaria, SAT, puede provocar la salida del economista Rogelio E. Ram\u00edrez de la O, titular de Hacienda. Es un rumor circulante, reitero rumor.<\/p>\n\n\n\n<p class=\"wp-block-paragraph\">Cartas fundamentales para el gobierno que viene: Juan Ram\u00f3n de la Fuente Ram\u00edrez, en Relaciones Exteriores; En Econom\u00eda, Marcelo Ebrard Casaub\u00f3n. La bi\u00f3loga Alicia B\u00e1rcena, en los asuntos del medio ambiente y del cambio clim\u00e1tico.<\/p>\n\n\n\n<p class=\"wp-block-paragraph\">Los ojos de los mexicanos estar\u00e1n, con gran expectativa, en fijos en Omar H Garc\u00eda Harfuch, en el combate a la delincuencia organizada y al narcotr\u00e1fico. Requiere carta blanca, plena confianza y buen equipo.&nbsp; Forma parte del cuarteto de lujo.<\/p>\n\n\n\n<p class=\"wp-block-paragraph\"><strong>NO VER HACIA EL PASADO<\/strong><\/p>\n\n\n\n<p class=\"wp-block-paragraph\">Entre las versiones que circulan en el ambiente pol\u00edtico, antes se lo atribu\u00edamos a Radio Pasillo, entre los empleados y mandos medios se asegura les piden que \u201cno hagan olas\u201d, es decir que no den margen a comentarios relacionados con el desempe\u00f1o de los que no estar\u00e1n en las dependencias oficiales.<\/p>\n\n\n\n<p class=\"wp-block-paragraph\">No hacer grilla. Dedicarse a trabajar. La verdad es que nada o poco cambia la burocracia. Se cierra un ciclo muy especial y que la historia habr\u00e1 de registrar y calificar, con base en los resultados.<\/p>\n\n\n\n<p class=\"wp-block-paragraph\">Dec\u00eda el m\u00e9dico, pol\u00edtico zapatista en su juventud, Gustavo Baz Prada, al dejar la gubernatura del Estado de M\u00e9xico: \u201cNos vamos los feos, los rateros y los incapaces. Llegan los bonitos, los honestos y los capaces\u201d.<\/p>\n\n\n\n<p class=\"wp-block-paragraph\">jherrerav@live.com.mx<\/p>\n","protected":false},"excerpt":{"rendered":"<p>Nadie M\u00e1s Fuerte\u00a0\u00a0 y S\u00f3lido, Pol\u00edticamente; Poco Cambio de Baraja, al Empezar el Juego; Piden No Enjuiciar ni Alborotar Por el Pasado; Vivir en Palacio Nacional; Retomar Las Ma\u00f1aneras y Presidir las madrugadoras juntas con el gabinete de seguridad, en Nada Benefician la Imagen de la Doctora Presidenta.\u00a0\u00a0 Jorge Herrera Valenzuela SemM\u00e9xico, Cd. de M\u00e9xico, [&hellip;]<\/p>\n","protected":false},"author":3,"featured_media":7843,"comment_status":"open","ping_status":"open","sticky":false,"template":"","format":"standard","meta":{"_monsterinsights_skip_tracking":false,"footnotes":""},"categories":[94,35,107],"tags":[],"class_list":["post-87522","post","type-post","status-publish","format-standard","has-post-thumbnail","category-jorge-herrera-valenzuela","category-opinion","category-rafaga"],"_links":{"self":[{"href":"https:\/\/redsemlac.com\/semmexico\/wp-json\/wp\/v2\/posts\/87522","targetHints":{"allow":["GET"]}}],"collection":[{"href":"https:\/\/redsemlac.com\/semmexico\/wp-json\/wp\/v2\/posts"}],"about":[{"href":"https:\/\/redsemlac.com\/semmexico\/wp-json\/wp\/v2\/types\/post"}],"author":[{"embeddable":true,"href":"https:\/\/redsemlac.com\/semmexico\/wp-json\/wp\/v2\/users\/3"}],"replies":[{"embeddable":true,"href":"https:\/\/redsemlac.com\/semmexico\/wp-json\/wp\/v2\/comments?post=87522"}],"version-history":[{"count":0,"href":"https:\/\/redsemlac.com\/semmexico\/wp-json\/wp\/v2\/posts\/87522\/revisions"}],"wp:featuredmedia":[{"embeddable":true,"href":"https:\/\/redsemlac.com\/semmexico\/wp-json\/wp\/v2\/media\/7843"}],"wp:attachment":[{"href":"https:\/\/redsemlac.com\/semmexico\/wp-json\/wp\/v2\/media?parent=87522"}],"wp:term":[{"taxonomy":"category","embeddable":true,"href":"https:\/\/redsemlac.com\/semmexico\/wp-json\/wp\/v2\/categories?post=87522"},{"taxonomy":"post_tag","embeddable":true,"href":"https:\/\/redsemlac.com\/semmexico\/wp-json\/wp\/v2\/tags?post=87522"}],"curies":[{"name":"wp","href":"https:\/\/api.w.org\/{rel}","templated":true}]}}