{"id":87467,"date":"2024-09-26T18:00:15","date_gmt":"2024-09-27T00:00:15","guid":{"rendered":"https:\/\/redsemlac.com\/semmexico\/?p=87467"},"modified":"2024-09-26T20:04:23","modified_gmt":"2024-09-27T02:04:23","slug":"termina-disputa-ratifican-triunfo-de-rojo-de-la-vega-en-la-cuauhtemoc","status":"publish","type":"post","link":"https:\/\/redsemlac.com\/semmexico\/termina-disputa-ratifican-triunfo-de-rojo-de-la-vega-en-la-cuauhtemoc\/","title":{"rendered":"Termina disputa; ratifican triunfo de Rojo de la Vega en la Cuauht\u00e9moc"},"content":{"rendered":"\n<p class=\"wp-block-paragraph\">Foto: Laura Lovera, El Sol de M\u00e9xico<\/p>\n\n\n\n<p class=\"wp-block-paragraph\">La alcaldesa tomar\u00e1 protesta el primero de octubre, su compromiso con la vida y la libertad de las mujeres&nbsp;<\/p>\n\n\n\n<p class=\"wp-block-paragraph\">Busca reuni\u00f3n con la jefa de gobierno electa, Clara Brugada Molina, y ofrece hacer de la Cuauht\u00e9moc&nbsp; la mejor demarcaci\u00f3n capitalina&nbsp;<\/p>\n\n\n\n<p class=\"wp-block-paragraph\">Por m\u00e1s de 3 meses de impugnaciones la Sala Superior del TEPJF puso punto final a la batalla<\/p>\n\n\n\n<p class=\"wp-block-paragraph\">Fernando Merino<\/p>\n\n\n\n<p class=\"wp-block-paragraph\">SemM\u00e9xico \/ El Sol de M\u00e9xico, Ciudad de M\u00e9xico, 26 de septiembre, 2024.- La&nbsp;Sala Superior&nbsp;del Tribunal Electoral del Poder Judicial de la Federaci\u00f3n (TEPJF) puso punto final&nbsp; a la disputa legal por la elecci\u00f3n de la alcald\u00eda&nbsp; Cuauht\u00e9moc, la cual se prolong\u00f3&nbsp; por m\u00e1s de 3 meses.&nbsp;<\/p>\n\n\n\n<p class=\"wp-block-paragraph\">Los magistrados declaran improcedente la impugnaci\u00f3n que present\u00f3&nbsp;Morena&nbsp;contra la validez de la&nbsp;elecci\u00f3n de la alcald\u00eda Cuauht\u00e9moc, por lo que confirm\u00f3 el triunfo de&nbsp;<a href=\"https:\/\/www.elsoldemexico.com.mx\/elecciones-2024\/quien-es-alessandra-rojo-de-la-vega-11904398.html\">Alessandra Rojo de la Vega<\/a>&nbsp;en la demarcaci\u00f3n con&nbsp;11 mil votos&nbsp;sobre&nbsp;Catalina Monreal.<\/p>\n\n\n\n<p class=\"wp-block-paragraph\">As\u00ed la Sala Superior sepult\u00f3 la \u00faltima esperanza de&nbsp;Catalina Monreal&nbsp;para&nbsp;anular la elecci\u00f3n de la alcald\u00eda Cuauht\u00e9moc, pues la magistrada Janine Ot\u00e1lora determin\u00f3 que la&nbsp;impugnaci\u00f3n de Morena&nbsp;contra la&nbsp; sentencia de la&nbsp;Sala Regional Ciudad de M\u00e9xico del TEPJF&nbsp;que revoc\u00f3 la&nbsp;anulaci\u00f3n&nbsp;no cumple con el requisito especial de procedencia&nbsp;y por lo tanto no puede ser sujeto a an\u00e1lisis.<\/p>\n\n\n\n<p class=\"wp-block-paragraph\">Con lo anterior,&nbsp;Alessandra Rojo de la Vega&nbsp;podr\u00e1 rendir protesta al cargo de alcaldesa ante el Congreso de la Ciudad de M\u00e9xico el 1 de octubre.<\/p>\n\n\n\n<p class=\"wp-block-paragraph\">En la Sala Regional Ciudad de M\u00e9xico los magistrados determinaron que&nbsp;la abanderada de la oposici\u00f3n no cometi\u00f3 violencia pol\u00edtica en raz\u00f3n de g\u00e9nero&nbsp;en contra de la morenista Catalina Monreal, argument\u00f3 que utiliz\u00f3 el Tribunal Electoral de la Ciudad de M\u00e9xico para declarar la nulidad de la elecci\u00f3n el 31 de agosto.<\/p>\n\n\n\n<p class=\"wp-block-paragraph\">De acuerdo con el proyecto aprobado, las expresiones de Alessandra Rojo de la Vega en contra de&nbsp;Catalina Monreal&nbsp;y la&nbsp;presunta corrupci\u00f3n en su familia&nbsp;\u201cson una cr\u00edtica severa sobre un grupo pol\u00edtico y su desempe\u00f1o en cargos p\u00fablicos\u201d y no violencia pol\u00edtica de g\u00e9nero.<\/p>\n\n\n\n<p class=\"wp-block-paragraph\">Esta sentencia pone fin&nbsp; a una&nbsp;larga cadena impugnativa, la primera tambi\u00e9n lleg\u00f3&nbsp; hasta la Sala&nbsp; Superior que desech\u00f3 el recuento total de votos&nbsp; en la demarcaci\u00f3n a petici\u00f3n de Morena.<\/p>\n\n\n\n<p class=\"wp-block-paragraph\">Rojo de la Vega celebr\u00f3 la ratificaci\u00f3n de su triunfo&nbsp; y asegur\u00f3&nbsp; que con esta decisi\u00f3n&nbsp; volvi\u00f3 el poder a anos de las vecinas y vecinos&nbsp; de la Cuauht\u00e9moc.<\/p>\n\n\n\n<p class=\"wp-block-paragraph\">Tras la resoluci\u00f3n&nbsp; la alcaldesa electa public\u00f3 un video en sus redes sociales&nbsp; donde dijo a los vecinos que durante meses luch\u00f3 para defender su voz&nbsp; y garantizar sus derechos.<\/p>\n\n\n\n<p class=\"wp-block-paragraph\">\u201cNo&nbsp; gan\u00e9 yo , ganamos todas y todos , la Sala Superior&nbsp; ha confirmado por unanimidad&nbsp; que hicimos una campa\u00f1a limpia y honesta , que se\u00f1alamos y criticamos la corrupci\u00f3n sin agresi\u00f3n . Nuestra alcald\u00eda nos necesita a todas y todos\u201d, manifest\u00f3 en el video.<\/p>\n\n\n\n<p class=\"wp-block-paragraph\">Asegur\u00f3 que con esta decisi\u00f3n lleg\u00f3 el cambio&nbsp; de verdad y volvi\u00f3 el poder a manos&nbsp; de las vecinas y vecinos por lo que es un d\u00eda para celebrar&nbsp; su triunfo.<\/p>\n\n\n\n<figure class=\"wp-block-image\"><img decoding=\"async\" src=\"https:\/\/lh7-rt.googleusercontent.com\/docsz\/AD_4nXcRZod_e_7jv29I8yOZ_OVh2aa9Rod2B_wHrDXGQcD0irsAT7Dtkf8purQohSeYjdpAgmYdZw3H_TyzhWzqDOyZisvBamr5fCbjUMoieyZUE_pVJArz6zfhQqFdj1p0WYaSoHnYizq6bfZ47uQgmBaiCr9sNpXwXsdxQwZQnZVGWyUQ8-y4-w?key=PO1Uq3i9zC-fvqw067Z9jQ\" alt=\"Simpatizantes de Rojo de la Vega apelar\u00e1n decisi\u00f3n del reconteo de votos - El  Sol de M\u00e9xico | Noticias, Deportes, Gossip, Columnas\"\/><\/figure>\n\n\n\n<p class=\"wp-block-paragraph\">\u201cEstamos&nbsp; orgullosas&nbsp; y orgullosos de nuestra gente, sabemos el tama\u00f1o de los retos que tenemos enfrente&nbsp; y por eso s\u00e9 que juntas juntos haciendo equipo vamos a construir los mejores d\u00edas para la Cuauht\u00e9moc\u201d, se\u00f1al\u00f3.<\/p>\n\n\n\n<p class=\"wp-block-paragraph\">Previamente Rojo de la Vega acudi\u00f3 a la oficina de la jefa de Gobierno electa , Clara Brugada Molina, para entregarle&nbsp; una carta donde ratific\u00f3 su disposici\u00f3n&nbsp; para trabajar en conjunto, luego de que la morenista se neg\u00f3 a reunirse con ella, argumentando que a\u00fan estaba pendiente el fallo definitivo del TEPJF.&nbsp;<\/p>\n\n\n\n<p class=\"wp-block-paragraph\"><strong>Acepta su derrota<\/strong><\/p>\n\n\n\n<p class=\"wp-block-paragraph\">En tanto&nbsp; Catalina Monreal dijo a trav\u00e9s de un comunicado que respeta la decisi\u00f3n de la Sala Superior, sin embargo, lament\u00f3 que la instituci\u00f3n haya \u201cperdido la oportunidad de sentar un precedente&nbsp;de que nunca m\u00e1s se permita usar la violencia contra las mujeres como un deje de campa\u00f1a\u201d.<\/p>\n\n\n\n<p class=\"wp-block-paragraph\"><strong>Las impugnaciones<\/strong><\/p>\n\n\n\n<p class=\"wp-block-paragraph\">Catalina&nbsp; Monreal impugn\u00f3&nbsp; la elecci\u00f3n en dos ocasiones, una para exigir un recuento total de votos y otra por violencia pol\u00edtica de g\u00e9nero.<\/p>\n\n\n\n<p class=\"wp-block-paragraph\">Indic\u00f3 que&nbsp;el fallo muestra la urgencia de tener un Poder Judicial con perspectiva de g\u00e9nero, pues afirm\u00f3 que la violencia pol\u00edtica en raz\u00f3n de g\u00e9nero que sufri\u00f3 fue \u201cavasalladora\u201d.<\/p>\n\n\n\n<p class=\"wp-block-paragraph\">La excandidata&nbsp;agradeci\u00f3 a los 145 mil habitantes de Cuauht\u00e9moc que le brindaron su voto&nbsp;el 2 de julio y anunci\u00f3 que se mantendr\u00e1 en el cargo de coordinadora de Morena en la demarcaci\u00f3n.<\/p>\n\n\n\n<p class=\"wp-block-paragraph\">\u201cLa verdad tarde o temprano saldr\u00e1 a la luz, por&nbsp; ahora cierro este ciclo agradecida por el cari\u00f1o de los vecinos&nbsp; y seguir\u00e9 trabajando en favor de las causad de nuestra presidenta Claudia Sheinbaum&nbsp; y de nuestra jefa de gobierno Clara Brugada\u201d, indic\u00f3.<\/p>\n","protected":false},"excerpt":{"rendered":"<p>Foto: Laura Lovera, El Sol de M\u00e9xico La alcaldesa tomar\u00e1 protesta el primero de octubre, su compromiso con la vida y la libertad de las mujeres&nbsp; Busca reuni\u00f3n con la jefa de gobierno electa, Clara Brugada Molina, y ofrece hacer de la Cuauht\u00e9moc&nbsp; la mejor demarcaci\u00f3n capitalina&nbsp; Por m\u00e1s de 3 meses de impugnaciones la [&hellip;]<\/p>\n","protected":false},"author":3,"featured_media":87471,"comment_status":"open","ping_status":"open","sticky":false,"template":"","format":"standard","meta":{"_monsterinsights_skip_tracking":false,"footnotes":""},"categories":[49,54,682],"tags":[],"class_list":["post-87467","post","type-post","status-publish","format-standard","has-post-thumbnail","category-desde","category-mujeres","category-noticias"],"_links":{"self":[{"href":"https:\/\/redsemlac.com\/semmexico\/wp-json\/wp\/v2\/posts\/87467","targetHints":{"allow":["GET"]}}],"collection":[{"href":"https:\/\/redsemlac.com\/semmexico\/wp-json\/wp\/v2\/posts"}],"about":[{"href":"https:\/\/redsemlac.com\/semmexico\/wp-json\/wp\/v2\/types\/post"}],"author":[{"embeddable":true,"href":"https:\/\/redsemlac.com\/semmexico\/wp-json\/wp\/v2\/users\/3"}],"replies":[{"embeddable":true,"href":"https:\/\/redsemlac.com\/semmexico\/wp-json\/wp\/v2\/comments?post=87467"}],"version-history":[{"count":0,"href":"https:\/\/redsemlac.com\/semmexico\/wp-json\/wp\/v2\/posts\/87467\/revisions"}],"wp:featuredmedia":[{"embeddable":true,"href":"https:\/\/redsemlac.com\/semmexico\/wp-json\/wp\/v2\/media\/87471"}],"wp:attachment":[{"href":"https:\/\/redsemlac.com\/semmexico\/wp-json\/wp\/v2\/media?parent=87467"}],"wp:term":[{"taxonomy":"category","embeddable":true,"href":"https:\/\/redsemlac.com\/semmexico\/wp-json\/wp\/v2\/categories?post=87467"},{"taxonomy":"post_tag","embeddable":true,"href":"https:\/\/redsemlac.com\/semmexico\/wp-json\/wp\/v2\/tags?post=87467"}],"curies":[{"name":"wp","href":"https:\/\/api.w.org\/{rel}","templated":true}]}}