{"id":87177,"date":"2024-09-19T12:47:06","date_gmt":"2024-09-19T18:47:06","guid":{"rendered":"https:\/\/redsemlac.com\/semmexico\/?p=87177"},"modified":"2024-09-19T12:47:07","modified_gmt":"2024-09-19T18:47:07","slug":"tepjf-revoca-nulidad-de-la-eleccion-en-cuauhtemoc-alessandra-rojo-de-la-vega-alcaldesa-confirmada","status":"publish","type":"post","link":"https:\/\/redsemlac.com\/semmexico\/tepjf-revoca-nulidad-de-la-eleccion-en-cuauhtemoc-alessandra-rojo-de-la-vega-alcaldesa-confirmada\/","title":{"rendered":"TEPJF revoca nulidad de la elecci\u00f3n en Cuauht\u00e9moc, Alessandra Rojo de la Vega, alcaldesa confirmada"},"content":{"rendered":"\n<p class=\"wp-block-paragraph\">Alessandra Rojo de la Vega. Foto: Daniel Augusto \/ Cuartoscuro.com<\/p>\n\n\n\n<p class=\"wp-block-paragraph\">Los Monreal no pudieron con Alessandra Rojo de la Vega<\/p>\n\n\n\n<p class=\"wp-block-paragraph\">Catalina Monreal dijo que volver\u00e1 a impugnar<\/p>\n\n\n\n<p class=\"wp-block-paragraph\">Fernando Merino&nbsp;<\/p>\n\n\n\n<p class=\"wp-block-paragraph\">SemM\u00e9xico\/ El Sol de M\u00e9xico, Ciudad de M\u00e9xico, 19 de septiembre, 2024.-<br>El TEPJF revoc\u00f3 la nulidad de la elecci\u00f3n de la alcald\u00eda Cuauht\u00e9moc y confirm\u00f3 el triunfo de la candidata del PAN-PRI-PRD<\/p>\n\n\n\n<p class=\"wp-block-paragraph\">La&nbsp;Sala Regional Ciudad de M\u00e9xico del Tribunal Electoral&nbsp;del Poder Judicial de la Federaci\u00f3n (TEPJF)&nbsp;revoc\u00f3 la nulidad de la elecci\u00f3n de la alcald\u00eda Cuauht\u00e9moc&nbsp;Ciudad de M\u00e9xico y confirm\u00f3 el triunfo de Alessandra Rojo de la Vega, candidata del PAN-PRI-PRD.<\/p>\n\n\n\n<p class=\"wp-block-paragraph\">Con lo anterior,&nbsp;Alessandra Rojo de la Vega&nbsp;podr\u00e1 rendir protesta al cargo de alcaldesa ante el&nbsp;Congreso de la Ciudad de M\u00e9xico&nbsp;el 1 de octubre.<\/p>\n\n\n\n<p class=\"wp-block-paragraph\"><strong>CDMX<\/strong><\/p>\n\n\n\n<p class=\"wp-block-paragraph\">Los magistrados determinaron que la abanderada de la oposici\u00f3n no cometi\u00f3 violencia pol\u00edtica en raz\u00f3n de g\u00e9nero en contra de la morenista&nbsp;Catalina Monreal, argument\u00f3 que utiliz\u00f3 el&nbsp;Tribunal Electoral de la Ciudad de M\u00e9xico&nbsp;para declarar la nulidad de la elecci\u00f3n el 31 de agosto.<\/p>\n\n\n\n<p class=\"wp-block-paragraph\">De acuerdo con el proyecto aprobado, las expresiones de Alessandra Rojo de la Vega en contra de Catalina Monreal y la presunta corrupci\u00f3n en su familia \u201cson una cr\u00edtica severa sobre un grupo pol\u00edtico y su desempe\u00f1o en cargos p\u00fablicos\u201d y no violencia pol\u00edtica de g\u00e9nero.<\/p>\n\n\n\n<p class=\"wp-block-paragraph\">\u201cDe un an\u00e1lisis contextual de las publicaciones denunciadas no se observan expresiones con elementos de g\u00e9nero en perjuicio de la denunciante sino manifestaciones amparadas bajo la libertad de expresi\u00f3n en materia pol\u00edtica\u201d.<\/p>\n\n\n\n<p class=\"wp-block-paragraph\">\u201cEl hecho de que la candidata denunciada identificara en sus expresiones a un grupo pol\u00edtico no fue porque la denunciante fuera una mujer sino para contextualizar al grupo pol\u00edtico con el que la candidata denunciada considera que la denunciante guarda una afinidad y cercan\u00eda\u201d, indica el proyecto aprobado.<\/p>\n\n\n\n<p class=\"wp-block-paragraph\">Catalina Monreal impugnar\u00e1 fallo de la Sala Ciudad de M\u00e9xico<\/p>\n\n\n\n<p class=\"wp-block-paragraph\">Catalina Monreal lament\u00f3 la decisi\u00f3n de la Sala Regional Ciudad de M\u00e9xico, pues dijo que no se emiti\u00f3 con perspectiva de g\u00e9nero, y anunci\u00f3 que impugnar\u00e1 la decisi\u00f3n ante la Sala Superior del TEPJF.<\/p>\n\n\n\n<p class=\"wp-block-paragraph\">\u201cLamento la decisi\u00f3n de @TEPJF_SRCDMX , definitivamente no usaron las gafas violetas. La sentencia emitida por el @TECDMX es correcta. Como es mi derecho, impugnar\u00e9 ante la Sala Superior del Tribunal Electoral del Poder Judicial de la Federaci\u00f3n\u201d, comunic\u00f3 en redes sociales.<\/p>\n","protected":false},"excerpt":{"rendered":"<p>Alessandra Rojo de la Vega. Foto: Daniel Augusto \/ Cuartoscuro.com Los Monreal no pudieron con Alessandra Rojo de la Vega Catalina Monreal dijo que volver\u00e1 a impugnar Fernando Merino&nbsp; SemM\u00e9xico\/ El Sol de M\u00e9xico, Ciudad de M\u00e9xico, 19 de septiembre, 2024.-El TEPJF revoc\u00f3 la nulidad de la elecci\u00f3n de la alcald\u00eda Cuauht\u00e9moc y confirm\u00f3 el [&hellip;]<\/p>\n","protected":false},"author":3,"featured_media":87178,"comment_status":"open","ping_status":"open","sticky":false,"template":"","format":"standard","meta":{"_monsterinsights_skip_tracking":false,"footnotes":""},"categories":[141],"tags":[],"class_list":["post-87177","post","type-post","status-publish","format-standard","has-post-thumbnail","category-elecciones-2020-2021"],"_links":{"self":[{"href":"https:\/\/redsemlac.com\/semmexico\/wp-json\/wp\/v2\/posts\/87177","targetHints":{"allow":["GET"]}}],"collection":[{"href":"https:\/\/redsemlac.com\/semmexico\/wp-json\/wp\/v2\/posts"}],"about":[{"href":"https:\/\/redsemlac.com\/semmexico\/wp-json\/wp\/v2\/types\/post"}],"author":[{"embeddable":true,"href":"https:\/\/redsemlac.com\/semmexico\/wp-json\/wp\/v2\/users\/3"}],"replies":[{"embeddable":true,"href":"https:\/\/redsemlac.com\/semmexico\/wp-json\/wp\/v2\/comments?post=87177"}],"version-history":[{"count":0,"href":"https:\/\/redsemlac.com\/semmexico\/wp-json\/wp\/v2\/posts\/87177\/revisions"}],"wp:featuredmedia":[{"embeddable":true,"href":"https:\/\/redsemlac.com\/semmexico\/wp-json\/wp\/v2\/media\/87178"}],"wp:attachment":[{"href":"https:\/\/redsemlac.com\/semmexico\/wp-json\/wp\/v2\/media?parent=87177"}],"wp:term":[{"taxonomy":"category","embeddable":true,"href":"https:\/\/redsemlac.com\/semmexico\/wp-json\/wp\/v2\/categories?post=87177"},{"taxonomy":"post_tag","embeddable":true,"href":"https:\/\/redsemlac.com\/semmexico\/wp-json\/wp\/v2\/tags?post=87177"}],"curies":[{"name":"wp","href":"https:\/\/api.w.org\/{rel}","templated":true}]}}