{"id":86993,"date":"2024-09-13T15:45:44","date_gmt":"2024-09-13T21:45:44","guid":{"rendered":"https:\/\/redsemlac.com\/semmexico\/?p=86993"},"modified":"2024-09-13T15:45:45","modified_gmt":"2024-09-13T21:45:45","slug":"los-capitales-alerta-banxico-sobre-debilidad-de-la-actividad-economica-nacional","status":"publish","type":"post","link":"https:\/\/redsemlac.com\/semmexico\/los-capitales-alerta-banxico-sobre-debilidad-de-la-actividad-economica-nacional\/","title":{"rendered":"Los capitales| Alerta Banxico sobre \u00abdebilidad\u00bb de la actividad econ\u00f3mica nacional"},"content":{"rendered":"\n<p class=\"wp-block-paragraph\">Edgar Gonz\u00e1lez Mart\u00ednez<\/p>\n\n\n\n<p class=\"wp-block-paragraph\">SemM\u00e9xico, 13\u00a0 de septiembre, 2024.- El Banco de M\u00e9xico alert\u00f3 sobre la \u201cnotoria\u201d debilidad de la actividad econ\u00f3mica de M\u00e9xico en el segundo trimestre de este a\u00f1o, que refleja principalmente la \u201caton\u00eda\u201d de la actividad industrial y la p\u00e9rdida de dinamismo de los servicios. Adem\u00e1s -se\u00f1ala el banco central, en lo que va del a\u00f1o las actividades primarias se han contra\u00eddo de manera significativa en algunos meses. A nivel regional, se estima que la actividad econ\u00f3mica habr\u00eda experimentado aton\u00eda en todas las regiones durante el segundo trimestre de 2024. No obstante, el sur continuar\u00eda ubic\u00e1ndose en niveles relativamente m\u00e1s elevados que los observados antes de la pandemia, en comparaci\u00f3n con el resto de las regiones. En efecto, desde una dimensi\u00f3n sectorial, se anticipa que la contracci\u00f3n de la producci\u00f3n manufacturera en las regiones norte y centro norte habr\u00eda contribuido al d\u00e9bil desempe\u00f1o estimado para el trimestre.<\/p>\n\n\n\n<p class=\"wp-block-paragraph\">En el norte y el sur tambi\u00e9n habr\u00eda respondido a una disminuci\u00f3n en la construcci\u00f3n, si bien la obra p\u00fablica se mantiene en niveles elevados en el sur. Asimismo, se prev\u00e9 que la ca\u00edda de la miner\u00eda habr\u00eda influido en la aton\u00eda de esta \u00faltima regi\u00f3n. Adem\u00e1s, algunas actividades terciarias, como el turismo, se debilitaron en todas las regiones, a la vez que el comercio mostr\u00f3 un estancamiento en el norte. Finalmente, la producci\u00f3n agropecuaria retrocedi\u00f3 en las regiones centrales.<\/p>\n\n\n\n<p class=\"wp-block-paragraph\">En relaci\u00f3n con el personal contratado, los \u00edndices disminuyeron en todas las regiones, excepto en el centro, donde mostr\u00f3 un ligero incremento. En cuanto a las expectativas de inversi\u00f3n en activos fijos para los pr\u00f3ximos doce meses, los indicadores correspondientes a las regiones norte y centro experimentaron una reducci\u00f3n. En contraste, en las regiones centro norte y sur mostraron un incremento, luego de la disminuci\u00f3n registrada el trimestre anterior.<\/p>\n\n\n\n<p class=\"wp-block-paragraph\">Los directivos empresariales entrevistados se\u00f1alaron los siguientes riesgos que podr\u00edan afectar el crecimiento econ\u00f3mico regional durante los pr\u00f3ximos doce meses. A la baja: i) que se deterioren los indicadores de seguridad p\u00fablica; ii) que persistan niveles de inflaci\u00f3n y tasas de inter\u00e9s elevados, y iii) que se materialicen fen\u00f3menos clim\u00e1ticos adversos para la actividad econ\u00f3mica regional. Entre los riesgos al alza, los directivos mencionaron: i) que el gasto p\u00fablico, en particular la inversi\u00f3n en obras de infraestructura, sea mayor que el esperado, y ii) que se observen, tanto en el \u00e1mbito local como internacional, condiciones m\u00e1s favorables que incentiven una mayor inversi\u00f3n privada.<\/p>\n\n\n\n<p class=\"wp-block-paragraph\"><strong>El empleo sigue desaceler\u00e1ndose, con incrementos mensuales m\u00ednimos: BBVA M\u00e9xico<\/strong><\/p>\n\n\n\n<p class=\"wp-block-paragraph\">La instituci\u00f3n crediticia destaca que de acuerdo con el Instituto Mexicano del Seguro Social (IMSS), el empleo formal en agosto creci\u00f3 a una tasa anual de 1.8%, lo que confirma la tendencia de desaceleraci\u00f3n, registrando un nivel 0.2 puntos porcentuales menor en comparaci\u00f3n con junio y julio. En cifras desestacionalizadas, la creaci\u00f3n de empleo ha mostrado tres meses consecutivos de variaciones mensuales de apenas 0.1%, lo que explica la debilidad de los resultados anuales.<\/p>\n\n\n\n<p class=\"wp-block-paragraph\">En t\u00e9rminos absolutos, el IMSS report\u00f3 la creaci\u00f3n de 58 mil puestos de trabajo en agosto, acumulando un total de 365 mil nuevos empleos en lo que va del a\u00f1o. Este nivel es 41.9% menor al promedio de los \u00faltimos tres a\u00f1os y representa la tercera cifra m\u00e1s baja desde 2010, excluyendo el 2020, a\u00f1o marcado por la pandemia. Como anticipamos -se\u00f1alan los analistas del BBVA-, la desaceleraci\u00f3n del empleo se ha venido consolidando, y aunque prevemos que de septiembre a noviembre el empleo mostrar\u00e1 un repunte, consideramos que ser\u00e1 moderado. Esto nos llev\u00f3 a revisar a la baja nuestra previsi\u00f3n de empleo, que publicaremos en nuestro pr\u00f3ximo informe de Situaci\u00f3n M\u00e9xico.<\/p>\n\n\n\n<p class=\"wp-block-paragraph\">El saldo negativo del empleo eventual contin\u00faa, con una p\u00e9rdida acumulada de 7 mil puestos de trabajo en lo que va del a\u00f1o. Como resultado, la totalidad de los nuevos empleos creados han sido permanentes, sumando 373 mil puestos de trabajo hasta la fecha. Por sector de actividad econ\u00f3mica, nuevamente el comercio y los servicios realizaron la mayor aportaci\u00f3n a la variaci\u00f3n anual del empleo, explicando conjuntamente 1.2 puntos porcentuales del total del 1.8% registrado en agosto. En particular, el comercio mostr\u00f3 una variaci\u00f3n anual de 3.2%, mientras que los servicios crecieron un 2.2%.&nbsp;&nbsp;<\/p>\n\n\n\n<p class=\"wp-block-paragraph\">La manufactura sigue estancada, con un crecimiento anual de apenas 0.1% y una p\u00e9rdida neta de 7 mil empleos respecto a julio. Este retroceso tambi\u00e9n impact\u00f3 las cifras acumuladas de empleo al mes de agosto, donde el crecimiento total del sector pas\u00f3 de 1.9% en el mes anterior a 1.7%. El sector agropecuario ha experimentado doce meses consecutivos de crecimiento negativo en t\u00e9rminos anuales. En agosto, la variaci\u00f3n fue de -3.3%, igual que el mes anterior. Esto significa que se han perdido el 8.4% de los empleos en el sector en comparaci\u00f3n con el cierre de 2023. Esta tendencia subraya las crecientes preocupaciones sobre los problemas de sequ\u00eda que se manifestaron a principios de a\u00f1o.<\/p>\n\n\n\n<p class=\"wp-block-paragraph\">Si bien el sector de la construcci\u00f3n contin\u00faa mostrando resiliencia, es evidente un descenso en el ritmo de crecimiento, con una tasa anual de apenas 1.1%. Este ritmo es significativamente m\u00e1s bajo en comparaci\u00f3n con el promedio de variaciones anuales del a\u00f1o anterior (8.3%) y con el promedio de tasas anuales del primer trimestre de este a\u00f1o, que fue del 6.8%. A pesar de esta desaceleraci\u00f3n, el s\u00f3lido inicio de a\u00f1o ha permitido que el sector registre el mayor crecimiento acumulado en lo que va del a\u00f1o, alcanzando un 4.9%.<\/p>\n\n\n\n<p class=\"wp-block-paragraph\"><a href=\"mailto:loscapitales@yahoo.com.mx\" target=\"_blank\" rel=\"noreferrer noopener\">loscapitales@yahoo.com.mx<\/a><\/p>\n\n\n\n<p class=\"wp-block-paragraph\"><a href=\"http:\/\/www.agendadeinversiones.com.mx\/\" target=\"_blank\" rel=\"noreferrer noopener\">www.agendadeinversiones.com.mx<\/a><\/p>\n\n\n\n<p class=\"wp-block-paragraph\">Twiter: @Edgar4712<\/p>\n","protected":false},"excerpt":{"rendered":"<p>Edgar Gonz\u00e1lez Mart\u00ednez SemM\u00e9xico, 13\u00a0 de septiembre, 2024.- El Banco de M\u00e9xico alert\u00f3 sobre la \u201cnotoria\u201d debilidad de la actividad econ\u00f3mica de M\u00e9xico en el segundo trimestre de este a\u00f1o, que refleja principalmente la \u201caton\u00eda\u201d de la actividad industrial y la p\u00e9rdida de dinamismo de los servicios. Adem\u00e1s -se\u00f1ala el banco central, en lo que [&hellip;]<\/p>\n","protected":false},"author":3,"featured_media":75979,"comment_status":"open","ping_status":"open","sticky":false,"template":"","format":"standard","meta":{"_monsterinsights_skip_tracking":false,"footnotes":""},"categories":[750,82,35],"tags":[],"class_list":["post-86993","post","type-post","status-publish","format-standard","has-post-thumbnail","category-edgar-gonzalez-martinez","category-la-opinion","category-opinion"],"_links":{"self":[{"href":"https:\/\/redsemlac.com\/semmexico\/wp-json\/wp\/v2\/posts\/86993","targetHints":{"allow":["GET"]}}],"collection":[{"href":"https:\/\/redsemlac.com\/semmexico\/wp-json\/wp\/v2\/posts"}],"about":[{"href":"https:\/\/redsemlac.com\/semmexico\/wp-json\/wp\/v2\/types\/post"}],"author":[{"embeddable":true,"href":"https:\/\/redsemlac.com\/semmexico\/wp-json\/wp\/v2\/users\/3"}],"replies":[{"embeddable":true,"href":"https:\/\/redsemlac.com\/semmexico\/wp-json\/wp\/v2\/comments?post=86993"}],"version-history":[{"count":0,"href":"https:\/\/redsemlac.com\/semmexico\/wp-json\/wp\/v2\/posts\/86993\/revisions"}],"wp:featuredmedia":[{"embeddable":true,"href":"https:\/\/redsemlac.com\/semmexico\/wp-json\/wp\/v2\/media\/75979"}],"wp:attachment":[{"href":"https:\/\/redsemlac.com\/semmexico\/wp-json\/wp\/v2\/media?parent=86993"}],"wp:term":[{"taxonomy":"category","embeddable":true,"href":"https:\/\/redsemlac.com\/semmexico\/wp-json\/wp\/v2\/categories?post=86993"},{"taxonomy":"post_tag","embeddable":true,"href":"https:\/\/redsemlac.com\/semmexico\/wp-json\/wp\/v2\/tags?post=86993"}],"curies":[{"name":"wp","href":"https:\/\/api.w.org\/{rel}","templated":true}]}}