{"id":86912,"date":"2024-09-11T16:07:39","date_gmt":"2024-09-11T22:07:39","guid":{"rendered":"https:\/\/redsemlac.com\/semmexico\/?p=86912"},"modified":"2024-09-11T16:07:40","modified_gmt":"2024-09-11T22:07:40","slug":"kamala-harris-ofrece-reestablecer-la-roe-v-wade-como-derecho-de-las-mujeres-a-decidir-sobre-su-cuerpo-en-debate-presidencial","status":"publish","type":"post","link":"https:\/\/redsemlac.com\/semmexico\/kamala-harris-ofrece-reestablecer-la-roe-v-wade-como-derecho-de-las-mujeres-a-decidir-sobre-su-cuerpo-en-debate-presidencial\/","title":{"rendered":"Kamala Harris ofrece reestablecer\u00a0 la Roe v Wade, como\u00a0 derecho de las mujeres a decidir sobre su cuerpo, en debate presidencial"},"content":{"rendered":"\n<p class=\"wp-block-paragraph\">Desde&nbsp; hace a\u00f1os se crearon, adem\u00e1s excepciones por&nbsp; violaci\u00f3n, incesto y peligro de la vida de la madre<\/p>\n\n\n\n<p class=\"wp-block-paragraph\">Trump se deslinda de Proyecto 25 que restringe el uso de anticonceptivos, acusa de querer asesinar a ni\u00f1os y ni\u00f1as: lo acorrala Kamal&nbsp;<\/p>\n\n\n\n<p class=\"wp-block-paragraph\">Elda Montiel&nbsp;<\/p>\n\n\n\n<p class=\"wp-block-paragraph\">SemM\u00e9xico, Ciudad de M\u00e9xico, 11 de septiembre 2024.- La defensa de las mujeres\u00a0 a decidir sobre su cuerpo fue asumido por la candidata dem\u00f3crata Kamala Harris al asegurar que como presidenta restaurar\u00e1 la sentencia Roe vs Wade\u00a0 que permit\u00eda la interrupci\u00f3n legal del embarazo en todo el pa\u00eds desde 1973,\u00a0 y que fue derogada en junio del 2022 por jueces nombrados por Donal Trump.\u00a0<\/p>\n\n\n\n<p class=\"wp-block-paragraph\">Kamala Harris dijo que se deben restablecer las protecciones de Roe v Wade, y que es un insulto a las mujeres del pa\u00eds que se les quiten su derecho a la interrupci\u00f3n del embarazo. \u201cMujeres trabajadoras que apenas y pueden tener acceso a cuidados infantiles deben ir a otro estado para recibir la atenci\u00f3n m\u00e9dica que necesitan. La mayor\u00eda de estadounidenses creen en el derecho de la mujer.\u201d<\/p>\n\n\n\n<p class=\"wp-block-paragraph\">En el primer debate por la carrera presidencial, entre la candidata dem\u00f3crata y el republicano Donald Trump, \u00e9ste \u00faltimo se contradijo al afirmar que no buscaba prohibir el aborto, pero afirma que todos quer\u00edan dejarles esa decisi\u00f3n a los estados.&nbsp;<\/p>\n\n\n\n<p class=\"wp-block-paragraph\">Minti\u00f3 al afirmar que los dem\u00f3cratas est\u00e1n de acuerdo en practicar el aborto a mujeres con 8 o 9 meses de embarazo y tambi\u00e9n matar a ni\u00f1os reci\u00e9n nacidos. Estas afirmaciones fueron desmentidas durante el debate por la conductora Linsey Davis de ABC.&nbsp;<\/p>\n\n\n\n<p class=\"wp-block-paragraph\">El candidato republicano defendi\u00f3 la derogaci\u00f3n del derecho al aborto, que fue posible, dijo, \u201cgracias a \u00abseis valientes jueces del Supremo\u00bb. \u00abTodos los expertos juristas quer\u00edan que los Estados retomaran el poder de decidir. Creo en las excepciones: violaci\u00f3n, incesto y la vida de la madre. Tambi\u00e9n Reagan cre\u00eda en ellas, como el 85% de los republicanos\u00bb.<\/p>\n\n\n\n<p class=\"wp-block-paragraph\">No voy a firmar ninguna prohibici\u00f3n o veto, porque ya tenemos lo que todo el mundo quer\u00eda [&#8230;], que esto volviera a los estados\u00bb, ha insistido Trump.<\/p>\n\n\n\n<p class=\"wp-block-paragraph\">Trump sostiene ahora que est\u00e1 en contra de restringir el aborto a las seis semanas de embarazo, un plazo que muchos estados gobernados por los republicanos est\u00e1n imponiendo, uno de esos estados es Florida, en el que los republicanos lo aprobaron en abril.&nbsp;<\/p>\n\n\n\n<p class=\"wp-block-paragraph\">Desde la derogaci\u00f3n de la sentencia Roe vs Wase, una de cada tres mujeres y ni\u00f1as en edad reproductiva vive ahora en estados donde la posibilidad de acceder al aborto es total o casi totalmente inexistente. Desde el 1 de junio de 2023, el aborto est\u00e1 totalmente prohibido en 14 estados, y casi prohibido (e inviable en la pr\u00e1ctica) en muchos otros.<\/p>\n\n\n\n<p class=\"wp-block-paragraph\">Kamala Harris La candidata dem\u00f3crata a la presidencia de Estados Unidos,&nbsp; acus\u00f3 en el debate electoral al aspirante republicano, Donald Trump, de estar relacionado con el Proyecto 2025, una iniciativa que proponen asociaciones conservadoras para la pr\u00f3xima legislatura.&nbsp;<\/p>\n\n\n\n<p class=\"wp-block-paragraph\">Donald Trump tambi\u00e9n minti\u00f3 al deslindarse del Proyecto 2025 que pide retirar del mercado las p\u00edldoras abortivas y eliminar&nbsp; t\u00e9rminos como \u201corientaci\u00f3n sexual\u201d y \u201cderechos reproductivos\u201d de la norma federal. Busca eliminar los programas de diversidad, equidad&nbsp; e inclusi\u00f3n en las escuelas.<\/p>\n\n\n\n<p class=\"wp-block-paragraph\">Uno de los voceros de la iniciativa dijo en redes sociales que el Proyecto 2025 no habla en nombre de ning\u00fan candidata o campa\u00f1a, pero es uno de los documentos pol\u00edticos de una plataforma conocida como Agenda 47, llamada as\u00ed por Trump ser\u00eda el 47\u00ba presidente de Estados Unidos.<\/p>\n\n\n\n<p class=\"wp-block-paragraph\">Este marte Donald Trump dijo: \u201cNo tengo nada que ver con el Proyecto 2025. Eso est\u00e1 ah\u00ed. No lo he le\u00eddo. No lo voy a leer\u201d.<\/p>\n\n\n\n<p class=\"wp-block-paragraph\">Kamala Harris le record\u00f3 a Trump que el nombr\u00f3 a tres jueces en la Suprema Corte de Justicia para echar abajo la pol\u00edtica sobre el aborto. tambi\u00e9n que \u00e9l ha dicho que firmar\u00eda una prohibici\u00f3n del aborto si fuese reelegido y cito a estados conservadores que han prohibido el procedimiento m\u00e9dico practic\u00e1ndolo s\u00f3lo en limitadas excepciones.&nbsp;<\/p>\n\n\n\n<p class=\"wp-block-paragraph\">La dem\u00f3crata expres\u00f3 que va proteger los derechos m\u00e1s fundamentales incluido el aborto y que desde que inici\u00f3 su carrera como fiscal,&nbsp; senadora y vicepresidenta, su&nbsp; \u00fanico cliente ha sido el pueblo, y nunca le pregunt\u00e9 a las v\u00edctimas si eran republicanos o dem\u00f3cratas. Mi intenci\u00f3n es ser presidenta para todos los estadounidenses.<\/p>\n\n\n\n<p class=\"wp-block-paragraph\">Respecto a su identidad racial, pues su pap\u00e1 es jamaiquino y su mama india, que ha sido cuestionado por Donald Trump, finalmente respondi\u00f3 diciendo \u201cle\u00ed que no era negra\u201d. Lo que ella quiera ser est\u00e1 bien conmigo. Es su decisi\u00f3n, afirm\u00f3 Trump.<\/p>\n\n\n\n<p class=\"wp-block-paragraph\">La candidata dem\u00f3crata asegur\u00f3 que \u201ces una tragedia que [un candidato] use la raza para ejecuci\u00f3n de los Central Park Five, los cinco ni\u00f1os negros y latinos falsamente acusados de violaci\u00f3n a finales del siglo pasado (uno de ellos, exonerado, es ahora concejal de la ciudad de Nueva York).<\/p>\n\n\n\n<p class=\"wp-block-paragraph\"><strong>Respecto del aborto se trata de tener el poder pol\u00edtico sobre la mujer: Lizzet Santoyo<\/strong><\/p>\n\n\n\n<p class=\"wp-block-paragraph\">En opini\u00f3n de Lizzet Santoyo Arrioja&nbsp; polit\u00f3loga, maestra en Relaciones Internacionales ante la posibilidad que en Estados Unidos llegue una presidenta al postularse Kamala Harris por el partido dem\u00f3crata, que aunque tuvo un paso gris\u00e1ceo como vicepresidenta, en su agenda da prioridad a echar atr\u00e1s la prohibici\u00f3n del aborto cuando se derog\u00f3 en junio del 2022&nbsp; la hist\u00f3rica sentencia Roe contra Wade, que desde 1973 garantizaba el derecho al aborto en Estados Unidos.<\/p>\n\n\n\n<p class=\"wp-block-paragraph\">Coment\u00f3 la reflexi\u00f3n que no se trata s\u00f3lo de que las mujeres tengan hijos o no, sino el tener el poder sobre el cuerpo de la mujer tambi\u00e9n se ejerce&nbsp; un poder pol\u00edtico. El que una mujer pueda decidir sobre su cuerpo le da autonom\u00eda, lo que no les agrada a los hombres.&nbsp;<\/p>\n\n\n\n<p class=\"wp-block-paragraph\">Se\u00f1ala que Kamala Harris llega con esta agenda feminista, porque no s\u00f3lo ve por las mujeres sino por las poblaciones m\u00e1s vulnerables, ya que las&nbsp; mujeres atraviesan violencia por raza o condici\u00f3n social.&nbsp;<\/p>\n\n\n\n<p class=\"wp-block-paragraph\">Tambi\u00e9n influye que su compa\u00f1ero de f\u00f3rmula sea Tim Walz, gobernador de Minnesota el primer estado del pa\u00eds que tom\u00f3 medidas para blindar el derecho a la interrupci\u00f3n del embarazo despu\u00e9s de que en 2022 el Tribunal Supremo tumbara &#8216;Roe v. Wade&#8217;, que proteg\u00eda el derecho al aborto a nivel federal. As\u00ed como tambi\u00e9n dar asilo a inmigrantes con respeto a la identidad de g\u00e9nero, lo que tiene muy molesto a los republicanos.&nbsp;<\/p>\n\n\n\n<p class=\"wp-block-paragraph\">Destac\u00f3 que otro tema interesante es que le preocupa la situaci\u00f3n de la Franja de Gaza, en el feminismo se busca la paz, la mediaci\u00f3n contra la guerra si est\u00e1 de acuerdo con Israel pero tambi\u00e9n aboga por que deje de morir gente inocente y que Palestina sea respetada y tratada con dignidad.&nbsp;<\/p>\n\n\n\n<figure class=\"wp-block-image\"><img decoding=\"async\" src=\"https:\/\/lh7-rt.googleusercontent.com\/docsz\/AD_4nXdZ_cMH_zCEC6mm-joxv_uU5ouqeix5-VgGIyjH29Pv2DInYgVIDwq_cEga5EU4Tm-RTqDSPzzFhSaPcL6OpJ0QZqMoNhJBHP8-SooJrgwP5v9Fzjsl1KVixK5aV5b9qT8fwbL2b0sSyebRHkP0tB-QdbkbJEwLEJwMK110jzMYd0ROk53N_w?key=uuHI_uGOkpTM3A6PUyAwjg\" alt=\"\"\/><\/figure>\n\n\n\n<figure class=\"wp-block-image\"><img decoding=\"async\" src=\"https:\/\/lh7-rt.googleusercontent.com\/docsz\/AD_4nXdZ_cMH_zCEC6mm-joxv_uU5ouqeix5-VgGIyjH29Pv2DInYgVIDwq_cEga5EU4Tm-RTqDSPzzFhSaPcL6OpJ0QZqMoNhJBHP8-SooJrgwP5v9Fzjsl1KVixK5aV5b9qT8fwbL2b0sSyebRHkP0tB-QdbkbJEwLEJwMK110jzMYd0ROk53N_w?key=uuHI_uGOkpTM3A6PUyAwjg\" alt=\"\"\/><\/figure>\n","protected":false},"excerpt":{"rendered":"<p>Desde&nbsp; hace a\u00f1os se crearon, adem\u00e1s excepciones por&nbsp; violaci\u00f3n, incesto y peligro de la vida de la madre Trump se deslinda de Proyecto 25 que restringe el uso de anticonceptivos, acusa de querer asesinar a ni\u00f1os y ni\u00f1as: lo acorrala Kamal&nbsp; Elda Montiel&nbsp; SemM\u00e9xico, Ciudad de M\u00e9xico, 11 de septiembre 2024.- La defensa de las [&hellip;]<\/p>\n","protected":false},"author":3,"featured_media":86913,"comment_status":"open","ping_status":"open","sticky":false,"template":"","format":"standard","meta":{"_monsterinsights_skip_tracking":false,"footnotes":""},"categories":[694,53],"tags":[],"class_list":["post-86912","post","type-post","status-publish","format-standard","has-post-thumbnail","category-destacadas","category-internacional"],"_links":{"self":[{"href":"https:\/\/redsemlac.com\/semmexico\/wp-json\/wp\/v2\/posts\/86912","targetHints":{"allow":["GET"]}}],"collection":[{"href":"https:\/\/redsemlac.com\/semmexico\/wp-json\/wp\/v2\/posts"}],"about":[{"href":"https:\/\/redsemlac.com\/semmexico\/wp-json\/wp\/v2\/types\/post"}],"author":[{"embeddable":true,"href":"https:\/\/redsemlac.com\/semmexico\/wp-json\/wp\/v2\/users\/3"}],"replies":[{"embeddable":true,"href":"https:\/\/redsemlac.com\/semmexico\/wp-json\/wp\/v2\/comments?post=86912"}],"version-history":[{"count":0,"href":"https:\/\/redsemlac.com\/semmexico\/wp-json\/wp\/v2\/posts\/86912\/revisions"}],"wp:featuredmedia":[{"embeddable":true,"href":"https:\/\/redsemlac.com\/semmexico\/wp-json\/wp\/v2\/media\/86913"}],"wp:attachment":[{"href":"https:\/\/redsemlac.com\/semmexico\/wp-json\/wp\/v2\/media?parent=86912"}],"wp:term":[{"taxonomy":"category","embeddable":true,"href":"https:\/\/redsemlac.com\/semmexico\/wp-json\/wp\/v2\/categories?post=86912"},{"taxonomy":"post_tag","embeddable":true,"href":"https:\/\/redsemlac.com\/semmexico\/wp-json\/wp\/v2\/tags?post=86912"}],"curies":[{"name":"wp","href":"https:\/\/api.w.org\/{rel}","templated":true}]}}