{"id":86899,"date":"2024-09-11T10:30:16","date_gmt":"2024-09-11T16:30:16","guid":{"rendered":"https:\/\/redsemlac.com\/semmexico\/?p=86899"},"modified":"2024-09-11T20:39:18","modified_gmt":"2024-09-12T02:39:18","slug":"isabel-allende-no-han-podido-borrar-a-mi-padre","status":"publish","type":"post","link":"https:\/\/redsemlac.com\/semmexico\/isabel-allende-no-han-podido-borrar-a-mi-padre\/","title":{"rendered":"Isabel Allende: \u201cNo han podido borrar a mi padre\u201d"},"content":{"rendered":"\n<p class=\"wp-block-paragraph\">La escritora, hija del presidente chileno Salvador Allende, presenta en M\u00e9xico su nuevo libro \u201811 de septiembre. Esa semana\u2019.<\/p>\n\n\n\n<p class=\"wp-block-paragraph\"><strong>La escritora presenta su nuevo libro | Foto: Javier R\u00edos<\/strong><\/p>\n\n\n\n<p class=\"wp-block-paragraph\"><a href=\"https:\/\/www.milenio.com\/autores\/jose-juan-de-avila\"><strong>Jos\u00e9 Juan de \u00c1vila<\/strong><\/a><\/p>\n\n\n\n<p class=\"wp-block-paragraph\">SemM\u00e9xico\/Milenio Diario,&nbsp; &nbsp; Ciudad de M\u00e9xico,11 de septiembre,&nbsp; &nbsp; &nbsp; &nbsp; 2024.-A los 50 a\u00f1os del<strong>&nbsp;golpe militar en Chile&nbsp;<\/strong>y de la&nbsp;<strong>muerte de su padre, el presidente Salvador Allende<\/strong>&nbsp;(1908-1973),&nbsp;<strong>Isabel Allende Bussi<\/strong>&nbsp;logr\u00f3 \u201cromper una coraza de protecci\u00f3n\u201d, sacar sus recuerdos de aquel martes&nbsp;<strong>11 de septiembre de 1973<\/strong>&nbsp;y escribir de primera mano esa historia como un legado familiar.<\/p>\n\n\n\n<p class=\"wp-block-paragraph\">\u201cLos 50 a\u00f1os del golpe fue buena ense\u00f1anza de que es un momento para reflexionar de lo importante que es la democracia, c\u00f3mo hay que cuidarla, c\u00f3mo no hay que darla por hecho, c\u00f3mo<strong>&nbsp;la democracia puede estar en peligro en cualquier instante<\/strong>&nbsp;y c\u00f3mo, de repente, cuando menos lo piensas, puede instalarse un r\u00e9gimen autoritario, de persecuciones, cr\u00edmenes, violaciones a los derechos humanos.<\/p>\n\n\n\n<p class=\"wp-block-paragraph\">\u201cLos 50 a\u00f1os fue un buen momento para toda esa reflexi\u00f3n colectiva.&nbsp;<strong>Dec\u00edamos: democracia, memoria y futuro. Memoria, porque uno tiene que conocer la historia; el futuro se construye sobre la base de ese pasado, pero con proyecci\u00f3n a futuro<\/strong>. Tiene que ver con un mundo que deber\u00eda ser m\u00e1s solidario, pero tambi\u00e9n con que, efectivamente, la democracia puede estar en peligro en cualquier momento y cualquier instante. Y es un compromiso nuestro, de todos nosotros, defenderla\u201d, sostiene en entrevista.<\/p>\n\n\n\n<p class=\"wp-block-paragraph\">Allende Bussi, quien justo hace un a\u00f1o recibi\u00f3 en Santiago de Chile la&nbsp;<strong>Orden del \u00c1guila Azteca&nbsp;<\/strong>para Salvador Allende y similar reconocimiento para ella en grado de insignia, de manos del&nbsp;<strong>presidente Andr\u00e9s Manuel L\u00f3pez Obrador,<\/strong>&nbsp;subraya que han pasado 51 a\u00f1os y no han podido borrar a su padre.<\/p>\n\n\n\n<p class=\"wp-block-paragraph\">\u201cLo mejor es eso, han pasado 51 a\u00f1os y Salvador Allende sigue presente, sigue siendo citado, sigue la gente hablando, record\u00e1ndolo. No lo han podido borrar nunca, lo intentaron, no pudieron nunca\u201d, dice.<\/p>\n\n\n\n<p class=\"wp-block-paragraph\">Agrega que Allende siempre ha estado presente y sus ideales est\u00e1n m\u00e1s vigentes que nunca.<\/p>\n\n\n\n<p class=\"wp-block-paragraph\">\u201cTodos esos ideales de justicia social est\u00e1n m\u00e1s vigentes que nunca. Vivimos en sociedades muy desiguales, muy excluyentes, poco tolerantes. Y mi padre busc\u00f3 siempre esos valores de la tolerancia\u201d.<\/p>\n\n\n\n<p class=\"wp-block-paragraph\"><strong>Demasiado silencio<\/strong><\/p>\n\n\n\n<p class=\"wp-block-paragraph\">Su testimonio de apenas un centenar de p\u00e1ginas,&nbsp;<strong><em>11 de septiembre. Esa semana<\/em><\/strong>&nbsp;(Debate, 2023), llega a M\u00e9xico para su presentaci\u00f3n oficial de la mano de su protagonista, al a\u00f1o de su publicaci\u00f3n en Chile, donde fue acogido con cierto impacto en algunos sectores, pero sin mucha difusi\u00f3n entre la poblaci\u00f3n.<\/p>\n\n\n\n<p class=\"wp-block-paragraph\">\u201c<strong>Yo nunca hab\u00eda hablado sobre mi experiencia.<\/strong>&nbsp;Cuando son dolores muy fuertes, uno se protege; la memoria la tienes media escondida, recubierta de distintas capas. Quiz\u00e1s porque (en 2023) eran los 50 a\u00f1os (del golpe), una fecha muy redonda y en un momento muy fuerte, sale el libro en Chile\u201d, comenta a&nbsp;<strong>MILENIO<\/strong>&nbsp;la senadora de izquierda, ex diputada y ex presidenta del Partido Socialista chileno.<\/p>\n\n\n\n<p class=\"wp-block-paragraph\">Aunque&nbsp;<strong>desde su exilio en M\u00e9xico de 1973 a 1989 hizo activismo pol\u00edtico&nbsp;<\/strong>en todo el mundo para denunciar las violaciones a los derechos humanos y cr\u00edmenes perpetrados por la dictadura militar, hab\u00eda callado en familia y en p\u00fablico su testimonio sobre aquella semana del 9 al 16 de septiembre de 1973.<\/p>\n\n\n\n<p class=\"wp-block-paragraph\">\u201cEn la familia hab\u00eda habido demasiado silencio. Es un relato necesario, breve, pero concreto, que comienza cuando regres\u00e1bamos a Chile desde M\u00e9xico el 9 de septiembre y cuando salimos de Chile al exilio de regreso a M\u00e9xico el 16 de septiembre. No sab\u00edamos qu\u00e9 iba a ser tan largo el exilio\u201d, refiere.<\/p>\n\n\n\n<p class=\"wp-block-paragraph\">Reconoce que influy\u00f3 en su decisi\u00f3n el documental<strong><em>&nbsp;Allende mi abuelo Allende<\/em><\/strong>&nbsp;(2015), que realiz\u00f3 su hija&nbsp;<strong>Marcia Tambutti Allende<\/strong>, presidenta del Directorio de la Fundaci\u00f3n Salvador Allende, quien la acompa\u00f1\u00f3 en la entrevista y en la presentaci\u00f3n del libro este 10 de septiembre en el auditorio Benito Coquet de la Conferencia Interamericana de Seguridad Social (CISS), en San Jer\u00f3nimo L\u00eddice.<\/p>\n\n\n\n<p class=\"wp-block-paragraph\">\u201cMarcia, efectivamente, influy\u00f3 porque nos demostr\u00f3 que era importante abrirnos, sacar ya esa historia tan fuerte, tan contenida. Ella reclam\u00f3 ese derecho, y no es la \u00fanica. Es este reclamo que hacen los hijos ante el silencio de los padres, que no quieren contar, que prefieren guardar silencio, que no quieren narrar la historia de lo sucedido. Y de alguna manera nos abri\u00f3 a hacerlo\u201d, dice Allende Bussi.<\/p>\n\n\n\n<p class=\"wp-block-paragraph\">Marcia interviene y subraya que mucha gente s\u00ed exig\u00eda saber la historia que ahora cuenta Isabel Allende Bussi y agrega que le toc\u00f3 ver a su madre y a su abuela Hortencia, en incontables ocasiones, por a\u00f1os, decirles a muchos periodistas: pueden preguntar lo que quieran, pero no del 11 de septiembre de 1973.<\/p>\n\n\n\n<p class=\"wp-block-paragraph\"><img loading=\"lazy\" decoding=\"async\" alt=\"La portada del libro | Especial\" src=\"https:\/\/lh7-rt.googleusercontent.com\/docsz\/AD_4nXdzkPwmvV10asB9RuiOhXK6wigeetSa6KJt__gXxn1aqVadnpL_otxMbulmyIWUGKGiMyxQo0owjectAAF-FiGCCA_jIO1hS9djgd9iBmFHlW8_GjOgVL04KXVulVbMxTIi_cyYFsa5z6OSUhhcsTZ7ttMuWT8bjnQUakBNEGYxeP5T1tW8_9g?key=jBZzsEIkL_6X0vGxebeDxQ\" width=\"375\" height=\"584\">La portada del libro | Especialampliar<\/p>\n\n\n\n<p class=\"wp-block-paragraph\"><strong>El paso por M\u00e9xico<\/strong><\/p>\n\n\n\n<p class=\"wp-block-paragraph\">La hija del hombre que gobern\u00f3 Chile de 1970 a 1973 cuenta que contar su historia result\u00f3 sanador y represent\u00f3 una oportunidad de reconocer y agradecer la solidaridad de muchas personas con quienes se cruz\u00f3 su familia, encabezada por&nbsp;<strong>su madre Hortensia<\/strong>&nbsp;Bussi, aquel 11 de septiembre despu\u00e9s del ataque al Palacio de la Moneda, desde un chofer hasta el embajador mexicano Gonzalo Mart\u00ednez Corbal\u00e1.<\/p>\n\n\n\n<p class=\"wp-block-paragraph\">\u201cEs importante contar la historia; dejas un legado. Estoy contenta porque (mi hija) ten\u00eda raz\u00f3n\u201d, a\u00f1ade.<\/p>\n\n\n\n<p class=\"wp-block-paragraph\">Destaca que durante los a\u00f1os que, junto con su madre, recorrieron el mundo para exponer a la dictadura, tom\u00f3 conciencia de qu\u00e9 representaba fuera de Chile su padre.<\/p>\n\n\n\n<p class=\"wp-block-paragraph\">\u201cComo la solidaridad fue tan grande, hab\u00eda que responder a ella. Hubo muchos viajes, encuentros, en fin. Y un poco me sirvi\u00f3 para darme cuenta de que Salvador Allende era un referente universal, y su ejemplo, su postura de cambios, lo que \u00e9l defend\u00eda con socialismo en democracia, era muy apreciado. Eso fue muy potente, fue un aprendizaje. El haber respondido a esa solidaridad, tambi\u00e9n me ayud\u00f3 mucho como a descubrir que era muy valorado, admirado y apreciado, y quiz\u00e1s en la contingencia en que est\u00e1bamos no nos percat\u00e1bamos de la profundidad que hab\u00eda tomado, esa dimensi\u00f3n universal\u201d.<\/p>\n\n\n\n<p class=\"wp-block-paragraph\"><strong>El volumen de memorias tambi\u00e9n aborda su paso por M\u00e9xico, desde la an\u00e9cdota curiosa de que cuando ella y su madre se despiden el s\u00e1bado 8 de septiembre de la esposa del presidente Luis Echeverr\u00eda, Esther Zuno<\/strong>, esta presagia: \u201cTengo el presentimiento de que las voy a ver antes de lo que pensamos\u201d.<\/p>\n\n\n\n<p class=\"wp-block-paragraph\">A pregunta expresa sobre c\u00f3mo lidi\u00f3 su familia con el hecho de haberse exiliado en M\u00e9xico durante un gobierno represor y violador de derechos humanos como el de Echeverr\u00eda, cuando ven\u00edan de sufrir un golpe militar que devino dictadura, Allende Bussi ratific\u00f3 su agradecimiento al ex presidente mexicano.<\/p>\n\n\n\n<p class=\"wp-block-paragraph\">\u201cLas cosas hay que decirlas por su nombre:&nbsp;<strong>la conducta del presidente Echeverr\u00eda y de su esposa, no s\u00f3lo con el gobierno de mi padre, sino tambi\u00e9n despu\u00e9s con el exilio, fue admirable, muy poderosa<\/strong>. Y uno no puede sino reconocerlo y agradecerlo. Yo no me voy a meter en la pol\u00edtica interna de M\u00e9xico, hay que ser respetuosa. Guardo un sentimiento de respeto y de gratitud por Gonzalo Mart\u00ednez Corbal\u00e1, un embajador incre\u00edble, pero era el propio presidente Echeverr\u00eda el que quer\u00eda que jugara ese rol, estaba preocupad\u00edsimo por ayudar a la familia Allende y abrirnos las puertas. Nos mostr\u00f3 solidaridad siempre. Yo no lo negar\u00eda jam\u00e1s, al contrario, tengo que decirlo con toda claridad porque as\u00ed fue\u201d, dijo.<\/p>\n\n\n\n<p class=\"wp-block-paragraph\"><strong>La mayor ense\u00f1anza<\/strong><\/p>\n\n\n\n<p class=\"wp-block-paragraph\">Record\u00f3 que Allende, desde que asumi\u00f3 la presidencia el 3 de noviembre de 1970, enfrent\u00f3 una oposici\u00f3n m\u00e1s all\u00e1 de lo que deb\u00eda ser oposici\u00f3n democr\u00e1ticamente, con injerencia de Estados Unidos.<\/p>\n\n\n\n<p class=\"wp-block-paragraph\">\u201c<strong>La mayor ense\u00f1anza para los 50 a\u00f1os y lo que seguir\u00e1 a futuro es esa: las transformaciones sociales, profundas, son necesarias en sociedades tan inequitativas, tan desiguales, como la nuestra y, en general, de Am\u00e9rica Latina&nbsp;<\/strong>\u2014la regi\u00f3n m\u00e1s desigual del mundo\u2014, pero esos cambios tienes que hacerlos con mayor\u00edas, gradualmente, buscando consensos, y nunca, por grave que sea una crisis, romper la democracia, perseguir a la gente, reprimir, asesinar, como ocurri\u00f3 en Chile, algo que nunca hab\u00eda pasado en toda nuestra historia. Tener degollados, desaparecidos, quemados, nunca debiera, bajo ninguna circunstancia, se debe repetir\u201d, alerta la ex presidenta de ambas c\u00e1maras del Congreso chileno.<\/p>\n\n\n\n<p class=\"wp-block-paragraph\">Sobre su decisi\u00f3n de ir aquel 11 de septiembre de 1973 a La Moneda con su padre, quien se suicid\u00f3 despu\u00e9s de ponerla a ella y a su hermana a salvo, Allende Bussi destaca en su libro la importancia de su despedida y de c\u00f3mo<strong>&nbsp;Salvador Allende le pidi\u00f3 contar al mundo todo lo que hab\u00eda ocurrido esa ma\u00f1ana,<\/strong>&nbsp;compromiso que medio siglo despu\u00e9s cumple con la publicaci\u00f3n de este su libro de memorias.<\/p>\n\n\n\n<p class=\"wp-block-paragraph\"><strong>\u00bfAlg\u00fan d\u00eda ha deseado haberle pedido a su padre que saliera con ustedes de La Moneda?<\/strong><\/p>\n\n\n\n<p class=\"wp-block-paragraph\">No me hubiera imaginado a mi padre viviendo afuera en el exilio. Era una se\u00f1al tan fuerte, la convicci\u00f3n, la dignidad de su cargo, defender simb\u00f3licamente la democracia en el Palacio de Gobierno adonde \u00e9l llega elegido democr\u00e1ticamente, que para m\u00ed no hubiera sido imaginable ver a mi padre tomando un avi\u00f3n y partir al exilio. Pero, efectivamente, hay que reconocerlo, yo no ten\u00eda claro qu\u00e9 iba a suceder, eso es un dolor. Pero,&nbsp;<strong>si hay algo que en mi vida me ha acompa\u00f1ado y me ayud\u00f3 much\u00edsimo, fue ese hecho de haber llegado a La Moneda.&nbsp;<\/strong>(\u2026) Es muy incre\u00edble haber vivido todo eso. Haber visto en persona c\u00f3mo se comporta un verdadero l\u00edder que es capaz de estar en todos los planos: en el liderazgo, en su preocupaci\u00f3n por los otros, por sus hijas, y del pueblo, que no lo deja sacrificar.<\/p>\n\n\n\n<p class=\"wp-block-paragraph\"><strong>\u00bfLe ha pesado el apellido Allende?<\/strong><\/p>\n\n\n\n<p class=\"wp-block-paragraph\"><strong>El apellido nos va a acompa\u00f1ar siempre y es un orgullo claramente.&nbsp;<\/strong>Pero, tambi\u00e9n, s\u00ed es cierto que hay un cierto peso, porque la gente a una la mira como que espera determinado comportamiento. Y, claro, te acompa\u00f1a, es parte de la vida, es parte de tu historia, de la buena y de la mala. Cuando era chica en el colegio a veces era un tanto ingrato, porque te criticaban y uno se quedaba un poco sorprendida de ni\u00f1a porque, claro, es muy fuerte. Pero, siempre te acompa\u00f1a.<\/p>\n\n\n\n<p class=\"wp-block-paragraph\"><strong>Retratos de su padre hay por todos lados, son ic\u00f3nicos. \u00bfDe qu\u00e9 forma eso alter\u00f3 su recuerdo?<\/strong><\/p>\n\n\n\n<p class=\"wp-block-paragraph\">Claro, ya no est\u00e1 el padre que yo perd\u00ed, pero lo recuerdo como el d\u00eda que nos acompa\u00f1a, el que la gente quiere, el que recuerda, y es emocionante, porque la gente me detiene en la calle para decirme: recordamos al presidente Allende, no lo hemos olvidado, lo conoc\u00ed\u2026 Y eso es algo fant\u00e1stico que nos acompa\u00f1a porque han pasado 51 a\u00f1os del golpe, porque su historia fue larga, una larga, larga trayectoria, toda una vida volcada a esto, con sus convicciones, compromisos. Entonces, es muy bonito porque uno siente c\u00f3mo est\u00e1 presente y c\u00f3mo sigue presente. Eso es algo muy extra\u00f1o en la historia, porque en la historia de los seres humanos nuestras memorias son fr\u00e1giles y cortas. La gente tiende a olvidar.&nbsp;<strong>Han pasado 51 a\u00f1os y Salvador Allende sigue muy presente. Eso es muy fuerte.<\/strong><\/p>\n\n\n\n<p class=\"wp-block-paragraph\"><strong>\u00bfQu\u00e9 hace usted cada 11 de septiembre?<\/strong><\/p>\n\n\n\n<p class=\"wp-block-paragraph\">En general, estar en la conmemoraci\u00f3n, sea Chile o en el mundo. Me ha tocado viajar much\u00edsimas veces, a distintos pa\u00edses: Italia, Francia, M\u00e9xico u otros pa\u00edses en Am\u00e9rica Latina, aunque suele no haber tantas democracias en nuestra regi\u00f3n y a veces son menos las conmemoraciones en nuestra regi\u00f3n. Pero, normalmente es un d\u00eda que, por supuesto de conmemoraci\u00f3n,&nbsp;<strong>es el d\u00eda en que uno tiene recuerdos muy frescos y dolorosos, est\u00e1n muy presentes.<\/strong>&nbsp;Y cuando estamos en Chile, despu\u00e9s de los actos que se hacen en distintos momentos, nos juntamos familiares y tenemos un almuerzo familiar.<\/p>\n\n\n\n<p class=\"wp-block-paragraph\"><strong>Cuenta en el libro que llegaron al exilio con la ropa que tra\u00edan aquel d\u00eda. Y que las recibieron Echeverr\u00eda, su esposa y comitiva vestidos de luto. \u00bfTuvo tiempo para el luto? \u00bfSigue de luto?<\/strong><\/p>\n\n\n\n<p class=\"wp-block-paragraph\">No,&nbsp;<strong>la palabra luto no es la adecuada, sino es el recuerdo profundo, doloroso, la p\u00e9rdida de mi padre.<\/strong>&nbsp;Es el dolor de un pa\u00eds, es el dolor perdido, c\u00f3mo podemos llegar a un punto que se puede instalar la peor dictadura que nosotros hayamos conocido, que puede asesinar, degollar, quemar, hacer desaparecer, ejecutar. \u00bfC\u00f3mo se puede permitir que podamos llegar a ese extremo? Es un d\u00eda de reflexi\u00f3n, de dolor, de tristeza, pero, al mismo tiempo, como con mucha fuerza, como para lo que nunca puede volver a repetirse, que nunca puede volver a ocurrir. Tiene esa doble connotaci\u00f3n. Nosotras siempre tratamos, y ha sido nuestra vida, el tratar de hacer la vida lo m\u00e1s normal posible. Uno no vive en estado de luto permanente, los dolores, recuerdos, emociones est\u00e1n, pero uno vive su vida.<\/p>\n\n\n\n<p class=\"wp-block-paragraph\"><strong>\u00bfPerdi\u00f3 el mismo d\u00eda un padre y una patria?<\/strong><\/p>\n\n\n\n<p class=\"wp-block-paragraph\">M\u00e9xico nos abri\u00f3 las puertas, fue maravilloso, pero, claro, Chile siempre estuvo presente, uno nunca lo deja. El exilio es muy curioso en eso, porque uno se integra al pa\u00eds que lo recibe, en eso M\u00e9xico fue maravilloso, pero Chile nunca dej\u00f3 de estar. Es imposible que no sea as\u00ed. El libro termina cuando llegamos a M\u00e9xico, quiz\u00e1s alguna vez haya una segunda parte donde narre los 16 a\u00f1os de exilio.<\/p>\n\n\n\n<p class=\"wp-block-paragraph\"><strong>Chile tiene hoy al presidente m\u00e1s joven de su historia. \u00bfC\u00f3mo tomaron los j\u00f3venes su libro?<\/strong><\/p>\n\n\n\n<p class=\"wp-block-paragraph\">Los 50 a\u00f1os sirvi\u00f3 mucho, con las distintas actividades que hubo, sobre todo de la sociedad civil, no solo del gobierno con el presidente&nbsp;<strong>Gabriel Boric<\/strong>&nbsp;a la cabeza. Pero, me temo que en Chile, y esto viene como herencia de la dictadura, perdimos la vocaci\u00f3n c\u00edvica. Mucha gente ni sabe bien todo lo que ha pasado. Pasa tambi\u00e9n a la gente joven, no todos tienen claro los distintos hechos que ocurrieron. Y eso es muy doloroso y eso es real. Yo hubiera querido que (el libro) fuera una discusi\u00f3n muy masiva, pero no ocurre necesariamente as\u00ed. All\u00e1 no es lectura de best seller, es m\u00e1s restringido. Pero hace bien saber.<\/p>\n\n\n\n<p class=\"wp-block-paragraph\"><strong>Y, entonces \u00bfqu\u00e9 opinan los j\u00f3venes a Salvador Allende?<\/strong><\/p>\n\n\n\n<p class=\"wp-block-paragraph\">Ahora, hay una cosa que s\u00ed ocurre, es real, se da en Chile, y me llena de orgullo. Gente joven, que por supuesto no vivi\u00f3 esa \u00e9poca y no conocieron la experiencia de Unidad Popular ni mucho menos, sin embargo, es el retrato (de Allende) el que los acompa\u00f1a en las manifestaciones.&nbsp;<strong>El \u00fanico rostro que se exhibe es el de mi padre<\/strong>. Y eso habla muy bien, porque es una gente que, aunque no conozca la historia, saben valorar la \u00e9tica y la pol\u00edtica de mi padre, saben valorar la consecuencia, la coherencia de lo que dice y lo que hace. Eso, de alguna manera, est\u00e1 muy fuerte en la gente joven.<\/p>\n\n\n\n<p class=\"wp-block-paragraph\">Eso es muy valioso, porque no es que te hayan educado, que hayan aprendido la historia nuestra, en las escuelas nos ense\u00f1an lo que pas\u00f3 en la Unidad Popular o en la dictadura muy poco. La educaci\u00f3n c\u00edvica es casi inexistente. Y por eso es importante dejar esto (el libro), no s\u00f3lo en t\u00e9rminos personales, que al final es sanador, y has roto ese pacto de silencio, sino tambi\u00e9n porque lo dejas a la gente joven.&nbsp;<strong>Ojal\u00e1 lo leyeran muchos m\u00e1s en Chile y en M\u00e9xico tambi\u00e9n, porque habla mucho de M\u00e9xico<\/strong>.<\/p>\n\n\n\n<p class=\"wp-block-paragraph\"><strong>Desde el regreso de la democracia, \u00bfel Estado chileno ha hecho justicia a Salvador Allende?<\/strong><\/p>\n\n\n\n<p class=\"wp-block-paragraph\">Mire, cuando yo llegu\u00e9 a Chile en 89-90, a m\u00ed me cost\u00f3 mucho, despu\u00e9s de tantos a\u00f1os de exilio, aceptar ese Chile, me molestaba much\u00edsimo. Era un Chile que no era capaz de hablar de golpe de Estado; hablaba de \u201c<strong>pronunciamiento militar\u201d<\/strong>; no era capaz de decir violaci\u00f3n de los derechos humanos. \u00bfSabe qu\u00e9 dec\u00edan? Excesos. No era capaz de decir las cosas por su nombre, era una especie de negaci\u00f3n o negacionismo brutal. A m\u00ed no me era f\u00e1cil. Adem\u00e1s, est\u00e1bamos un poco contracorriente, porque nuestra posici\u00f3n fue llegar como familia a crear la Fundaci\u00f3n Salvador Allende, empezar a hablar de Salvador Allende, empezar a rescatar ese hito de la historia, porque no se dec\u00eda. Hab\u00eda incluso miedo, hasta los a\u00f1os 90 hab\u00eda todav\u00eda temor. Adem\u00e1s, fue una justicia larga, dif\u00edcil, y no siempre a cabalidad, como debiera ser. Entonces, fue una larga transici\u00f3n democr\u00e1tica.<\/p>\n\n\n\n<p class=\"wp-block-paragraph\"><strong>\u00bfC\u00f3mo logr\u00f3 usted revertir esa situaci\u00f3n?<\/strong><strong><\/strong><\/p>\n\n\n\n<p class=\"wp-block-paragraph\">A m\u00ed no me fue f\u00e1cil la integraci\u00f3n inicial. \u00bfQu\u00e9 ayud\u00f3 mucho? El cari\u00f1o de mucha gente, que recordaba a Salvador Allende.&nbsp;<strong>Era una mezcla rara: una \u00e9lite pol\u00edtica que no quer\u00eda hablar de estas cosas y negaba; y, por otro lado, estaba aut\u00e9nticamente ah\u00ed.<\/strong>&nbsp;Hicimos actos reparatorios muy importantes, como el traslado de sus restos para hacerle el funeral que nunca tuvo, correspond\u00eda hacerlo. Y eso lo hicimos con el primer gobierno democr\u00e1tico de Patricio Aylwin. Eso fue necesario. Y despu\u00e9s, con distintos gobiernos, sobre todo nuestros, la concertaci\u00f3n de partidos o la nueva mayor\u00eda, con Michelle Bachelet, el 11 de septiembre desde La Moneda, se hac\u00edan homenajes a Salvador Allende.<\/p>\n\n\n\n<p class=\"wp-block-paragraph\">Con los a\u00f1os, se fue abriendo a hablar m\u00e1s p\u00fablicamente de Salvador Allende, ya la gente se atrev\u00eda a hablar. En un canal nacional p\u00fablico se hizo un concurso, en el cual se seleccionaron 60 figuras, y la gente votaba on line, y Salvador Allende sali\u00f3 elegido el personaje m\u00e1s querido. Con los a\u00f1os fue abri\u00e9ndose esta memoria, y ha venido reivindic\u00e1ndose con el tiempo. Y, para m\u00ed, lo mejor es eso, han pasado 51 a\u00f1os y&nbsp;<strong>Salvador Allende sigue presente, sigue siendo citado, sigue la gente hablando de \u00e9l, sigue recordando y no lo han podido borrar nunca, lo intentaron, pero no pudieron nunca<\/strong>.<\/p>\n\n\n\n<p class=\"wp-block-paragraph\"><strong><br><\/strong><strong>\ud83d\udcd6<\/strong><strong> \u201c11 de septiembre. Esa semana\u201d <\/strong><strong><br><\/strong><strong>de Isabel Allende Bussi<\/strong><\/p>\n\n\n\n<p class=\"wp-block-paragraph\"><strong><br><\/strong><strong>Allende Bussi ofrece una poderosa y pormenorizada evocaci\u00f3n de esa semana, en que la gesta del presidente Allende, de resistir hasta el final, impact\u00f3 al mundo entero.<\/strong><strong><br><\/strong><strong><br><\/strong><strong>50 a\u00f1os despu\u00e9s del Golpe, la hija menor de&nbsp;<\/strong><a href=\"https:\/\/www.instagram.com\/explore\/tags\/salvadorallende\/\"><strong>#SalvadorAllende<\/strong><\/a><strong>, principal impulsor de la creaci\u00f3n de la&nbsp;<\/strong><a href=\"https:\/\/www.instagram.com\/explore\/tags\/ciss\/\"><strong>#CISS<\/strong><\/a><strong>, relata qu\u00e9 ocurri\u00f3 durante esos fat\u00eddicos d\u00edas.<\/strong><strong><br><\/strong><strong><br><\/strong><strong>Este libro ofrece por primera vez un panorama \u00edntimo de c\u00f3mo la familia Allende Bussi tuvo que lidiar con episodios dolorosos y resguardados en la intimidad hasta hoy.<\/strong><strong><br><\/strong><strong><br><\/strong><strong>\ud83d\uddd3\ufe0f<\/strong><strong> 10 de septiembre de 2024<\/strong><\/p>\n\n\n\n<p class=\"wp-block-paragraph\"><strong><br><\/strong><strong>\u23f0<\/strong><strong> 19:00 horas (Hora CDMX)<\/strong><\/p>\n\n\n\n<p class=\"wp-block-paragraph\"><strong><br><\/strong><strong>\ud83d\udccd<\/strong><strong> Evento presencial, en la sede de la CISS<\/strong><strong><br><\/strong><strong>\ud83d\udc49\ud83c\udffc<\/strong><strong> Registro: https:\/\/forms.gle\/sWnEYfNrhVt3Yqsi7<\/strong><\/p>\n","protected":false},"excerpt":{"rendered":"<p>La escritora, hija del presidente chileno Salvador Allende, presenta en M\u00e9xico su nuevo libro \u201811 de septiembre. Esa semana\u2019. La escritora presenta su nuevo libro | Foto: Javier R\u00edos Jos\u00e9 Juan de \u00c1vila SemM\u00e9xico\/Milenio Diario,&nbsp; &nbsp; Ciudad de M\u00e9xico,11 de septiembre,&nbsp; &nbsp; &nbsp; &nbsp; 2024.-A los 50 a\u00f1os del&nbsp;golpe militar en Chile&nbsp;y de la&nbsp;muerte de [&hellip;]<\/p>\n","protected":false},"author":3,"featured_media":86917,"comment_status":"open","ping_status":"open","sticky":false,"template":"","format":"standard","meta":{"_monsterinsights_skip_tracking":false,"footnotes":""},"categories":[748,694],"tags":[],"class_list":["post-86899","post","type-post","status-publish","format-standard","has-post-thumbnail","category-cultura-feminista","category-destacadas"],"_links":{"self":[{"href":"https:\/\/redsemlac.com\/semmexico\/wp-json\/wp\/v2\/posts\/86899","targetHints":{"allow":["GET"]}}],"collection":[{"href":"https:\/\/redsemlac.com\/semmexico\/wp-json\/wp\/v2\/posts"}],"about":[{"href":"https:\/\/redsemlac.com\/semmexico\/wp-json\/wp\/v2\/types\/post"}],"author":[{"embeddable":true,"href":"https:\/\/redsemlac.com\/semmexico\/wp-json\/wp\/v2\/users\/3"}],"replies":[{"embeddable":true,"href":"https:\/\/redsemlac.com\/semmexico\/wp-json\/wp\/v2\/comments?post=86899"}],"version-history":[{"count":0,"href":"https:\/\/redsemlac.com\/semmexico\/wp-json\/wp\/v2\/posts\/86899\/revisions"}],"wp:featuredmedia":[{"embeddable":true,"href":"https:\/\/redsemlac.com\/semmexico\/wp-json\/wp\/v2\/media\/86917"}],"wp:attachment":[{"href":"https:\/\/redsemlac.com\/semmexico\/wp-json\/wp\/v2\/media?parent=86899"}],"wp:term":[{"taxonomy":"category","embeddable":true,"href":"https:\/\/redsemlac.com\/semmexico\/wp-json\/wp\/v2\/categories?post=86899"},{"taxonomy":"post_tag","embeddable":true,"href":"https:\/\/redsemlac.com\/semmexico\/wp-json\/wp\/v2\/tags?post=86899"}],"curies":[{"name":"wp","href":"https:\/\/api.w.org\/{rel}","templated":true}]}}