{"id":86849,"date":"2024-09-10T17:05:40","date_gmt":"2024-09-10T23:05:40","guid":{"rendered":"https:\/\/redsemlac.com\/semmexico\/?p=86849"},"modified":"2024-09-10T20:06:29","modified_gmt":"2024-09-11T02:06:29","slug":"al-grito-de-traidores-trabajadores-del-poder-judicial-dan-portazo-en-el-senadotraidores-gritaban-los-trabajadores-quienes-se-amontonaron-en-la-entrada-con-altavoces-y","status":"publish","type":"post","link":"https:\/\/redsemlac.com\/semmexico\/al-grito-de-traidores-trabajadores-del-poder-judicial-dan-portazo-en-el-senadotraidores-gritaban-los-trabajadores-quienes-se-amontonaron-en-la-entrada-con-altavoces-y\/","title":{"rendered":"Al grito de \u201c\u00a1traidores!\u201d, trabajadores del Poder Judicial dan portazo en el Senado\u00a1Traidores! gritaban los trabajadores, quienes se amontonaron en la entrada con altavoces y banderines de color blanco"},"content":{"rendered":"\n<p class=\"wp-block-paragraph\">Redacci\u00f3n<\/p>\n\n\n\n<p class=\"wp-block-paragraph\">Al grito de \u201cel poder judicial no va a caer\u201d y \u201ctraidores, traidores\u201d, decenas de manifestantes irrumpieron en la sede del Senado de la Rep\u00fablica en pleno debate de la reforma judicial.<\/p>\n\n\n\n<p class=\"wp-block-paragraph\">Los trabajadores del Poder Judicial rompieron los accesos en la entrada al Senado sobre el paseo de la Reforma judicial, y lograron llegar hasta la entrada al sal\u00f3n de pleno, aunque personal de resguardo les impidi\u00f3 el acceso.<\/p>\n\n\n\n<p class=\"wp-block-paragraph\">Beltrones ratifica que votar\u00e1 en contra de la reforma judicial: \u00abNo creo que le haga bien al pa\u00eds ni le ayude a Sheinbaum\u00bb<br>Pleno del Senado arranca la discusi\u00f3n de la reforma judicial con la ausencia de legisladores clave<br>C\u00e1mara Alta<br>Pleno del Senado arranca la discusi\u00f3n de la reforma judicial con la ausencia de legisladores clave<br>Enseguida, los manifestantes siguieron caminando por el patio del Federalismo, y lograron llegar hasta el sal\u00f3n de plenos, por lo que el presidente del Senado, declar\u00f3 un receso.<\/p>\n\n\n\n<p class=\"wp-block-paragraph\">Los manifestantes portaban banderines blancos, cartulinas y banderas de M\u00e9xico, e ingresaron al recinto en medio de la discusi\u00f3n de la reforma al Poder Judicial.<\/p>\n\n\n\n<p class=\"wp-block-paragraph\">En breve m\u00e1s informaci\u00f3n\u2026<\/p>\n","protected":false},"excerpt":{"rendered":"<p>Redacci\u00f3n Al grito de \u201cel poder judicial no va a caer\u201d y \u201ctraidores, traidores\u201d, decenas de manifestantes irrumpieron en la sede del Senado de la Rep\u00fablica en pleno debate de la reforma judicial. Los trabajadores del Poder Judicial rompieron los accesos en la entrada al Senado sobre el paseo de la Reforma judicial, y lograron [&hellip;]<\/p>\n","protected":false},"author":3,"featured_media":86850,"comment_status":"open","ping_status":"open","sticky":false,"template":"","format":"standard","meta":{"_monsterinsights_skip_tracking":false,"footnotes":""},"categories":[682],"tags":[],"class_list":["post-86849","post","type-post","status-publish","format-standard","has-post-thumbnail","category-noticias"],"_links":{"self":[{"href":"https:\/\/redsemlac.com\/semmexico\/wp-json\/wp\/v2\/posts\/86849","targetHints":{"allow":["GET"]}}],"collection":[{"href":"https:\/\/redsemlac.com\/semmexico\/wp-json\/wp\/v2\/posts"}],"about":[{"href":"https:\/\/redsemlac.com\/semmexico\/wp-json\/wp\/v2\/types\/post"}],"author":[{"embeddable":true,"href":"https:\/\/redsemlac.com\/semmexico\/wp-json\/wp\/v2\/users\/3"}],"replies":[{"embeddable":true,"href":"https:\/\/redsemlac.com\/semmexico\/wp-json\/wp\/v2\/comments?post=86849"}],"version-history":[{"count":0,"href":"https:\/\/redsemlac.com\/semmexico\/wp-json\/wp\/v2\/posts\/86849\/revisions"}],"wp:featuredmedia":[{"embeddable":true,"href":"https:\/\/redsemlac.com\/semmexico\/wp-json\/wp\/v2\/media\/86850"}],"wp:attachment":[{"href":"https:\/\/redsemlac.com\/semmexico\/wp-json\/wp\/v2\/media?parent=86849"}],"wp:term":[{"taxonomy":"category","embeddable":true,"href":"https:\/\/redsemlac.com\/semmexico\/wp-json\/wp\/v2\/categories?post=86849"},{"taxonomy":"post_tag","embeddable":true,"href":"https:\/\/redsemlac.com\/semmexico\/wp-json\/wp\/v2\/tags?post=86849"}],"curies":[{"name":"wp","href":"https:\/\/api.w.org\/{rel}","templated":true}]}}