{"id":86834,"date":"2024-09-10T08:35:54","date_gmt":"2024-09-10T14:35:54","guid":{"rendered":"https:\/\/redsemlac.com\/semmexico\/?p=86834"},"modified":"2024-09-10T08:50:49","modified_gmt":"2024-09-10T14:50:49","slug":"las-mujeres-indigenas-en-la-amazonia-deben-fortalecerse-deben-tomar-las-decisiones-y-no-quedarse-calladas","status":"publish","type":"post","link":"https:\/\/redsemlac.com\/semmexico\/las-mujeres-indigenas-en-la-amazonia-deben-fortalecerse-deben-tomar-las-decisiones-y-no-quedarse-calladas\/","title":{"rendered":"\u201cLas mujeres ind\u00edgenas en la Amazon\u00eda deben fortalecerse, deben tomar las decisiones y no quedarse calladas\u201d\u00a0"},"content":{"rendered":"\n<p class=\"wp-block-paragraph\">El nuevo libro \u00abSeremos Jaguares\u00bb, de la lideresa ind\u00edgena Nemonte Nenquimo, contiene las memorias de una mujer que luch\u00f3 contra la llegada de las grandes compa\u00f1\u00edas petroleras para conservar los territorios de su pueblo y miles de hect\u00e1reas de selva amaz\u00f3nica.<\/p>\n\n\n\n<p class=\"wp-block-paragraph\">La obra, escrita junto a su esposo y director de la organizaci\u00f3n Amazon Frontlines, Mitch Anderson, ofrece un testimonio de esperanza y resistencia desde la Amazon\u00eda en la lucha contra el cambio clim\u00e1tico y la protecci\u00f3n de la naturaleza.<\/p>\n\n\n\n<p class=\"wp-block-paragraph\"><em>Astid Arellano*<\/em><\/p>\n\n\n\n<p class=\"wp-block-paragraph\"><strong>SemM\u00e9xico, Ciudad de M\u00e9xico, 10 de septiembre, 2024.- Cinco datos clave: Nemonte<\/strong>, con sus cortos seis a\u00f1os de edad, entend\u00eda que hab\u00eda dos mundos. El primero, donde exist\u00eda su&nbsp;<em>oko<\/em>&nbsp;\u2014la gran casa donde viv\u00eda en la selva\u2014 iluminada por el fuego y en donde su familia la llamaba por su nombre, ese que significa \u201cmuchas estrellas\u201d. Y el otro mundo, donde los hombres blancos observaban a los Waorani desde el cielo, a bordo de grandes aviones, pose\u00edan una empresa petrolera que amenazaba su territorio y donde los misioneros evang\u00e9licos la llamaban \u201cIn\u00e9s\u201d.<\/p>\n\n\n\n<p class=\"wp-block-paragraph\"><strong>\u201cSeremos Jaguares\u201d&nbsp;<\/strong>es el nuevo libro donde la lideresa ind\u00edgena&nbsp;<strong>Nemonte<\/strong>&nbsp;<strong>Nenquimo<\/strong>&nbsp;narra sus memorias y su lucha contra las petroleras en territorio Waorani, en Ecuador, con el objetivo de conservar miles de hect\u00e1reas de selva y su biodiversidad. La publicaci\u00f3n que ser\u00e1 lanzada en este mes de septiembre, fue realizada en coautor\u00eda con&nbsp;<strong>Mitch Anderson<\/strong>, director ejecutivo y cofundador de&nbsp;<a href=\"https:\/\/amazonfrontlines.org\/who-we-are\/our-story\/\">Amazon Frontlines<\/a>, quien es adem\u00e1s el esposo y compa\u00f1ero de activismo de Nenquimo, con quien tiene dos hijos peque\u00f1os.<\/p>\n\n\n\n<p class=\"wp-block-paragraph\"><img loading=\"lazy\" decoding=\"async\" alt=\"Un hombre con una gorra negra\n\nDescripci\u00f3n generada autom\u00e1ticamente con confianza media\" src=\"https:\/\/lh7-rt.googleusercontent.com\/docsz\/AD_4nXdb3wYL-0NvwnKOh5m__GOez49ZZY6yKWrkFb2WHHoj4Lscupwcaebs3iiw67G60LJAZZUzt3x-ZNWcwElefPYEl5ReuapNvBx4WD1Z8u_6afpEI6tLtubQmho-k4JUA-VUzRMOt387cjmEDim6VF05A_F0wSdOjys4uuDO6BoWPUgppfGkKY0?key=SsLdzXXlo3SoIdpUK_J5dg\" width=\"635\" height=\"423\">Nemonte Nenquimo y Mitch Anderson, coautores de \u201cSeremos Jaguares y cofundadores de Amazon Frontlines. Foto: Christopher Fragapane \/ Amazon Frontlines<\/p>\n\n\n\n<p class=\"wp-block-paragraph\">\u201cNuestro Dios que nos da visi\u00f3n es el jaguar y, cuando t\u00fa mueres, te conviertes en uno\u201d, explica la lideresa waorani. \u201cAl morir, vamos a seguir vivos espiritualmente, vamos a seguir protegiendo nuestro territorio, en la tierra y con la naturaleza. Con eso me siento muy feliz, porque si un d\u00eda muero, voy a seguir estando viva, recorriendo y cuidando la tierra\u201d, dice sobre el t\u00edtulo de su libro.<\/p>\n\n\n\n<p class=\"wp-block-paragraph\">Dos d\u00e9cadas m\u00e1s tarde de su ruptura con los grupos religiosos, Nemonte Nenquimo se convirti\u00f3 en&nbsp;<a href=\"https:\/\/es.mongabay.com\/2020\/11\/nemonte-nenquimo-gana-premio-goldman-indigenas-waorani-ecuador\/\">una de las voces m\u00e1s contundentes<\/a>&nbsp;en el activismo contra el cambio clim\u00e1tico. Ha encabezado la alianza de diversos pueblos ind\u00edgenas en la Amazon\u00eda, con lo que logr\u00f3, en palabras de los waorani, \u201cuna hist\u00f3rica victoria contra las grandes petroleras\u201d, tras&nbsp;<a href=\"https:\/\/es.mongabay.com\/2019\/03\/indigenas-waorani-oposicion-bloque-petrolero-amazonia-pastaza\/\">un proceso legal<\/a>&nbsp;que suspendi\u00f3 la explotaci\u00f3n que pretend\u00eda hacerse en su comunidad.<\/p>\n\n\n\n<p class=\"wp-block-paragraph\">En el marco del&nbsp;<strong>D\u00eda Internacional de la Mujer Ind\u00edgena<\/strong>&nbsp;\u2014que se conmemora cada 5 de septiembre desde 1983\u2014&nbsp;<strong>Mongabay Latam<\/strong>&nbsp;convers\u00f3 con&nbsp;<strong>Nemonte Nenquimo&nbsp;<\/strong>sobre su defensa de la Amazon\u00eda y lo que simboliza esta nueva publicaci\u00f3n, escrita por ella, para las mujeres ind\u00edgenas del mundo.<\/p>\n\n\n\n<p class=\"wp-block-paragraph\"><img loading=\"lazy\" decoding=\"async\" src=\"https:\/\/lh7-rt.googleusercontent.com\/docsz\/AD_4nXfrt1UOckNEVJ3ESuELr3Iktk6xMxo15EweYKOr__1-SZAG49zTx-O7OV6xfJSdrFkg_qNudk0PJ7mE7lv1IKMifqRepLvzsuHHyoLifWDdJiamjiBoaA1qC5PExiS8SAS5-GlYnuJFPim9gEX9e4LFTLdGMKC5EWQW3a-DvYnlSvDutd_NsQ?key=SsLdzXXlo3SoIdpUK_J5dg\" width=\"635\" height=\"423\">La lideresa waorani Nemonte Nenquimo, junto a los Pekinani, los l\u00edderes tradicionales y guerreros. Juntos se movilizaron despu\u00e9s de presentar su demanda contra el gobierno ecuatoriano para proteger su territorio de selva tropical de la perforaci\u00f3n petrolera, en Puyo, Pastaza, Amazon\u00eda ecuatoriana, en febrero de 2019. Foto: Mitch Anderson \/ Amazon Frontlines<\/p>\n\n\n\n<p class=\"wp-block-paragraph\"><strong>\u2014El libro ser\u00e1 lanzado bajo dos nombres distintos, adem\u00e1s de \u201cSeremos Jaguares\u201d \u2014para Estados Unidos y Latinoam\u00e9rica\u2014, tambi\u00e9n se llama \u201cNo seremos salvados\u201d, en el Reino Unido, \u00bfpor qu\u00e9 se eligi\u00f3 un t\u00edtulo diferente para este \u00faltimo pa\u00eds?<\/strong><\/p>\n\n\n\n<p class=\"wp-block-paragraph\">\u2014\u201cNo seremos salvados\u201d es porque, muchas veces, gente de otras partes del mundo llega a los territorios ind\u00edgenas \u201ca salvar\u201d. Vienen con esa propuesta, con esta frase bien bonita, pero no est\u00e1n haciendo el bien. Vienen con una palabra de salvaci\u00f3n, pero realmente est\u00e1n haciendo da\u00f1o. Mi gente, mi pueblo, mis abuelos, mi pap\u00e1, fueron contactados por los evang\u00e9licos americanos [de Estados Unidos]. Ellos llegaron con esas palabras sobre la salvaci\u00f3n y el infierno, y todos se asustaron. Las consecuencias fueron la enfermedad y la muerte, y la destrucci\u00f3n ocasionada por la petrolera.<\/p>\n\n\n\n<p class=\"wp-block-paragraph\">Muchos j\u00f3venes de Europa se asustaron con ese t\u00edtulo y me preguntaron: \u201cNemonte, \u00bfno vamos a ser salvados?\u201d Y les dije que no, mientras no respetemos a la Madre Naturaleza. Lo que da la vida y el equilibrio del planeta es la selva, entonces hay que tener conexi\u00f3n con ella. Me doy cuenta de que la gente de afuera est\u00e1 desconectada de lo espiritual y de la Madre Naturaleza, pero el mundo de los ind\u00edgenas tambi\u00e9n; cuando llegan los petroleros, carreteras, invasiones y deforestaci\u00f3n, se desconectan de sus propias ra\u00edces, de sus propios conocimientos. Esas son dos cosas que trato de decir en el libro. No hablo s\u00f3lo de la gente del mundo del blanco, sino de las dos partes que debemos entender y respetarnos unos a otros, nuestras culturas y nuestras cosmovisiones.<\/p>\n\n\n\n<p class=\"wp-block-paragraph\"><img loading=\"lazy\" decoding=\"async\" alt=\"Una imagen de un campo\n\nDescripci\u00f3n generada autom\u00e1ticamente\" src=\"https:\/\/lh7-rt.googleusercontent.com\/docsz\/AD_4nXfTwjf10rFo_07Ito4Mm3ynOfkSABmvK9vAvvmsk_gGhsAfpMKlb8GwzZW8jhcVbDlBfqjgNrPvyx7NI_wAvsNcPuof7aZea0FOF_HOs63tq0whzs9tp_E2-uyy-UNanMscDNfTWB4381Xo29qWBGbC2PEhLHqF5VEeffmk3hA1eBkjIIZGpg?key=SsLdzXXlo3SoIdpUK_J5dg\" width=\"635\" height=\"423\">Una vista al territorio waorani en Pastaza, en la Amazon\u00eda ecuatoriana. Foto: Martin Kingman \/ Amazon Frontlines<\/p>\n\n\n\n<p class=\"wp-block-paragraph\"><strong>\u2014En su libro, usted sostiene que, para el pueblo Waorani, las historias son seres vivientes sagrados, \u00bfa qu\u00e9 se refiere?<\/strong><\/p>\n\n\n\n<p class=\"wp-block-paragraph\"><strong>\u2014<\/strong>Nuestros ancestros, desde hace miles de a\u00f1os, siempre han contado la historia oral, porque los Waorani no somos escritores. Actualmente, seguimos siendo seres orales vivientes: nuestros padres, nuestras mam\u00e1s, nuestros abuelos y nuestros t\u00edos siguen contando oralmente, a diario. Yo pienso que si la historia no la cuentas, se muere. Mi abuelo contaba sobre mi bisabuelo, mi pap\u00e1 sigue contando toda esa memoria y yo se la estoy contando a mi hija. Esa es la historia viviente.<\/p>\n\n\n\n<p class=\"wp-block-paragraph\">Cuando empezamos a escribir mi libro, primero, lo contamos oralmente. Mi esposo anot\u00f3 todo en el cuaderno y lo grab\u00f3 en el celular, pero no como un antrop\u00f3logo que nos visita uno o tres meses, que pregunta todo el d\u00eda, y luego termina. En la cultura Waorani, no existe eso. Nuestra cultura es muy diferente, porque cada d\u00eda se vive diferente: en alegr\u00eda, en el movimiento, con los animales, con las plantas, en las conexiones con la lluvia y las tormentas.<\/p>\n\n\n\n<p class=\"wp-block-paragraph\">Ojal\u00e1 que lean el libro y lo dejen vivir libre, que navegue por todos lados en el mundo, y que especialmente pueda fortalecer a las mujeres, no solamente a las ind\u00edgenas, sino que todas las mujeres puedan tener su propia voz, tener coraje.<\/p>\n\n\n\n<p class=\"wp-block-paragraph\"><img loading=\"lazy\" decoding=\"async\" src=\"https:\/\/lh7-rt.googleusercontent.com\/docsz\/AD_4nXeAFRK-p20NS0Pm_Sj6ihgBgSPQoClHO3vdjoRC9YGzBMGxVqpPJ2YTBniBF-qqe_U2pDXtVLEI2gcIxiHXcxjjITMQ_HCQF_xjI7s7yqGfFagP0dzfZmJffk9kyOvcnBl8-nBq1VRlzvzsxB5aY2kutLhmS1DaRtg-ZCaZTdMsi1E44H8ukQ?key=SsLdzXXlo3SoIdpUK_J5dg\" width=\"623\" height=\"935\">La lideresa waorani Nemonte Nenquimo y su padre, Tiri, en un viaje en canoa por su territorio ancestral. Foto: Sophie Pinchetti \/ Amazon Frontlines<\/p>\n\n\n\n<p class=\"wp-block-paragraph\"><strong>\u2014\u00bfC\u00f3mo fue el proceso de construcci\u00f3n del libro en compa\u00f1\u00eda de Mitch Anderson?<\/strong><\/p>\n\n\n\n<p class=\"wp-block-paragraph\">\u2014Estoy muy agradecida con mi esposo, porque \u00e9l vivi\u00f3 muchos a\u00f1os en mi territorio, camin\u00f3 muchos a\u00f1os con mi pap\u00e1, estuvo en las fogatas y en las madrugadas, supo c\u00f3mo era la ni\u00f1a Nemonte, qu\u00e9 com\u00eda, qu\u00e9 le gustaba, c\u00f3mo hac\u00eda y c\u00f3mo quer\u00eda.<\/p>\n\n\n\n<p class=\"wp-block-paragraph\">Este fue un trabajo realmente profundo, con mucho respeto y con mucha honestidad. Yo record\u00e9 mis memorias de ni\u00f1ez y me dio mucha alegr\u00eda. Muchas memorias no est\u00e1n en el libro, porque salieron como si fueran muchas burbujas, como si estuviera lleno de estrellas, pero Mitch ten\u00eda que coger una estrella y contar para llegar a otra estrella. Era mucho, tanto que no cab\u00eda en el libro. La historia est\u00e1 contada muy hermosa y me siento muy orgullosa porque es el primer libro de mi historia y tambi\u00e9n de la lucha de mi pueblo, una historia que muchas veces fue contada por los misioneros, por otra gente que ha vivido un rato all\u00ed. Es muy hermoso entender la profunda conexi\u00f3n espiritual, con la madre naturaleza y c\u00f3mo interactuamos como pueblos, de manera muy cercana con la tierra, con los animales y con lo sagrado, con todo el contexto colectivo.<\/p>\n\n\n\n<p class=\"wp-block-paragraph\"><img loading=\"lazy\" decoding=\"async\" src=\"https:\/\/lh7-rt.googleusercontent.com\/docsz\/AD_4nXeB3xWHEdc3gW5Srq3rWeANtYlQUxHwKUgFIEawy-RA5lZad_0CgfGMcU47aiqS48jjzUiOeSOnQieoa-WqPgvGk9hG4mLuWvFAML2kKHMCYuOdQwoJAVmZX1VJ3v7JnmRNHSwnlO8By9B9FS4QWM4WDfEQED5nJcbE4GxJTA0hUHo?key=SsLdzXXlo3SoIdpUK_J5dg\" width=\"635\" height=\"423\">Mitch Anderson y Nemonte Nenquimo, coautores de \u201cSeremos Jaguares\u201d y cofundadores de Amazon Frontlines, comparten historias en una hamaca en su hogar en el pueblo de Nemonpare, en la Amazon\u00eda ecuatoriana. Foto: Christopher Fragapane \/ Amazon Frontlines<\/p>\n\n\n\n<p class=\"wp-block-paragraph\">Para m\u00ed era muy importante que Mitch entendiera el contexto de la vida en la selva y tambi\u00e9n que conociera qui\u00e9n soy yo. \u00c9l viene del sistema capitalista y yo soy una mujer de la selva. Mi pueblo reci\u00e9n hace 50 a\u00f1os fue contactado. Los Waorani somos el \u00faltimo pueblo contactado en el Ecuador, entonces era algo muy importante de contar.<\/p>\n\n\n\n<p class=\"wp-block-paragraph\">Los dos estamos trabajando en la defensa del territorio, en la defensa cultural y de conocimientos, pero \u00e9l no era como un misionero que ven\u00eda para imponer la idea de la colonizaci\u00f3n ni de la iglesia, sino para entender profundamente. Yo estoy creciendo con mi liderazgo y necesito contar qui\u00e9n soy, qui\u00e9n es mi pueblo y por qu\u00e9 estamos luchando.<\/p>\n\n\n\n<p class=\"wp-block-paragraph\"><img loading=\"lazy\" decoding=\"async\" alt=\"Un grupo de personas sentadas en una banca de madera\n\nDescripci\u00f3n generada autom\u00e1ticamente con confianza media\" src=\"https:\/\/lh7-rt.googleusercontent.com\/docsz\/AD_4nXf2ktxlgyGz6M7sG5J3yNHAnMY0bSXofuBiMvZ9u39LY3Lntq54qVGsa7N-NmDopnoQIJxslFHi11UhwQ8drcoAj2F5PGAqQfNya9z4jxAEqDFidbiVZY8OUtkr282VttZSWTlF1keVXQ9GjUs6vuAUa5Y0E0MvoMkWkldzpTByfoUGYbtL6g?key=SsLdzXXlo3SoIdpUK_J5dg\" width=\"635\" height=\"423\">La lideresa waorani Nemonte Nenquimo en casa con su familia: sus padres Manuela y Tiri (a la izquierda), su esposo y cofundador de Amazon Frontlines Mitch Anderson (tercero desde la izquierda) y su hermano, el l\u00edder waorani Oswando Nenquimo. Foto: Christopher Fragapane \/ Amazon Frontlines<\/p>\n\n\n\n<p class=\"wp-block-paragraph\"><strong>\u2014Usted vivi\u00f3 una parte de su historia en una misi\u00f3n evang\u00e9lica, \u00bfc\u00f3mo decidi\u00f3 romper con la religi\u00f3n y emprender su camino en la defensa del territorio Waorani?<\/strong><\/p>\n\n\n\n<p class=\"wp-block-paragraph\">\u2014Viv\u00ed dos o tres a\u00f1os fuera, en Quito. Cuando volv\u00ed a mi territorio para conectar con mi familia, me daba mucha verg\u00fcenza porque ellos ten\u00edan sus conocimientos propios y yo ven\u00eda con otra ropa, queriendo ense\u00f1arles sobre la Biblia. Ellos se burlaban de m\u00ed, mis t\u00edas me dec\u00edan: \u201cT\u00fa eres nieta de Piyemo y de Wemonca, \u00bft\u00fa vas a venir aqu\u00ed con esta cultura ajena a insistir?\u201d Estando m\u00e1s tiempo en la selva, supe que yo estaba perdida, que yo misma estaba mal. Estaba confundida.<\/p>\n\n\n\n<p class=\"wp-block-paragraph\">Pensaba: \u201csi yo estoy confundida, mucha gente m\u00e1s de mi generaci\u00f3n se podr\u00eda confundir y podemos perder nuestra riqueza, nuestra cultura, nuestros valores, nuestros conocimientos, nuestra tierra y nuestro r\u00edo\u201d. Yo sent\u00ed que realmente no estaba haciendo el bien, porque mi t\u00eda se estaba burlando de m\u00ed y me dec\u00eda: \u201c\u00bfQui\u00e9n eres t\u00fa? \u00bfDe qu\u00e9 familia? \u00bfQu\u00e9 sangre tienes? Deber\u00edas estar haciendo chicha, deber\u00edas estar cantando y curando con hojas\u201d. Eso me doli\u00f3 mucho, las palabras de mi t\u00eda me hirieron. No sent\u00ed orgullo por decir que soy la primera que habla espa\u00f1ol muy bien o que puede vestir esta ropa. Ah\u00ed me di cuenta de que estaba haciendo lo mismo que una misionera al presionar y desaparecer mi propia cultura.<\/p>\n\n\n\n<p class=\"wp-block-paragraph\">Pero tuve la valent\u00eda de decirme a m\u00ed misma: \u201cdespi\u00e9rtate, Nemonte\u201d. Mi decisi\u00f3n fue volver a mi territorio y ser maestra, para poder entender con los ni\u00f1os c\u00f3mo es el mundo. Los ni\u00f1os de la selva est\u00e1n con los ojos abiertos, con la mente muy abierta, son muy inteligentes, trepan, corren, se ba\u00f1an, nadan y se relacionan con los animales, pero el mundo de afuera se limita a tener miedo, los adultos les dicen que la tierra los puede ensuciar, pero los ni\u00f1os de mi comunidad se ba\u00f1an desnudos y se caen en el lodo. Yo crec\u00ed as\u00ed.<\/p>\n\n\n\n<p class=\"wp-block-paragraph\"><img loading=\"lazy\" decoding=\"async\" alt=\"Un ni\u00f1o sentado en un r\u00edo\n\nDescripci\u00f3n generada autom\u00e1ticamente con confianza media\" src=\"https:\/\/lh7-rt.googleusercontent.com\/docsz\/AD_4nXdcvrUexqVqmEkgnmRq_tW5uJenPx3Y-wRAQ8F1kXhvFnBdZAd_5GOl-9zDiibY3_VTNOkYaUSLgYVtf1qssC2HuXxfRzxpuaIswrsEJ8tZtzWf6fFkJ-g3oby52LzZADrsR6qpjSC_bnMxekyxrJw8fRYLEuCJma1ykRI1dbUztCcvOdNgWj0?key=SsLdzXXlo3SoIdpUK_J5dg\" width=\"635\" height=\"423\">La lideresa waorani Nemonte Nenquimo con su familia en un viaje en canoa por el r\u00edo Curaray, despu\u00e9s de cosechar alimentos de su jard\u00edn forestal, en la Amazon\u00eda ecuatoriana. Foto: Christopher Fragapane \/ Amazon Frontlines<\/p>\n\n\n\n<p class=\"wp-block-paragraph\"><strong>\u2014\u00bfC\u00f3mo inici\u00f3 la lucha por evitar la entrada de las petroleras al territorio Waorani?<\/strong><\/p>\n\n\n\n<p class=\"wp-block-paragraph\">\u2014Yo quise ser maestra en mi territorio, pero me mandaron a otro territorio Waorani, donde hab\u00eda una petrolera. Esto le dio m\u00e1s dolor a mi alma. Me di cuenta, por primera vez, c\u00f3mo las empresas vienen a dominar, c\u00f3mo vienen a tratar a mi gente, a mi pueblo, con la violencia. Mis abuelos y mi gente ten\u00edan raz\u00f3n. La Madre Tierra nos est\u00e1 dando todo, la comida, la cultura, el conocimiento, vivimos en paz y en colectivo, pero ese otro mundo est\u00e1 jalando para hacernos individuales.<\/p>\n\n\n\n<p class=\"wp-block-paragraph\"><img loading=\"lazy\" decoding=\"async\" alt=\"Un grupo de personas de pie\n\nDescripci\u00f3n generada autom\u00e1ticamente\" src=\"https:\/\/lh7-rt.googleusercontent.com\/docsz\/AD_4nXfkNQTAth-Y9ZnNUGsRJSpDpInx45xbDGZJEec4F-yHvVcoMiBCUoy09OGamCWLcX0Izn3R2iUOJnEBtRSSEyNKMObFJJvd9cbKiHIMqQ-ndsEbsq9cYVkHZdvr6YB0QYF_fpwNyEMhPU6X5h7G-S7eIdHCVmLhKJh13_kQZizf7pexrLkZPEI?key=SsLdzXXlo3SoIdpUK_J5dg\" width=\"635\" height=\"425\">El l\u00edder cofan Emergildo Criollo (a la derecha) con miembros de comunidades de otras naciones ind\u00edgenas que viajaron a la provincia de Sucumb\u00edos para presenciar de primera mano los impactos de la contaminaci\u00f3n de la industria petrolera, en el 2018. Foto: Jer\u00f3nimo Z\u00fa\u00f1iga \/ Amazon Frontlines<\/p>\n\n\n\n<p class=\"wp-block-paragraph\">Cuando conoc\u00ed a Mitch, en el 2013, y me invit\u00f3 a ir con los Cof\u00e1n [otra nacionalidad ind\u00edgena de Ecuador], ah\u00ed me dio coraje realmente. Como nunca en mi vida. Los hijos de mi compa\u00f1ero Emergildo Criollo murieron tomando petr\u00f3leo. Despu\u00e9s, hubo otro derrame fuerte, grand\u00edsimo y las mujeres estaban lavando y ba\u00f1\u00e1ndose. \u00bfQu\u00e9 hicieron las empresas petroleras chinas? Les llevaron at\u00fan y az\u00facar para que no hablaran con la prensa. Lo ocultaron y eso me daba m\u00e1s rabia. Yo dije: \u201c\u00bfqu\u00e9 estoy haciendo de manos cruzadas? Si no hago nada, en mi comunidad Waorani de Pastaza va a pasar lo mismo que en el norte, con las comunidades Cof\u00e1n\u201d. Se va a contaminar el agua, el ambiente, la cultura y estaremos perdidos y vagabundos.<\/p>\n\n\n\n<p class=\"wp-block-paragraph\">No debemos permitir que las petroleras y el mundo de la colonizaci\u00f3n vengan a burlarse y a humillarnos, a darnos migajas, porque toda la riqueza que sacan, se la llevan y nosotros quedamos como mendigos. Yo volv\u00ed a mi territorio pensando algo nuevo:<strong>&nbsp;que ten\u00eda una misi\u00f3n.<\/strong><\/p>\n\n\n\n<p class=\"wp-block-paragraph\"><img loading=\"lazy\" decoding=\"async\" alt=\"Una mujer con un sombrero en la cabeza\n\nDescripci\u00f3n generada autom\u00e1ticamente con confianza media\" src=\"https:\/\/lh7-rt.googleusercontent.com\/docsz\/AD_4nXfy1lHreOsd_3n0OIeqHckpcl7cF1tiEyvHTtAXoBcvM7yP2PigkD8MEStdmSvhUp2ifDFbRTnXP90SEnexpJcTi0ZgoPcf4r1lia6GLFkRqWKCPYRzECgEt1RoQflMpZ2Nw2-IzR08YLbnOtRchMVVGt_Md3xoDW4eJ-3IuX9sQS0CFEWR690?key=SsLdzXXlo3SoIdpUK_J5dg\" width=\"635\" height=\"423\">La lideresa waorani Nemonte Nenquimo junto a un derrame de petr\u00f3leo cerca de Shushufindi, en la provincia de Sucumb\u00edos, Amazon\u00eda ecuatoriana, el 26 de junio del 2023. Foto: Sophie Pinchetti \/ Amazon Frontlines<\/p>\n\n\n\n<p class=\"wp-block-paragraph\"><strong>\u2014\u00bfC\u00f3mo comenz\u00f3 a aliarse con otros pueblos y comunidades?<\/strong><\/p>\n\n\n\n<p class=\"wp-block-paragraph\">\u2014Tom\u00e9 fuerza para juntarme con otros pueblos minor\u00eda, para m\u00ed era una estrategia traer a mi pueblo de Pastaza y que vieran la historia de los Cof\u00e1n que, igual que nosotros ten\u00edan una riqueza grande, que se redujo por la invasi\u00f3n de la petrolera y que ahora viven comiendo at\u00fan y arroz.<\/p>\n\n\n\n<p class=\"wp-block-paragraph\">Era mi gran momento para movilizar a mi gente y crear tambi\u00e9n una organizaci\u00f3n sin fines de lucro. El sue\u00f1o era saber qu\u00e9 quer\u00edamos para el futuro y me di cuenta de que mis ancestros eran m\u00e1s sabios que yo. Mi abuelo ten\u00eda raz\u00f3n sobre defender y cuidar, ellos eran n\u00f3madas que tem\u00edan perder su territorio. Y tuve miedo. Pens\u00e9: \u201c\u00bfser\u00e9 l\u00edder o no? \u00bfLo lograr\u00e9?\u201d Pero sab\u00eda que esto deb\u00eda pararse, como una pared. Y eso fue, hemos cumplido. Formamos la&nbsp;<a href=\"https:\/\/www.alianzaceibo.org\/\">Alianza Ceibo<\/a>&nbsp;y ganamos contra el petr\u00f3leo [cuando en el 2019, Nemonte Nenquimo&nbsp;<a href=\"https:\/\/es.mongabay.com\/2019\/03\/indigenas-waorani-oposicion-bloque-petrolero-amazonia-pastaza\/\">encabez\u00f3 la acci\u00f3n legal&nbsp;<\/a>contra el Estado ecuatoriano por violentar el derecho del pueblo waorani de Pastaza a la consulta previa, libre e informada sobre el plan de explotaci\u00f3n del bloque 22].<\/p>\n\n\n\n<p class=\"wp-block-paragraph\"><img loading=\"lazy\" decoding=\"async\" alt=\"Un grupo de personas de pie sobre pasto\n\nDescripci\u00f3n generada autom\u00e1ticamente con confianza media\" src=\"https:\/\/lh7-rt.googleusercontent.com\/docsz\/AD_4nXfda5IO69nmtILOdgsOBLlb2aRvfoCWHE-56f4Ij1bnrivw0OaLHiv9MZLnvrKX9ohADjhy1vjN7G9ggyJvnlZ7_-Hs98CVWL_1F1OJQhalWA9dCRs9EvCQtHUoKhbhFRTh0B6HFWam0O3ysfb5qk1iCt7spb96rTopXDSQEupOa2DDaCk2xB4?key=SsLdzXXlo3SoIdpUK_J5dg\" width=\"635\" height=\"423\">Los cofundadores de Amazon Frontlines, Mitch Anderson y Nemonte Nenquimo (en el centro), con socios de la organizaci\u00f3n ind\u00edgena Alianza Ceibo. Foto: Christopher Fragapane \/ Amazon Frontlines<\/p>\n\n\n\n<p class=\"wp-block-paragraph\"><strong>\u2014Hace un a\u00f1o, los pueblos ind\u00edgenas y la ciudadan\u00eda ecuatoriana dijeron \u201cS\u00ed al Yasun\u00ed\u201d para expulsar a las petroleras de este Parque Nacional, pero ese resultado no ha sido ejecutado, \u00bfcu\u00e1l es su demanda al respecto?<\/strong><\/p>\n\n\n\n<p class=\"wp-block-paragraph\">\u2014Todos los ecuatorianos, los pueblos ind\u00edgenas, activistas, cineastas, estudiantes y la sociedad en general estuvimos unidos,&nbsp;<a href=\"https:\/\/es.mongabay.com\/2023\/08\/consulta-popular-yasuni-conservacion-nemonte-nenquimo-entrevista-ecuador\/\">hicimos campa\u00f1a para que ganara el \u201cS\u00ed a la vida\u201d<\/a>, entonces la voluntad del pueblo ecuatoriano se debe cumplir. El presidente Daniel Noboa dijo que, cuando \u00e9l llegara a ser presidente, lo iba a respetar y que el Yasun\u00ed ITT no iba a hacer m\u00e1s explotaciones. En la campa\u00f1a fue muy bonito, pero no est\u00e1 haciendo nada para que las empresas petroleras desmantelen sus herramientas y salgan.<\/p>\n\n\n\n<p class=\"wp-block-paragraph\">Ahora se escucha que se deben quedar, que va a ser un proceso. El presidente no est\u00e1 respetando la decisi\u00f3n de los ecuatorianos. M\u00e1s bien, \u00e9l quiere invertir en las empresas y en la miner\u00eda, lo que destruye al medio ambiente, los r\u00edos y toda la Amazon\u00eda. \u00c9l tiene la oportunidad como presidente, como joven, de pensar y tener una planificaci\u00f3n, una propuesta diferente como l\u00edder, porque al final el petr\u00f3leo no le va a dar m\u00e1s tiempo de sostenibilidad a la econom\u00eda del pa\u00eds, el petr\u00f3leo se va agotar. Se debe dejar de producir, tiene que haber otra forma de econom\u00eda e invertir en conservaci\u00f3n, pensando en el futuro, y que no solamente beneficie al pa\u00eds del Ecuador, sino al mundo. Ya hemos visto que 50 a\u00f1os de operaci\u00f3n petrolera no han sido soluci\u00f3n econ\u00f3mica, m\u00e1s bien ha habido m\u00e1s matanzas.<\/p>\n\n\n\n<p class=\"wp-block-paragraph\">Yo no soy muy pol\u00edtica, pero, como mujer ind\u00edgena y como lideresa, pienso que tenemos un sue\u00f1o: que en el futuro toda esa diversidad siga viviendo, no debe ser destruida ni mucho menos desaparecida. Los pueblos ind\u00edgenas vamos a seguir exigiendo al gobierno. Los pa\u00edses amaz\u00f3nicos estamos unidos. El gobierno se comprometi\u00f3 a respetar la voluntad de la sociedad y no lo est\u00e1 haciendo. Se deben suspender explotaciones en el bloque petrolero del Yasun\u00ed, pero ya, r\u00e1pido.<\/p>\n\n\n\n<p class=\"wp-block-paragraph\"><img loading=\"lazy\" decoding=\"async\" src=\"https:\/\/lh7-rt.googleusercontent.com\/docsz\/AD_4nXekpP4QGqu79xymX1HAYUEzRA66qPcc9pU-1oo24IsabO11IKn6ufgxW5gsHRcOnwtlBqkIEo5-WiQT7RaW5hO1NeeprBZoBYhbKsppAJPhczPyLKCiRik-cfAR7foAmtZzjyarDJeOg4UKMGDnXtn1r97wJjyTxLv65hOvTrbfEa3CEGbxVw?key=SsLdzXXlo3SoIdpUK_J5dg\" width=\"635\" height=\"423\">L\u00edderes ind\u00edgenas y j\u00f3venes activistas env\u00edan un mensaje a la sociedad ecuatoriana antes del refer\u00e9ndum sobre el destino del Parque Nacional Yasun\u00ed. Foto: Martin Kingman \/ Amazon Frontlines<\/p>\n\n\n\n<p class=\"wp-block-paragraph\"><strong>\u2014Las mujeres amaz\u00f3nicas de Ecuador han tenido una representatividad muy importante en la defensa de la naturaleza, \u00bfqu\u00e9 significa este libro para todas ellas?<\/strong><\/p>\n\n\n\n<p class=\"wp-block-paragraph\">\u2014Pienso que este libro es muy importante, porque las mujeres ind\u00edgenas en la Amazon\u00eda deben fortalecerse, deben tomar las decisiones y no quedarse calladas, tomar la voz ante el mundo. Las mujeres que no son amaz\u00f3nicas tambi\u00e9n deben tener coraje y decir las cosas. En donde sea que estemos, hay que aliarnos y juntarnos para saber qu\u00e9 es lo mejor y tomar las mejores decisiones para el futuro. Si no lo hacemos, si no asumimos y no nos hacemos responsables, continuaremos con la misma mirada que nos est\u00e1 llevando al borde de la destrucci\u00f3n en todo el planeta.<\/p>\n\n\n\n<p class=\"wp-block-paragraph\">Este libro escrito por una mujer ind\u00edgena, desde su propia experiencia y desde su propia salvaci\u00f3n y esfuerzo por defender y proteger la Amazon\u00eda, puede ser un ejemplo para seguir por todas las mujeres, con una mirada distinta para lograr el cambio en este mundo, para el futuro de las generaciones.<\/p>\n\n\n\n<p class=\"wp-block-paragraph\"><img loading=\"lazy\" decoding=\"async\" alt=\"Un grupo de personas posando para una foto en un bosque\n\nDescripci\u00f3n generada autom\u00e1ticamente con confianza media\" src=\"https:\/\/lh7-rt.googleusercontent.com\/docsz\/AD_4nXdMEkg11zuh5ScL6J0XB_bT-FOO6MUmZuABwPlVJHpLH6Bfz6YVU-FC3Cf7A3GSlxiWucQD6vqICQWzMFc8NyslR37srsYGzQYJmtGLr4ELDqJeCVQ5DVL_d8wABWff0NONrgv5DXjSGfvMx_dvqfU74dtuX_iTxmhROh0dfoG9wdJnbweat0w?key=SsLdzXXlo3SoIdpUK_J5dg\" width=\"635\" height=\"423\">La lideresa waorani Nemonte Nenquimo junto a sabios y l\u00edderes comunitarios en su territorio ancestral, en la Amazon\u00eda ecuatoriana. Foto: Nico Kingman \/ Amazon Frontlines<\/p>\n\n\n\n<p class=\"wp-block-paragraph\"><strong>\u2014\u00bfQu\u00e9 futuro espera para la Amazon\u00eda y la lucha contra el cambio clim\u00e1tico?<\/strong><\/p>\n\n\n\n<p class=\"wp-block-paragraph\">\u2014La gente de afuera debe tomar decisiones y tomar acci\u00f3n, no solamente escuchar y escuchar lo que est\u00e1 afectando a la Amazon\u00eda. Tomar acci\u00f3n significa que ya no debes consumir ni invertir en lo que est\u00e1 haciendo da\u00f1o al territorio.&nbsp;<strong>Este no es s\u00f3lo el trabajo de los pueblos ind\u00edgenas.&nbsp;<\/strong>No se trata de pensar que all\u00e1 lejos en la Amazon\u00eda s\u00f3lo los pueblos son afectados y los dem\u00e1s no, porque todos estamos conectados con la tierra. Simplemente tenemos que despertar nuestra conciencia y buscar recursos para la conservaci\u00f3n de la naturaleza y de los pueblos ind\u00edgenas, pero tambi\u00e9n para proteger a quienes siguen luchando en las comunidades: los l\u00edderes y lideresas. Tenemos que hacer un frente, una sola causa para la vida de los seres humanos y para detener el cambio clim\u00e1tico.<\/p>\n\n\n\n<p class=\"wp-block-paragraph\">En las conferencias y encuentros, los ind\u00edgenas no toman las decisiones, los pueblos son invitados como payasos a \u201crepresentar\u201d, pero las decisiones las toma la gente blanca, los mismos pol\u00edticos que quieren generar m\u00e1s petr\u00f3leo, m\u00e1s miner\u00eda. Yo no estoy de acuerdo. Hay que permitir que los ind\u00edgenas y los no ind\u00edgenas juntos tomen las decisiones para hacer cambios reales. Si esperamos que el gobierno y los pol\u00edticos hagan un cambio, nunca suceder\u00e1. Mi experiencia de liderazgo es tomar conciencia con la sociedad civil. No esperemos que el gobierno nos dicte y tome la decisi\u00f3n de la vida a futuro, sino que nosotros como mujeres, j\u00f3venes, lideresas, madres, debemos hacer comunidad, unirnos y tener la esperanza de cambiar el mundo.<\/p>\n\n\n\n<p class=\"wp-block-paragraph\"><img loading=\"lazy\" decoding=\"async\" alt=\"Cabeza y torso de un hombre y una mujer\n\nDescripci\u00f3n generada autom\u00e1ticamente con confianza baja\" src=\"https:\/\/lh7-rt.googleusercontent.com\/docsz\/AD_4nXf4n4O69NymrnDJEqHJ9J6o-azlEOB20qyLxQbq2oXFjqq9XyI4fr6bmrA5UH3UI8UbUhUh1zBcRvJx9tBQ2rXn4vbRDVFHLcG9LuDu5z8B7ogkZYrzt-DIztegaK9CFQ3gvDUSvWQDb4zTuo0yG9VPGkx64MsILrkH-7OCRSZ6q6Nj7ONGnHY?key=SsLdzXXlo3SoIdpUK_J5dg\" width=\"635\" height=\"423\">La lideresa waorani Nemonte Nenquimo durante un viaje en canoa por el r\u00edo Curaray, en el territorio ancestral waorani, en la Amazon\u00eda ecuatoriana. Foto: Nico Kingman \/ Amazon Frontlines<\/p>\n\n\n\n<p class=\"wp-block-paragraph\"><strong><em>*Imagen principal:<\/em><\/strong><em>&nbsp;Nemonte Nenquimo en uno de los jardines forestales de su familia cerca del pueblo de Nemonpare, en la Amazon\u00eda ecuatoriana.&nbsp;<\/em><strong><em>Foto:<\/em><\/strong><em>&nbsp;de Nico Kingman \/ Amazon Frontlines<\/em><\/p>\n\n\n\n<p class=\"wp-block-paragraph\"><strong>*Editora<\/strong><\/p>\n\n\n\n<p class=\"wp-block-paragraph\">Texto publicado originalmente por Mongabay \/https:\/\/es.mongabay.com\/2024\/09\/mujeres-indigenas-amazonia-deben-fortalecerse-entrevista-nemonte-nenquimo\/<\/p>\n","protected":false},"excerpt":{"rendered":"<p>El nuevo libro \u00abSeremos Jaguares\u00bb, de la lideresa ind\u00edgena Nemonte Nenquimo, contiene las memorias de una mujer que luch\u00f3 contra la llegada de las grandes compa\u00f1\u00edas petroleras para conservar los territorios de su pueblo y miles de hect\u00e1reas de selva amaz\u00f3nica. La obra, escrita junto a su esposo y director de la organizaci\u00f3n Amazon Frontlines, [&hellip;]<\/p>\n","protected":false},"author":3,"featured_media":86848,"comment_status":"open","ping_status":"open","sticky":false,"template":"","format":"standard","meta":{"_monsterinsights_skip_tracking":false,"footnotes":""},"categories":[694,63],"tags":[],"class_list":["post-86834","post","type-post","status-publish","format-standard","has-post-thumbnail","category-destacadas","category-reportajes"],"_links":{"self":[{"href":"https:\/\/redsemlac.com\/semmexico\/wp-json\/wp\/v2\/posts\/86834","targetHints":{"allow":["GET"]}}],"collection":[{"href":"https:\/\/redsemlac.com\/semmexico\/wp-json\/wp\/v2\/posts"}],"about":[{"href":"https:\/\/redsemlac.com\/semmexico\/wp-json\/wp\/v2\/types\/post"}],"author":[{"embeddable":true,"href":"https:\/\/redsemlac.com\/semmexico\/wp-json\/wp\/v2\/users\/3"}],"replies":[{"embeddable":true,"href":"https:\/\/redsemlac.com\/semmexico\/wp-json\/wp\/v2\/comments?post=86834"}],"version-history":[{"count":0,"href":"https:\/\/redsemlac.com\/semmexico\/wp-json\/wp\/v2\/posts\/86834\/revisions"}],"wp:featuredmedia":[{"embeddable":true,"href":"https:\/\/redsemlac.com\/semmexico\/wp-json\/wp\/v2\/media\/86848"}],"wp:attachment":[{"href":"https:\/\/redsemlac.com\/semmexico\/wp-json\/wp\/v2\/media?parent=86834"}],"wp:term":[{"taxonomy":"category","embeddable":true,"href":"https:\/\/redsemlac.com\/semmexico\/wp-json\/wp\/v2\/categories?post=86834"},{"taxonomy":"post_tag","embeddable":true,"href":"https:\/\/redsemlac.com\/semmexico\/wp-json\/wp\/v2\/tags?post=86834"}],"curies":[{"name":"wp","href":"https:\/\/api.w.org\/{rel}","templated":true}]}}