{"id":8680,"date":"2019-06-16T17:44:01","date_gmt":"2019-06-16T17:44:01","guid":{"rendered":"https:\/\/redsemlac.com\/semmexico\/?p=8680"},"modified":"2023-07-21T14:49:12","modified_gmt":"2023-07-21T19:49:12","slug":"marta-harnecker-una-de-las-mas-grandes-figuras-de-la-izquierda-latinoamericana","status":"publish","type":"post","link":"https:\/\/redsemlac.com\/semmexico\/marta-harnecker-una-de-las-mas-grandes-figuras-de-la-izquierda-latinoamericana\/","title":{"rendered":"Marta Harnecker, una de las m\u00e1s grandes figuras de la izquierda latinoamericana"},"content":{"rendered":"\n<p class=\"wp-block-paragraph\"><strong><em>Este s\u00e1bado falleci\u00f3 la escritora, psic\u00f3loga y periodista chilena, Marta Harnecker.<\/em><\/strong><\/p>\n\n\n\n<p class=\"wp-block-paragraph\">Redacci\u00f3n<\/p>\n\n\n\n<p class=\"wp-block-paragraph\">SemM\u00e9xico\/El Ciudadano.com. 15 de junio 2019.- Como autora,\nMarta Harnecker public\u00f3 m\u00e1s de 80 libros entre los que figura \u201cConceptos\nElementales del Materialismo Hist\u00f3rico\u201d, escrito en 1969 y que ya super\u00f3 las 70\nediciones.<\/p>\n\n\n\n<p class=\"wp-block-paragraph\">Este s\u00e1bado falleci\u00f3 la escritora, psic\u00f3loga y periodista\nchilena, Marta Harnecker.<\/p>\n\n\n\n<p class=\"wp-block-paragraph\">Esta activista naci\u00f3 en Chile en 1937 y es reconocida como\nuna de las principales figuras de la izquierda latinoamericana. Vivi\u00f3 en\nprimera persona el gobierno socialista de Salvador Allende y logr\u00f3 sobrevivir a\nla violencia del golpe militar de Augusto Pinochet.<\/p>\n\n\n\n<p class=\"wp-block-paragraph\">Son muchos los que se formaron pol\u00edticamente con sus obras.\nSu libro \u201cConceptos Elementales del Materialismo Hist\u00f3rico\u201d, escrito en 1969 y\nque ya super\u00f3 las 70 ediciones, ha formado parte de la formaci\u00f3n de los\nmilitantes de los partidos de izquierda.<\/p>\n\n\n\n<p class=\"wp-block-paragraph\">De ra\u00edces austr\u00edaca, Harnecker estudi\u00f3 Psicolog\u00eda en la\nUniversidad Cat\u00f3lica de Chile en 1962. Hizo estudios de posgrado en Par\u00eds con\nPaul Ricoeur y Louis Althusser. A su regreso a Chile en 1968, fue profesora de\nMaterialismo Hist\u00f3rico y Econom\u00eda Pol\u00edtica en Sociolog\u00eda de la Universidad de\nChile y fue directora del semanario pol\u00edtico Chile Hoy.<\/p>\n\n\n\n<p class=\"wp-block-paragraph\">Despu\u00e9s del golpe de 1973, se exili\u00f3 en Cuba, donde se cas\u00f3\ncon el Comandante Manuel Pi\u00f1eiro con quien tuvo una hija.<\/p>\n\n\n\n<p class=\"wp-block-paragraph\">All\u00ed vivi\u00f3 el desgarrador \u201cper\u00edodo especial\u201d de ese pa\u00eds, y\ncalific\u00f3 como \u201cadmirable la forma como Cuba afront\u00f3 la ca\u00edda del socialismo en\nEuropa del Este y la URSS.<\/p>\n\n\n\n<p class=\"wp-block-paragraph\">Luego de quedar viuda en 1998, Harnecker continu\u00f3 con su\ncarrera investigativa y se nutri\u00f3 de los testimonios y experiencias de\ndirigentes pol\u00edticos latinoamericanos que &nbsp;forman parte de los art\u00edculos y\ntextos que son hoy material de estudios en m\u00faltiples universidades del mundo.<\/p>\n\n\n\n<p class=\"wp-block-paragraph\">Entre esas experiencias se encuentra la de Venezuela, ya que\nfue asesora del expresidente Hugo Ch\u00e1vez y del Ministerio del Poder Popular,\ndonde form\u00f3 parte del equipo de direcci\u00f3n del Centro Internacional Miranda\n[CIM] en Caracas.<\/p>\n\n\n\n<p class=\"wp-block-paragraph\">Durante su estancia en el pa\u00eds suramericano pudo analizar el\nflorecimiento de las luchas populares en Am\u00e9rica latina.<\/p>\n\n\n\n<p class=\"wp-block-paragraph\"><strong>Marta Harnecker, una\naut\u00e9ntica marxista<\/strong><\/p>\n\n\n\n<p class=\"wp-block-paragraph\">Marta Harnecker demostr\u00f3 que el socialismo no es un\n\u00abproyecto\u00bb pensable sin la lucha y que no se puede hacer \u00abdesde arriba\u00bb, ya que\ndebe ser el producto de las luchas del movimiento de los pueblos y clases\ndominadas.<\/p>\n\n\n\n<p class=\"wp-block-paragraph\">\u00abEn este sentido, ella es una aut\u00e9ntica marxista,\ncontinuando la labor iniciada por Marx, sin temor de enriquecerla \u2014con la toma\nen cuenta permanente de lo que es nuevo en la realidad del mundo, del\ncapitalismo, del imperialismo, de las luchas\u2014, renovando as\u00ed las\nconceptualizaciones, las propuestas te\u00f3ricas y las relativas a las estrategias\nde acci\u00f3n\u00bb, se\u00f1al\u00f3 el periodista Samir Amin en una art\u00edculo publicado por La\nHaine.<\/p>\n\n\n\n<p class=\"wp-block-paragraph\">\u00abElla ayud\u00f3 a dar al marxismo vivo una dimensi\u00f3n\nlatinoamericana, como otros le han dado una dimensi\u00f3n asi\u00e1tica o africana.\nMarta Harnecker ayud\u00f3 a dar al marxismo la dimensi\u00f3n universal que debe ser la\nsuya; ayud\u00f3 a que sea o\u00eddo por la gran mayor\u00eda de los pueblos del mundo, que\nson los de los tres continentes. Ella logr\u00f3 hacer escapar al marxismo de una\nreclusi\u00f3n euro c\u00e9ntrica mortal. La experiencia de los avances en las luchas de\nlos pueblos de Am\u00e9rica Latina, han allanado el camino en las \u00faltimas d\u00e9cadas, a\ntrav\u00e9s del pensamiento te\u00f3rico de Marta Harnecker, el cual ha sido decisivo en\neste sentido\u00bb, subray\u00f3.<\/p>\n\n\n\n<p class=\"wp-block-paragraph\"><strong>Obras m\u00e1s reconocidas<\/strong><\/p>\n\n\n\n<p class=\"wp-block-paragraph\">Como autora Harnecker public\u00f3 m\u00e1s de 80 libros entre los que\ndestacan: El capital: conceptos&nbsp;fundamentales (1971), Cuba: \u00bfdictadura o\ndemocracia? (1975), Pueblos en armas (1983), La revoluci\u00f3n social&nbsp;(Lenin y\nAm\u00e9rica Latina) (1985), \u00bfQu\u00e9 es la sociedad? (1986); Ind\u00edgenas, cristianos y\nestudiantes en la revoluci\u00f3n (1987); Am\u00e9rica Latina: Izquierda y crisis actual\n(1990); Haciendo camino al andar (1995); Haciendo posible lo imposible:<\/p>\n","protected":false},"excerpt":{"rendered":"<p>Este s\u00e1bado falleci\u00f3 la escritora, psic\u00f3loga y periodista chilena, Marta Harnecker.<\/p>\n","protected":false},"author":3,"featured_media":8681,"comment_status":"open","ping_status":"open","sticky":false,"template":"","format":"standard","meta":{"_monsterinsights_skip_tracking":false,"footnotes":""},"categories":[690,66],"tags":[],"class_list":["post-8680","post","type-post","status-publish","format-standard","has-post-thumbnail","category-690","category-extraordinarias"],"_links":{"self":[{"href":"https:\/\/redsemlac.com\/semmexico\/wp-json\/wp\/v2\/posts\/8680","targetHints":{"allow":["GET"]}}],"collection":[{"href":"https:\/\/redsemlac.com\/semmexico\/wp-json\/wp\/v2\/posts"}],"about":[{"href":"https:\/\/redsemlac.com\/semmexico\/wp-json\/wp\/v2\/types\/post"}],"author":[{"embeddable":true,"href":"https:\/\/redsemlac.com\/semmexico\/wp-json\/wp\/v2\/users\/3"}],"replies":[{"embeddable":true,"href":"https:\/\/redsemlac.com\/semmexico\/wp-json\/wp\/v2\/comments?post=8680"}],"version-history":[{"count":0,"href":"https:\/\/redsemlac.com\/semmexico\/wp-json\/wp\/v2\/posts\/8680\/revisions"}],"wp:featuredmedia":[{"embeddable":true,"href":"https:\/\/redsemlac.com\/semmexico\/wp-json\/wp\/v2\/media\/8681"}],"wp:attachment":[{"href":"https:\/\/redsemlac.com\/semmexico\/wp-json\/wp\/v2\/media?parent=8680"}],"wp:term":[{"taxonomy":"category","embeddable":true,"href":"https:\/\/redsemlac.com\/semmexico\/wp-json\/wp\/v2\/categories?post=8680"},{"taxonomy":"post_tag","embeddable":true,"href":"https:\/\/redsemlac.com\/semmexico\/wp-json\/wp\/v2\/tags?post=8680"}],"curies":[{"name":"wp","href":"https:\/\/api.w.org\/{rel}","templated":true}]}}