{"id":86701,"date":"2024-09-06T13:52:54","date_gmt":"2024-09-06T19:52:54","guid":{"rendered":"https:\/\/redsemlac.com\/semmexico\/?p=86701"},"modified":"2024-09-06T13:53:27","modified_gmt":"2024-09-06T19:53:27","slug":"entresemana-la-senorita-y-los-bandidos","status":"publish","type":"post","link":"https:\/\/redsemlac.com\/semmexico\/entresemana-la-senorita-y-los-bandidos\/","title":{"rendered":"Entresemana| La se\u00f1orita y los bandidos"},"content":{"rendered":"\n<p class=\"wp-block-paragraph\">\u201cYo vivo en tu pensamiento<\/p>\n\n\n\n<p class=\"wp-block-paragraph\">T\u00fa no lo puedes negar<\/p>\n\n\n\n<p class=\"wp-block-paragraph\">Lo digo porque lo siento<\/p>\n\n\n\n<p class=\"wp-block-paragraph\">Y si lo siento es verdad\u2026\u201d Gabriel Ruiz\/ Los Tres Diamantes<\/p>\n\n\n\n<p class=\"wp-block-paragraph\">Mois\u00e9s S\u00e1nchez Lim\u00f3n<\/p>\n\n\n\n<p class=\"wp-block-paragraph\">SemM\u00e9xico, Ciudad de M\u00e9xico, 6 de septiembre, 2024.- D\u00edgame lo que se le pegue la gana, pero todo indica que la se\u00f1orita de Bucareli es el proyecto de Su Alteza Seren\u00edsima y de la Princesa Caramelo\u2026<\/p>\n\n\n\n<p class=\"wp-block-paragraph\">Todo en familia bajo batuta del Caudillo. Deje y le cuento.<\/p>\n\n\n\n<p class=\"wp-block-paragraph\">Ayer, jueves 5 de septiembre de 2024 la se\u00f1orita de Bucareli, secretaria de Gobernaci\u00f3n en el gabinetazo que est\u00e1 por cobrar sus \u00faltimas dos quincenas, asumi\u00f3 la defensor\u00eda y relator\u00eda de la Estafa Maestra de la 4T, originalmente superior a los 18 mil millones de pesos cometida en Segalmex pero que, rasurada para no escandalizar, ya linda los 3 mil millones de pesos.<\/p>\n\n\n\n<p class=\"wp-block-paragraph\">Los involucrados en la estafa se\u00f1alan a Ignacio Ovalle Fern\u00e1ndez como principal operador de \u00e9sta que, c\u00e1ndidamente, asume el licenciado presidente como el \u00fanico caso de corrupci\u00f3n ocurrido en su administraci\u00f3n, pero evita citar a Nacho. \u00a1Ajaj\u00e1!<\/p>\n\n\n\n<p class=\"wp-block-paragraph\">Luisa Mar\u00eda Alcalde Luj\u00e1n es jefa de Ignacio Ovalle Fern\u00e1ndez, quien el 19 de abril de 2022 fue removido de la direcci\u00f3n general de Segalmex y designado coordinador del Instituto Nacional para el Federalismo y el Desarrollo municipal, dependiente de la Secretar\u00eda de Gobernaci\u00f3n, algo as\u00ed como la oficina de Confetis y Serpentinas.<\/p>\n\n\n\n<p class=\"wp-block-paragraph\">O sea, protegido por el manto presidencial de la impunidad. \u00bfA poco no, maestro Salcedo?<\/p>\n\n\n\n<p class=\"wp-block-paragraph\">Le platico.<\/p>\n\n\n\n<p class=\"wp-block-paragraph\">La s\u00faper transa multimillonaria en Segalmex comenz\u00f3 a fraguarse en el periodo de la transici\u00f3n de gobierno federal en 2018, es decir, antes de que Andr\u00e9s Manuel L\u00f3pez Obrador rindiera protesta como presidente de la Rep\u00fablica.<\/p>\n\n\n\n<p class=\"wp-block-paragraph\">\u00a1Primo hermano!, lo sab\u00edas y te hiciste que la virgen te hablaba porque al frente de la paraestatal Seguridad Alimentaria Mexicana \u2013oficialmente creada el18 de enero de 2019\u2014designaste a tu mecenas Ignacio Ovalle Fern\u00e1ndez. Amor con amor se paga. Chido.<\/p>\n\n\n\n<p class=\"wp-block-paragraph\">Veamos. Meses previos a concluir su mandato, el pulcro y culto licenciado Enrique Pe\u00f1a Nieto ya quer\u00eda tirar el arpa.<\/p>\n\n\n\n<p class=\"wp-block-paragraph\">Estaba hasta la madre y sab\u00eda que sus cuates y amigotes y recomendados como el junior Emilio Lozoya Austin lo hab\u00edan traicionado; corruptos, se hicieron millonarios con negocios de toda naturaleza.<\/p>\n\n\n\n<p class=\"wp-block-paragraph\">Emilio arrastr\u00f3 a prisi\u00f3n a inocentes. Y no hay en chirona peces gordos porque los pol\u00edticos suelen ser corruptos mas no pendejos. No se ensucian las manos y hay quienes, como el Duce, son c\u00f3mplices de actos de corrupci\u00f3n y deshonestidad, pero no dejan huellas.<\/p>\n\n\n\n<p class=\"wp-block-paragraph\">S\u00ed, cierran los ojos y se dejan querer; no tienen cuentas en el banco, no a su nombre. Ping\u00fces negocios aqu\u00ed y all\u00e1 son operados por prestanombres.<\/p>\n\n\n\n<p class=\"wp-block-paragraph\">Y el billete de 200 pesos junto con el \u201cdetente\u201d abrigan, en m\u00e1gica unci\u00f3n, al mentirosillo, vivillo ladr\u00f3n de siete suelas que enga\u00f1a con la verdad, maestro de la manipulaci\u00f3n y la m\u00e1scara roja del carnaval del desastre oculto bajo las cortinas y gruesas alfombras sobre pulida duela centenaria de Palacio.<\/p>\n\n\n\n<p class=\"wp-block-paragraph\">S\u00ed, Pe\u00f1a Nieto tir\u00f3 el arpa apenas Jos\u00e9 Antonio Meade perdi\u00f3 la elecci\u00f3n presidencial y, al equipo de Andr\u00e9s Manuel, en el que hab\u00eda bandidos, entreg\u00f3 Liconsa y Diconsa sin problemas de caja, pero hered\u00f3 algunos pillastres en cargos donde el billete mal habido era modus operandi con la adquisici\u00f3n de leche, granos y equipo.<\/p>\n\n\n\n<p class=\"wp-block-paragraph\">Y Andr\u00e9s Manuel nombr\u00f3 a Nacho Ovalle al frente de la empresa.<\/p>\n\n\n\n<p class=\"wp-block-paragraph\">Temprano, en julio de 2018, Ovalle comenz\u00f3 a integrar su equipo y a operar el deporte de la transa de cuello blanco.<\/p>\n\n\n\n<p class=\"wp-block-paragraph\">Existe una denuncia documentada con fecha 24 de enero de 2019, apenas naciente el gobierno de la 4T, presentada ante el auditor Superior de la Federaci\u00f3n, David Colmenares P\u00e1ramo, quien evidentemente no atendi\u00f3 la denuncia de la naciente Estafa Maestra de la 4T.<\/p>\n\n\n\n<p class=\"wp-block-paragraph\">Casualmente, Colmenares P\u00e1ramo fue director de Administraci\u00f3n y Finanzas de Liconsa, en el periodo 1995-2000, en el sexenio zedillista.<\/p>\n\n\n\n<p class=\"wp-block-paragraph\">Y, junto con el entonces presidente de la Comisi\u00f3n de Vigilancia de la C\u00e1mara de Diputados, el petista H\u00e9ctor Serrano Cort\u00e9s, conoci\u00f3 de las transas operadas en Liconsa y Diconsa en v\u00eda de fusionarse en Segalmex. Pero\u2026<\/p>\n\n\n\n<p class=\"wp-block-paragraph\">El 24&nbsp;de enero de 2019, Enrique Manuel J. Sada Fern\u00e1ndez denunci\u00f3:<\/p>\n\n\n\n<p class=\"wp-block-paragraph\">\u201c(\u2026)&nbsp; por mi propio derecho comparezco ante Usted, para presentarle una denuncia p\u00fablica por actos presuntamente irregulares cometidos por los C.C. Ignacio Ovalle Fern\u00e1ndez, Ren\u00e9 Gavira, Manuel Lozano y quienes resulten responsables, y que fundamento en los hechos que describo a continuaci\u00f3n (\u2026)\u201d.<\/p>\n\n\n\n<p class=\"wp-block-paragraph\">Sada Fern\u00e1ndez, en julio de 2018 fue invitado por Ovalle Fern\u00e1ndez para asumir la direcci\u00f3n de Liconsa, S.A de C.V., quien lo despidi\u00f3 en diciembre de ese a\u00f1o, porque se neg\u00f3 a participar en negocios turbios con cargo al erario, de los que le inform\u00f3 puntualmente.<\/p>\n\n\n\n<p class=\"wp-block-paragraph\">En el n\u00famero 15 de su denuncia, Sada Fern\u00e1ndez cit\u00f3:<\/p>\n\n\n\n<p class=\"wp-block-paragraph\">\u201cEl 4 de diciembre de 2018, estando en la recepci\u00f3n de la oficina del Director General, recib\u00ed una tarjeta se\u00f1al\u00e1ndome que por conducto de Alejandro Toscano Pacheco, Subdirector de Venta Comercial,&nbsp;se estaba negociando la venta de 1,000 toneladas de leche descremada en polvo con el Sr. Jorge Calder\u00f3n como cliente, mencionando que se entregar\u00eda en Guadalajara.&nbsp; El costo aproximado de la operaci\u00f3n es de 2 y medio millones de d\u00f3lares, y se iba a entregar a trav\u00e9s de Ferromex.&nbsp; De inmediato y con pleno conocimiento de que se trataba de&nbsp;una operaci\u00f3n ILICITA,&nbsp;mand\u00e9 llamar a Toscano Pacheco quien me mencion\u00f3 que estaban haciendo la operaci\u00f3n porque hab\u00eda sobreinventarios, a lo que le pregunt\u00e9 si la misma hab\u00eda sido autorizada por el Comit\u00e9 correspondiente respondi\u00e9ndome que NO.\u201d&nbsp;&nbsp;<\/p>\n\n\n\n<p class=\"wp-block-paragraph\">\u00a1Rec\u00e1spita, Kalim\u00e1n, vaya lindeza de corrupci\u00f3n!<\/p>\n\n\n\n<p class=\"wp-block-paragraph\">Ayer, finalmente se supo en la ma\u00f1anera que, por el \u201c\u00fanico caso de corrupci\u00f3n\u201d en el gobierno de la honestidad valiente de Su Alteza Seren\u00edsima hay 9 exfuncionarios p\u00fablicos presos y el desvi\u00f3 descendi\u00f3 de dizque 15 mil millones de pesos a menos de 3 mil millones de pesos.<\/p>\n\n\n\n<p class=\"wp-block-paragraph\">Roberto Salcedo Aquino, quien fuera poderoso Oficial Mayor en el entonces Departamento del Distrito Federal, en la regencia de Manuel Camacho Sol\u00eds, hoy secretario de la Funci\u00f3n P\u00fablica dijo que esta transa se conoci\u00f3 cuando la Auditor\u00eda Superior de la Federaci\u00f3n detect\u00f3 irregularidades por miles de millones de pesos sen Segalmex, Diconsa y Liconsa.<\/p>\n\n\n\n<p class=\"wp-block-paragraph\">Pues s\u00ed, primo hermano, pero el esc\u00e1ndalo estall\u00f3 hasta que fue imposible ocultar la transa y cubriste con el manto de la impunidad a quien fuera tu mecenas.<\/p>\n\n\n\n<p class=\"wp-block-paragraph\">\u00bfAs\u00ed o m\u00e1s burdo el c\u00f3mplice que, en el p\u00falpito de la ma\u00f1anera, a menos de un mes de dejar Palacio, que no el poder, pretende lavarse manos, cara y entra\u00f1as?<\/p>\n\n\n\n<p class=\"wp-block-paragraph\">Robaron, lamentablemente, admite el honesto y dem\u00f3crata licenciado presidente casi por decisi\u00f3n divina.<\/p>\n\n\n\n<p class=\"wp-block-paragraph\">\u201cBueno \u2013dijo&#8211;, vamos a informar el d\u00eda de hoy sobre el fraude que se cometi\u00f3 en Segalmex, que consideramos el \u00fanico caso de corrupci\u00f3n que lamentablemente se nos present\u00f3 en el gobierno, y queremos informar c\u00f3mo va el proceso de recuperaci\u00f3n de lo sustra\u00eddo de manera ilegal y el castigo a los responsables\u201d.<\/p>\n\n\n\n<p class=\"wp-block-paragraph\">Y luego, luego, al ruedo la valiente se\u00f1orita de Bucareli, con esa voz firme y bien educada para estos menesteres, en los que se pule.<\/p>\n\n\n\n<p class=\"wp-block-paragraph\">\u201cComo bien se\u00f1ala el presidente, el \u00fanico caso de corrupci\u00f3n de esta administraci\u00f3n ha sido el caso Segalmex (\u2026)\u201d.<\/p>\n\n\n\n<p class=\"wp-block-paragraph\">\u00bfY qu\u00e9 cree usted? Dizque el licenciado Andr\u00e9s Manuel \u201cdesde el momento en que se detect\u00f3 el posible desfalco y da\u00f1o al erario, instruy\u00f3 llegar al fondo del asunto y que no hubiese impunidad\u201d, seg\u00fan la se\u00f1orita de Bucareli.<\/p>\n\n\n\n<p class=\"wp-block-paragraph\">De eso, se\u00f1oras y se\u00f1ores hace m\u00e1s de dos a\u00f1os. Y la denuncia que le refer\u00ed, fue en 2019, pero Ignacio Ovalle supo de la estafa desde julio y agosto de 2018.<\/p>\n\n\n\n<p class=\"wp-block-paragraph\">\u00a1Suave! Nacho en la impunidad. Y la se\u00f1orita de Bucareli en el papel que bien opera en escena bajo la conducci\u00f3n del Santo Ni\u00f1o Fidencio de la charca del Z\u00f3calo. \u00a1Al ladr\u00f3n, al ladr\u00f3n! \u00a1S\u00faper, Drakko!<\/p>\n\n\n\n<p class=\"wp-block-paragraph\"><a href=\"mailto:sanchezlimon@gmail.com\" target=\"_blank\" rel=\"noreferrer noopener\">sanchezlimon@gmail.com<\/a>&nbsp;&nbsp;&nbsp;<a href=\"http:\/\/www.entrtesemana.mx\/\" target=\"_blank\" rel=\"noreferrer noopener\">www.entrtesemana.mx<\/a>&nbsp;&nbsp; @sanchezlimon1<\/p>\n","protected":false},"excerpt":{"rendered":"<p>\u201cYo vivo en tu pensamiento T\u00fa no lo puedes negar Lo digo porque lo siento Y si lo siento es verdad\u2026\u201d Gabriel Ruiz\/ Los Tres Diamantes Mois\u00e9s S\u00e1nchez Lim\u00f3n SemM\u00e9xico, Ciudad de M\u00e9xico, 6 de septiembre, 2024.- D\u00edgame lo que se le pegue la gana, pero todo indica que la se\u00f1orita de Bucareli es el [&hellip;]<\/p>\n","protected":false},"author":3,"featured_media":41799,"comment_status":"open","ping_status":"open","sticky":false,"template":"","format":"standard","meta":{"_monsterinsights_skip_tracking":false,"footnotes":""},"categories":[105,83,35],"tags":[],"class_list":["post-86701","post","type-post","status-publish","format-standard","has-post-thumbnail","category-entresemana","category-moises-sanchez-limon","category-opinion"],"_links":{"self":[{"href":"https:\/\/redsemlac.com\/semmexico\/wp-json\/wp\/v2\/posts\/86701","targetHints":{"allow":["GET"]}}],"collection":[{"href":"https:\/\/redsemlac.com\/semmexico\/wp-json\/wp\/v2\/posts"}],"about":[{"href":"https:\/\/redsemlac.com\/semmexico\/wp-json\/wp\/v2\/types\/post"}],"author":[{"embeddable":true,"href":"https:\/\/redsemlac.com\/semmexico\/wp-json\/wp\/v2\/users\/3"}],"replies":[{"embeddable":true,"href":"https:\/\/redsemlac.com\/semmexico\/wp-json\/wp\/v2\/comments?post=86701"}],"version-history":[{"count":0,"href":"https:\/\/redsemlac.com\/semmexico\/wp-json\/wp\/v2\/posts\/86701\/revisions"}],"wp:featuredmedia":[{"embeddable":true,"href":"https:\/\/redsemlac.com\/semmexico\/wp-json\/wp\/v2\/media\/41799"}],"wp:attachment":[{"href":"https:\/\/redsemlac.com\/semmexico\/wp-json\/wp\/v2\/media?parent=86701"}],"wp:term":[{"taxonomy":"category","embeddable":true,"href":"https:\/\/redsemlac.com\/semmexico\/wp-json\/wp\/v2\/categories?post=86701"},{"taxonomy":"post_tag","embeddable":true,"href":"https:\/\/redsemlac.com\/semmexico\/wp-json\/wp\/v2\/tags?post=86701"}],"curies":[{"name":"wp","href":"https:\/\/api.w.org\/{rel}","templated":true}]}}