{"id":86684,"date":"2024-09-05T18:41:36","date_gmt":"2024-09-06T00:41:36","guid":{"rendered":"https:\/\/redsemlac.com\/semmexico\/?p=86684"},"modified":"2024-09-05T18:41:38","modified_gmt":"2024-09-06T00:41:38","slug":"adrian-marcelo-y-adrian-de-la-garza-ejercieron-violencia-politica-de-genero-en-contra-de-la-ex-candidata-mariana-rodriguez-cantu","status":"publish","type":"post","link":"https:\/\/redsemlac.com\/semmexico\/adrian-marcelo-y-adrian-de-la-garza-ejercieron-violencia-politica-de-genero-en-contra-de-la-ex-candidata-mariana-rodriguez-cantu\/","title":{"rendered":"Adri\u00e1n Marcelo y Adri\u00e1n de la Garza ejercieron violencia pol\u00edtica de g\u00e9nero en contra de la ex candidata Mariana Rodr\u00edguez Cant\u00fa"},"content":{"rendered":"\n<p class=\"wp-block-paragraph\">Elda Montiel<\/p>\n\n\n\n<p class=\"wp-block-paragraph\">SemM\u00e9xico, Ciudad de M\u00e9xico, 5 de septiembre, 2024.- El youtuber Adri\u00e1n Marcelo y el alcalde electo de Monterrey Adri\u00e1n de la Garza ejercieron violencia pol\u00edtica de g\u00e9nero en contra de Mariana Rodr\u00edguez Cant\u00fa, ex candidata, en el video denominado \u201cRecorriendo Monterrey\u201d, lo que podr\u00eda ser constitutivo de discriminaci\u00f3n en raz\u00f3n de g\u00e9nero y violencia pol\u00edtica de g\u00e9nero.&nbsp;<\/p>\n\n\n\n<p class=\"wp-block-paragraph\">El video se dio a conocer, luego de que esta madrugada el influencer y youtuber, Adri\u00e1n Marcelo decidiera abandonar el reallity Show conocido como \u201cLa Casa de Los Famosos\u201d tras haber tenido una discusi\u00f3n con otra participante, por temas de violencia contra las mujeres.<\/p>\n\n\n\n<p class=\"wp-block-paragraph\">En el video participan el ex candidato Adri\u00e1n de la Garza y Rafa Ramo, en el cual se refieren a la ex candidata Mariana Rodr\u00edguez Cant\u00fa, lo que podr\u00edan ser constitutivas de discriminaci\u00f3n en raz\u00f3n de g\u00e9nero, as\u00ed como de violencia pol\u00edtica en contra de las mujeres.<\/p>\n\n\n\n<p class=\"wp-block-paragraph\">El sentido de las frases como \u201cmacho\u201d, asociados al candidato, refuerzan la ideolog\u00eda machista donde se denigra a las mujeres y a lo femenino, reforzando la idea de inferioridad de las mujeres. Aun sin mencionar directamente a la ex candidata.<\/p>\n\n\n\n<p class=\"wp-block-paragraph\">Adri\u00e1n Marcelo ejerci\u00f3 violencia simb\u00f3lica pues asent\u00f3 la idea de la superioridad del hombre, el macho (Adri\u00e1n de la Garza) sobre la mujer, contra de Mariana Rodr\u00edguez Cant\u00fa, quien, ejerci\u00f3 su derecho pol\u00edtico a ser votada en condiciones de paridad para presidenta municipal de Monterrey, Nuevo Le\u00f3n, de acuerdo con el art\u00edculo 35 fracci\u00f3n II de la Constituci\u00f3n Pol\u00edtica de los Estados Unidos Mexicanos, en el pasado proceso electoral.<\/p>\n\n\n\n<p class=\"wp-block-paragraph\">El influencer, que presume ser director y productor, hizo un video con estos elementos, con marketing, con el objetivo de ayudar al entonces candidato Adri\u00e1n de la Garza, denostando a la \u00fanica adversaria mujer.<\/p>\n\n\n\n<p class=\"wp-block-paragraph\">En dicho video es notable la edici\u00f3n, los extras es un documental a la medida de los prop\u00f3sitos de influir en el electorado, con una exclusividad en el beneficio del producto para el candidato que en todo momento est\u00e1 en la toma, como ejemplo: el contenido que se identifica en el minuto 10:23 de dicho video, en el cual resulta evidente que cuando el conductor del video ve a un extra le dice: \u201cah\u00ed va\u201d, y el extra menciona: \u201cque no sea t\u00edtere esa mujer del gobernador, tu mero\u201d. O bien, cuando en el minuto 14:01, cuando el conductor dice: \u201cse\u00f1ora, hablando de machos, no cree que esta ciudad necesita de uno\u201d.<\/p>\n\n\n\n<p class=\"wp-block-paragraph\">En el video que tiene 376,053 visitas&nbsp; https:\/\/www.youtube.com\/watch?v=11UYBNaYQGk&nbsp; el conductor Adri\u00e1n Marcelo (YouTuber) realiza comentarios sexistas, racistas y clasistas hacia las personas que entrevista y que va encontrando a su paso en la visita al Valle de Santa Luc\u00eda.<\/p>\n\n\n\n<p class=\"wp-block-paragraph\">Algunas expresiones hacia las mujeres son de contenido sexual, como las siguientes: \u201cSaliste bien arreglada, a qui\u00e9n vas a ir a ver, \u00bfal viejo?\u201d \u201c\u00bfMe la quieres mamar o qu\u00e9?\u201d \u201cHay ni\u00f1os, hay familia, vamos a encontrar a chilpayates manchaditos de mocos\u201d \u201cQui\u00e9n le est\u00e1 marque y marque, \u00bfTrae un amante ah\u00ed? \u201c\u00bfC\u00f3mo ves al candidato? \u201cfreg\u00f3n\u201d<\/p>\n\n\n\n<p class=\"wp-block-paragraph\">Una constante en el video es que al candidato (Adri\u00e1n de la Garza) se le identifica con estereotipos patriarcales como \u201cel macho\u201d, \u201cfuerte\u201d (El conductor hace referencia a que tiene \u201cunos brazotes\u201d), resuelve conflictos, es negociador como un superh\u00e9roe, tiene una \u201cesposa guapa\u201d que lo cuida y lo apoya, con lo que el youtuber establece los roles de g\u00e9neros deseados en el contexto pol\u00edtico de la contienda electoral que consisten en un hombre macho para gobernar y el papel de la mujer en el tradicional rol de cuidadora, a esto se le llama estereotipaci\u00f3n prescriptiva porque busca delimitar las identidades de hombres&nbsp; y mujeres.<\/p>\n\n\n\n<p class=\"wp-block-paragraph\">El influencer,&nbsp; cuenta con una queja en el Consejo Nacional para Prevenir la Discriminaci\u00f3n (CONAPRED) por ejercer violencia de g\u00e9nero en un \u201creality show\u201d (2004). Una denuncia penal por acoso sexual en la Fiscal\u00eda de Nuevo Le\u00f3n, que en el propio video reconocen el influencer y el candidato que el jefe de dicha instituci\u00f3n de seguridad es Adri\u00e1n de la Garza, dichos hechos relevantes describen actos graves en contra de las mujeres por hacer y por dejar de hacer justicia como lo es la complicidad entre un presunto criminal y el jefe de la fiscal\u00eda.<\/p>\n\n\n\n<p class=\"wp-block-paragraph\">Cabe recordar que el pasado 8 de agosto la Secretar\u00eda de la Mujer de la Ciudad de M\u00e9xico, pidi\u00f3 a la producci\u00f3n tomar las medidas necesarias y eliminar la aparici\u00f3n en este programa de personas violentas, respecto a las declaraciones hechas por Adri\u00e1n Marcelo en contra de la actriz Gala Montes.<\/p>\n","protected":false},"excerpt":{"rendered":"<p>Elda Montiel SemM\u00e9xico, Ciudad de M\u00e9xico, 5 de septiembre, 2024.- El youtuber Adri\u00e1n Marcelo y el alcalde electo de Monterrey Adri\u00e1n de la Garza ejercieron violencia pol\u00edtica de g\u00e9nero en contra de Mariana Rodr\u00edguez Cant\u00fa, ex candidata, en el video denominado \u201cRecorriendo Monterrey\u201d, lo que podr\u00eda ser constitutivo de discriminaci\u00f3n en raz\u00f3n de g\u00e9nero y [&hellip;]<\/p>\n","protected":false},"author":3,"featured_media":86685,"comment_status":"open","ping_status":"open","sticky":false,"template":"","format":"standard","meta":{"_monsterinsights_skip_tracking":false,"footnotes":""},"categories":[48],"tags":[],"class_list":["post-86684","post","type-post","status-publish","format-standard","has-post-thumbnail","category-no-mas-impunidad-no-mas-impunidad"],"_links":{"self":[{"href":"https:\/\/redsemlac.com\/semmexico\/wp-json\/wp\/v2\/posts\/86684","targetHints":{"allow":["GET"]}}],"collection":[{"href":"https:\/\/redsemlac.com\/semmexico\/wp-json\/wp\/v2\/posts"}],"about":[{"href":"https:\/\/redsemlac.com\/semmexico\/wp-json\/wp\/v2\/types\/post"}],"author":[{"embeddable":true,"href":"https:\/\/redsemlac.com\/semmexico\/wp-json\/wp\/v2\/users\/3"}],"replies":[{"embeddable":true,"href":"https:\/\/redsemlac.com\/semmexico\/wp-json\/wp\/v2\/comments?post=86684"}],"version-history":[{"count":0,"href":"https:\/\/redsemlac.com\/semmexico\/wp-json\/wp\/v2\/posts\/86684\/revisions"}],"wp:featuredmedia":[{"embeddable":true,"href":"https:\/\/redsemlac.com\/semmexico\/wp-json\/wp\/v2\/media\/86685"}],"wp:attachment":[{"href":"https:\/\/redsemlac.com\/semmexico\/wp-json\/wp\/v2\/media?parent=86684"}],"wp:term":[{"taxonomy":"category","embeddable":true,"href":"https:\/\/redsemlac.com\/semmexico\/wp-json\/wp\/v2\/categories?post=86684"},{"taxonomy":"post_tag","embeddable":true,"href":"https:\/\/redsemlac.com\/semmexico\/wp-json\/wp\/v2\/tags?post=86684"}],"curies":[{"name":"wp","href":"https:\/\/api.w.org\/{rel}","templated":true}]}}