{"id":8668,"date":"2019-06-16T02:47:07","date_gmt":"2019-06-16T02:47:07","guid":{"rendered":"https:\/\/redsemlac.com\/semmexico\/?p=8668"},"modified":"2023-07-21T14:49:12","modified_gmt":"2023-07-21T19:49:12","slug":"urge-la-ratificacion-de-la-convencion-interamericana-sobre-la-proteccion-de-los-derechos-humanos-por-estado-mexicano","status":"publish","type":"post","link":"https:\/\/redsemlac.com\/semmexico\/urge-la-ratificacion-de-la-convencion-interamericana-sobre-la-proteccion-de-los-derechos-humanos-por-estado-mexicano\/","title":{"rendered":"Urge la ratificaci\u00f3n de la Convenci\u00f3n Interamericana sobre la Protecci\u00f3n de los Derechos Humanos por estado mexicano"},"content":{"rendered":"\n<p class=\"wp-block-paragraph\"><strong><em>El 10.5 % de la poblaci\u00f3n del pa\u00eds vulnerable al maltrato y abuso en la vejez.<\/em><\/strong><\/p>\n\n\n\n<p class=\"wp-block-paragraph\"><strong>Elda Montiel<\/strong><\/p>\n\n\n\n<p class=\"wp-block-paragraph\">SemM\u00e9xico. Ciudad de M\u00e9xico. 15\nde junio 2019.- En un pa\u00eds como M\u00e9xico donde m\u00e1s de 10.5 % de la poblaci\u00f3n\ntotal, es decir 12.6 millones de personas son adultas y adultos mayores de 60\na\u00f1os, el abuso y maltrato en la vejez es un problema de salud p\u00fablica y social que\ndisminuye su calidad de vida y lesiona la dignidad de las v\u00edctimas.<\/p>\n\n\n\n<p class=\"wp-block-paragraph\">El abuso y\nmaltrato en la vejez son delitos que por lo general no se denuncian debido al\nv\u00ednculo familiar entre la persona que agrede a la v\u00edctima.<\/p>\n\n\n\n<p class=\"wp-block-paragraph\">Por lo que en\nel marco D\u00eda Mundial de Toma de\nConciencia del Abuso y Maltrato en la Vejez, que es el 15 de junio, la Comisi\u00f3n\nNacional de Derechos Humanos (CNDH) hace un llamado al estado mexicano para que\nse firme y ratifique la Convenci\u00f3n\nInteramericana Sobre la Protecci\u00f3n de los Derechos de las Personas Mayores.<\/p>\n\n\n\n<p class=\"wp-block-paragraph\">Con esta\nfirma las autoridades estar\u00e1n obligadas a armonizar las normas vigentes con su\ncontenido y a implementar mecanismos para garantizar su cumplimiento,\nincluyendo la asignaci\u00f3n de recursos econ\u00f3micos suficientes. &nbsp;<\/p>\n\n\n\n<p class=\"wp-block-paragraph\">El organismo\nnacional tambi\u00e9n hace un llamado a la sociedad y autoridades a fortalecer el\npapel de las familias como n\u00facleo de desarrollo de las personas mayores, y la\ncapacitaci\u00f3n de las y los cuidadores informales en materia de derechos humanos\ny trato respetuoso hacia esa poblaci\u00f3n.<\/p>\n\n\n\n<p class=\"wp-block-paragraph\">La CNDH\nprecis\u00f3 entre las causas por las que no denuncian el abuso y el maltrato las\npersonas mayores es por la dependencia econ\u00f3mica y f\u00edsica de la persona mayor\nrespecto de quien genera la violencia, o la falta de acceso a las instancias de\nprocuraci\u00f3n de justicia.&nbsp; <\/p>\n\n\n\n<p class=\"wp-block-paragraph\">Tan s\u00f3lo en un periodo de enero\nde 2014 al 29 de febrero de 2016, la CNDH recibi\u00f3 34,200 denuncias por delitos\ncontra las personas mayores, de las cuales 57% se inici\u00f3 por delitos de\ndespojos patrimoniales como despojo, robo a casa habitaci\u00f3n, fraude, y da\u00f1os en\npropiedad privada, entre otros.<\/p>\n\n\n\n<p class=\"wp-block-paragraph\">De esas denuncias 16% por\nviolencia familiar; 8% por lesiones; 5% por amenazas; 4% homicidio y, en menor\nporcentaje, il\u00edcitos como violaci\u00f3n y abuso sexual; privaci\u00f3n ilegal de la\nlibertad.<\/p>\n\n\n\n<p class=\"wp-block-paragraph\">Los datos que public\u00f3 el\norganismo nacional en febrero de este a\u00f1o en su Informe Especial sobre los\nDerechos de las Personas Mayores. <\/p>\n\n\n\n<p class=\"wp-block-paragraph\">Para este Organismo Aut\u00f3nomo,\nel maltrato o la falta de acci\u00f3n apropiada que producen da\u00f1o f\u00edsico, psicol\u00f3gico\no sexual contra las personas mayores, en la mayor\u00eda de los casos se comete por\nintegrantes de su c\u00edrculo m\u00e1s cercano, como el o la c\u00f3nyuge, hijos o hijas,\nnietos o nietas, nueras, yernos y cuidadores.<\/p>\n\n\n\n<p class=\"wp-block-paragraph\">Por lo que demanda la necesidad de fortalecer y\nprofesionalizar la vigilancia y supervisi\u00f3n de los centros de asistencia social\ny albergues p\u00fablicos y privados para garantizar la integridad, dignidad y\nseguridad de las y los usuarios.<\/p>\n\n\n\n<p class=\"wp-block-paragraph\">As\u00ed como promover la capacitaci\u00f3n de su personal y\ngestionar que se incorporen los enfoques de derechos humanos, de ciclo de vida,\nde g\u00e9nero y la transversalidad como ejes rectores de la legislaci\u00f3n, pol\u00edticas\np\u00fablicas, planes, programas y cualquier medida dirigida a la poblaci\u00f3n de 60\na\u00f1os en adelante. <\/p>\n\n\n\n<p class=\"wp-block-paragraph\">Por lo que\nrespecta a las personas mayores LGBTTTI quienes suelen enfrentar estigmas y\nprejuicios indebidamente asociados con su edad, cuya situaci\u00f3n las coloca en\nriesgo de aislamiento social, violencia y pobreza, incluso muerte prematura, se\u00f1al\u00f3\nque es preciso dise\u00f1ar e implementar estrategias integrales y acciones\ndiferenciadas para combatir estereotipos, exclusi\u00f3n y agresiones en su contra a\ncausa de su identidad y expresi\u00f3n de g\u00e9nero o su preferencia sexual. <\/p>\n\n\n\n<p class=\"wp-block-paragraph\">Sobre la necesidad de firmar y\nratificar la Convenci\u00f3n Interamericana sobre protecci\u00f3n de los Derechos de las\nPersonas Mayores record\u00f3 que M\u00e9xico asumi\u00f3 en 2015 los compromisos de la Agenda\n2030 para el Desarrollo Sostenible.<\/p>\n\n\n\n<p class=\"wp-block-paragraph\">En su Objetivo 16 establece la\nobligaci\u00f3n de facilitar el acceso a la justicia para todos y construir a todos\nlos niveles instituciones eficaces e inclusivas que rindan cuentas, para\nreducir todas las formas de violencia, generar en todos los niveles\ninstituciones eficaces y transparentes, garantizar la adopci\u00f3n de decisiones\ninclusivas, participativas y representativas que respondan a las necesidades de\nlas personas mayores.<\/p>\n\n\n\n<p class=\"wp-block-paragraph\">As\u00ed como promover y aplicar\nleyes y pol\u00edticas no discriminatorias en favor del desarrollo sostenible. <\/p>\n\n\n\n<p class=\"wp-block-paragraph\">La Comisi\u00f3n Nacional destaca\nque la educaci\u00f3n en y para los derechos humanos son las v\u00edas id\u00f3neas para\ncombatir la violaci\u00f3n sistem\u00e1tica de los derechos de ese sector de la\npoblaci\u00f3n, que entre mejor los conozca podr\u00e1 identificar las violaciones a los\nmismos y contar con herramientas para exigir su cumplimiento. <\/p>\n\n\n\n<p class=\"wp-block-paragraph\">Cabe recordar que la Asamblea General de las Naciones\nUnidas, en su Resoluci\u00f3n 66\/127, design\u00f3 el 15 de junio como <em>D\u00eda Mundial de\nToma de Conciencia del Abuso y Maltrato en la Vejez<\/em>, como una forma de\nvisibilizarlo y exhortar a combatir los sufrimientos infligidos a las\ngeneraciones mayores.<\/p>\n","protected":false},"excerpt":{"rendered":"<p>El 10.5 % de la poblaci\u00f3n del pa\u00eds vulnerable al maltrato y abuso en la vejez. Elda Montiel SemM\u00e9xico. Ciudad de M\u00e9xico. 15 de junio 2019.- En un pa\u00eds como M\u00e9xico donde m\u00e1s de 10.5 % de la poblaci\u00f3n total, es decir 12.6 millones de personas son adultas y adultos mayores de 60 a\u00f1os, el [&hellip;]<\/p>\n","protected":false},"author":3,"featured_media":8669,"comment_status":"open","ping_status":"open","sticky":false,"template":"","format":"standard","meta":{"_monsterinsights_skip_tracking":false,"footnotes":""},"categories":[690,51],"tags":[],"class_list":["post-8668","post","type-post","status-publish","format-standard","has-post-thumbnail","category-690","category-ejecutivo"],"_links":{"self":[{"href":"https:\/\/redsemlac.com\/semmexico\/wp-json\/wp\/v2\/posts\/8668","targetHints":{"allow":["GET"]}}],"collection":[{"href":"https:\/\/redsemlac.com\/semmexico\/wp-json\/wp\/v2\/posts"}],"about":[{"href":"https:\/\/redsemlac.com\/semmexico\/wp-json\/wp\/v2\/types\/post"}],"author":[{"embeddable":true,"href":"https:\/\/redsemlac.com\/semmexico\/wp-json\/wp\/v2\/users\/3"}],"replies":[{"embeddable":true,"href":"https:\/\/redsemlac.com\/semmexico\/wp-json\/wp\/v2\/comments?post=8668"}],"version-history":[{"count":0,"href":"https:\/\/redsemlac.com\/semmexico\/wp-json\/wp\/v2\/posts\/8668\/revisions"}],"wp:featuredmedia":[{"embeddable":true,"href":"https:\/\/redsemlac.com\/semmexico\/wp-json\/wp\/v2\/media\/8669"}],"wp:attachment":[{"href":"https:\/\/redsemlac.com\/semmexico\/wp-json\/wp\/v2\/media?parent=8668"}],"wp:term":[{"taxonomy":"category","embeddable":true,"href":"https:\/\/redsemlac.com\/semmexico\/wp-json\/wp\/v2\/categories?post=8668"},{"taxonomy":"post_tag","embeddable":true,"href":"https:\/\/redsemlac.com\/semmexico\/wp-json\/wp\/v2\/tags?post=8668"}],"curies":[{"name":"wp","href":"https:\/\/api.w.org\/{rel}","templated":true}]}}