{"id":8665,"date":"2019-06-16T02:38:01","date_gmt":"2019-06-16T02:38:01","guid":{"rendered":"https:\/\/redsemlac.com\/semmexico\/?p=8665"},"modified":"2023-07-21T14:49:12","modified_gmt":"2023-07-21T19:49:12","slug":"580-estancias-infantiles-han-resuelto-suspension-a-las-medidas-de-cancelacion","status":"publish","type":"post","link":"https:\/\/redsemlac.com\/semmexico\/580-estancias-infantiles-han-resuelto-suspension-a-las-medidas-de-cancelacion\/","title":{"rendered":"580 estancias infantiles han resuelto suspensi\u00f3n a las medidas de cancelaci\u00f3n"},"content":{"rendered":"\n<p class=\"wp-block-paragraph\"><strong><em>El Frente por la Ni\u00f1ez avanza por la v\u00eda judicial a favor de las estancias infantiles y recomienda se cumpla con la recomendaci\u00f3n de la CNDH.<\/em><\/strong><\/p>\n\n\n\n<p class=\"wp-block-paragraph\"><strong>Elda\nMontiel<\/strong><\/p>\n\n\n\n<p class=\"wp-block-paragraph\">SemM\u00e9xico. Ciudad de M\u00e9xico. 13 de junio 2019.- El Frente por la Ni\u00f1ez, integrado por la sociedad civil, legisladoras y legisladores del PAN, PRI, PRD, MC y Morena, reconoce a la Comisi\u00f3n Nacional de Derechos Humanos (CNDH) por la recomendaci\u00f3n 29\/2019 emitida a la Secretar\u00eda de Bienestar, la Secretar\u00eda de Hacienda y Cr\u00e9dito P\u00fablico y el Ejecutivo Federal para que se sensibilicen y restituyan los Derechos de ni\u00f1as, ni\u00f1os, madres, responsables y trabajadoras de las estancias que fueron violados al cancelar el programa de estancias infantiles.<\/p>\n\n\n\n<p class=\"wp-block-paragraph\">Demanda al gobierno federal que acepte y cumpla\na cabalidad dicha recomendaci\u00f3n que se deriva de 204 quejas presentadas por\npresuntas violaciones a los derechos de 5,340 personas agraviadas en todo el\npa\u00eds.<\/p>\n\n\n\n<p class=\"wp-block-paragraph\">Esto se suma, indicaron, a la importancia de la\njurisprudencia sobre suspensiones provisionales emitida en el estado de\nChihuahua, con relaci\u00f3n a los amparos presentados por beneficiarias de las\nestancias infantiles, que establece un antecedente importante para todo el pa\u00eds.\n<\/p>\n\n\n\n<p class=\"wp-block-paragraph\">El Frente asegur\u00f3 que seguir\u00e1 avanzando por la\nv\u00eda judicial, para que el gobierno federal de prioridad al inter\u00e9s superior de\nla infancia y mantenga las pol\u00edticas p\u00fablicas y el presupuesto destinado a\ngarantizar sus derechos.<\/p>\n\n\n\n<p class=\"wp-block-paragraph\">Califico a la Recomendaci\u00f3n l29\/2019 de la\nCNDH, la primera que se hace el gobierno federal y que se dio a conocer este\nlunes, relevante en muchos aspectos desde que se public\u00f3 la Ley General de los\nDerechos de Ni\u00f1as, Ni\u00f1os y Adolescentes a finales del a\u00f1o 2014. <\/p>\n\n\n\n<p class=\"wp-block-paragraph\">Informaron que de los m\u00e1s de 4,500 amparos que\nse han presentado en todo el pa\u00eds se han otorgado aproximadamente 580\nsuspensiones definitivas en por lo menos 10 entidades: Chihuahua, Nuevo Le\u00f3n,\nGuerrero, Oaxaca, Jalisco, Veracruz, Ciudad de M\u00e9xico, Estado de M\u00e9xico, Puebla\ny Sinaloa.&nbsp; <\/p>\n\n\n\n<p class=\"wp-block-paragraph\">Destacan que la semana pasada se dict\u00f3 la\nprimera Jurisprudencia sobre suspensiones provisionales en Chihuahua que obliga\na toda la jurisdicci\u00f3n de la entidad, por lo que esperan que junto con la recomendaci\u00f3n\nde la CNDH sean material relevante para la resoluci\u00f3n de los amparos en cada\njuzgado y tomado en cuenta por la Suprema Corte de Justicia de la Naci\u00f3n para\nla contradicci\u00f3n de tesis que a\u00fan est\u00e1 pendiente de resolver<\/p>\n\n\n\n<p class=\"wp-block-paragraph\">El Frente por la Ni\u00f1ez destaca la contundencia\nde la Recomendaci\u00f3n de la CNDH, ya que pide a la Secretaria de Bienestar\nestablecer un mecanismo que restituya los derechos que fueron violados;\nactualizar el padr\u00f3n de ni\u00f1as y ni\u00f1os que eran beneficiarios del programa de\nestancias infantiles y el pago retroactivo de los subsidios.<\/p>\n\n\n\n<ul class=\"wp-block-list\"><li>Que este\npago sea al menos el del presupuesto del 2018 \u2013Cuatro mil millones de pesos- a\nfin de garantizar la misma cobertura poblacional y geogr\u00e1fica.<\/li><\/ul>\n\n\n\n<ul class=\"wp-block-list\"><li>Que la\nSecretaria de Bienestar establezca un instrumento para verificar que los apoyos\nse utilicen en servicios de atenci\u00f3n, cuidado y desarrollo integral infantil.<\/li><\/ul>\n\n\n\n<ul class=\"wp-block-list\"><li>Que en\nel funcionamiento de espacios de cuidado infantil solicita dar prioridad a las\nresponsables de estancias para la operaci\u00f3n de estos centros, y responsabiliza\nal Sistema Nacional DIF de su supervisi\u00f3n y vigilancia. <\/li><\/ul>\n","protected":false},"excerpt":{"rendered":"<p>El Frente por la Ni\u00f1ez avanza por la v\u00eda judicial a favor de las estancias infantiles y recomienda se cumpla con la recomendaci\u00f3n de la CNDH. Elda Montiel SemM\u00e9xico. Ciudad de M\u00e9xico. 13 de junio 2019.- El Frente por la Ni\u00f1ez, integrado por la sociedad civil, legisladoras y legisladores del PAN, PRI, PRD, MC y [&hellip;]<\/p>\n","protected":false},"author":3,"featured_media":8666,"comment_status":"open","ping_status":"open","sticky":false,"template":"","format":"standard","meta":{"_monsterinsights_skip_tracking":false,"footnotes":""},"categories":[690,54],"tags":[],"class_list":["post-8665","post","type-post","status-publish","format-standard","has-post-thumbnail","category-690","category-mujeres"],"_links":{"self":[{"href":"https:\/\/redsemlac.com\/semmexico\/wp-json\/wp\/v2\/posts\/8665","targetHints":{"allow":["GET"]}}],"collection":[{"href":"https:\/\/redsemlac.com\/semmexico\/wp-json\/wp\/v2\/posts"}],"about":[{"href":"https:\/\/redsemlac.com\/semmexico\/wp-json\/wp\/v2\/types\/post"}],"author":[{"embeddable":true,"href":"https:\/\/redsemlac.com\/semmexico\/wp-json\/wp\/v2\/users\/3"}],"replies":[{"embeddable":true,"href":"https:\/\/redsemlac.com\/semmexico\/wp-json\/wp\/v2\/comments?post=8665"}],"version-history":[{"count":0,"href":"https:\/\/redsemlac.com\/semmexico\/wp-json\/wp\/v2\/posts\/8665\/revisions"}],"wp:featuredmedia":[{"embeddable":true,"href":"https:\/\/redsemlac.com\/semmexico\/wp-json\/wp\/v2\/media\/8666"}],"wp:attachment":[{"href":"https:\/\/redsemlac.com\/semmexico\/wp-json\/wp\/v2\/media?parent=8665"}],"wp:term":[{"taxonomy":"category","embeddable":true,"href":"https:\/\/redsemlac.com\/semmexico\/wp-json\/wp\/v2\/categories?post=8665"},{"taxonomy":"post_tag","embeddable":true,"href":"https:\/\/redsemlac.com\/semmexico\/wp-json\/wp\/v2\/tags?post=8665"}],"curies":[{"name":"wp","href":"https:\/\/api.w.org\/{rel}","templated":true}]}}