{"id":86625,"date":"2024-09-04T09:33:42","date_gmt":"2024-09-04T15:33:42","guid":{"rendered":"https:\/\/redsemlac.com\/semmexico\/?p=86625"},"modified":"2024-09-04T09:33:43","modified_gmt":"2024-09-04T15:33:43","slug":"dapthne-cuevas-en-la-secretaria-de-las-mujeres-el-reto-de-llevar-30-anos-de-activismo-a-la-politica-publica-en-cdmx","status":"publish","type":"post","link":"https:\/\/redsemlac.com\/semmexico\/dapthne-cuevas-en-la-secretaria-de-las-mujeres-el-reto-de-llevar-30-anos-de-activismo-a-la-politica-publica-en-cdmx\/","title":{"rendered":"Dapthne Cuevas en la Secretar\u00eda de las Mujeres: el reto de llevar 30 a\u00f1os de activismo a la pol\u00edtica p\u00fablica en CDMX"},"content":{"rendered":"\n<p class=\"wp-block-paragraph\">Daptnhe Cuevas llegar\u00e1 al cargo el 5 de octubre \/ Roberto Hern\u00e1ndez<\/p>\n\n\n\n<p class=\"wp-block-paragraph\">Lo intuitivo es importante, pero para incidir hay que saber, hay que formarse, hay que estudiar, resume&nbsp; 30 a\u00f1os de activismo<\/p>\n\n\n\n<p class=\"wp-block-paragraph\">Hacer de la Secretar\u00eda ralmente la rector\u00eda a todas las dependencias para que hagan su trabajo<\/p>\n\n\n\n<p class=\"wp-block-paragraph\">Miriam Dom\u00ednguez&nbsp;<\/p>\n\n\n\n<p class=\"wp-block-paragraph\">SemM\u00e9xico\/ El Sol de M\u00e9xico, Cd. de M\u00e9xico, 4 de septiembre, 2024.- Daptnhe Cuevas Ortiz&nbsp;enfrentar\u00e1 el desaf\u00edo de trasladar sus&nbsp;30 a\u00f1os de trabajo como feminista desde la sociedad civil y la academia a la ejecuci\u00f3n &nbsp; y planeaci\u00f3n gubernamental como pr\u00f3xima titular de la Secretar\u00eda de las Mujeres&nbsp;en la Ciudad de M\u00e9xico,&nbsp;la cual buscar\u00e1 fortalecer.<\/p>\n\n\n\n<p class=\"wp-block-paragraph\">En su diagn\u00f3stico, previo a asumir el cargo el&nbsp;5 de octubre, se\u00f1al\u00f3 la necesidad de reforzar el rol rector de la&nbsp;Secretar\u00eda&nbsp;para incidir en la pol\u00edtica p\u00fablica, m\u00e1s all\u00e1 de la prestaci\u00f3n de servicios.<\/p>\n\n\n\n<p class=\"wp-block-paragraph\">\u201cLa&nbsp;Secretar\u00eda de las Mujeres&nbsp;tiene que fortalecer su facultad de rector\u00eda, tiene que meter su cuchara en la pol\u00edtica p\u00fablica y en la planeaci\u00f3n gubernamental con cada una de las dependencias y estar ah\u00ed se\u00f1alando: \u2018mira a este programa le falta\u2019\u201d, afirm\u00f3 en el podcast de&nbsp;Sara Lovera, editora de g\u00e9nero de la&nbsp;Organizaci\u00f3n Editorial Mexicana&nbsp;(OEM).<\/p>\n\n\n\n<p class=\"wp-block-paragraph\">\u201cSer \u00f3rgano rector implica explicar, acompa\u00f1ar, facilitar herramientas de entendimiento. Yo quiero explotar lo m\u00e1s posible esa facultad y quiero estar en perfecto di\u00e1logo y coordinaci\u00f3n y armon\u00eda con las diferentes dependencias de esta ciudad\u201d, agreg\u00f3.<\/p>\n\n\n\n<p class=\"wp-block-paragraph\">La activista explic\u00f3 que los&nbsp;mecanismos a favor de las mujeres&nbsp;han quedado subordinados a la demanda cotidiana ante la ineficacia de otras instancias.<\/p>\n\n\n\n<p class=\"wp-block-paragraph\">\u201cTodas las partes deben entender y deben hacer y esa es una de las tareas fundamentales que le toca a los mecanismos para el adelanto de las mujeres y que ha quedado muy supeditado a la demanda cotidiana y a, incluso, la prestaci\u00f3n de servicios, porque como no se est\u00e1 haciendo bien en las otras dependencias, hay que hacerlo ac\u00e1\u201d, indic\u00f3.<\/p>\n\n\n\n<p class=\"wp-block-paragraph\">\u201cMi meta es que&nbsp;la Secretar\u00eda pueda cumplir con su facultad rectora con mucha mayor fuerza&nbsp;y que no en este sexenio quiz\u00e1s, pero en alg\u00fan momento no tengamos que prestar servicios de atenci\u00f3n porque a qui\u00e9n le toca lo est\u00e1 haciendo bien\u201d, dijo.<\/p>\n\n\n\n<p class=\"wp-block-paragraph\">Para Cuevas, quien&nbsp;particip\u00f3 con la ONU en la negociaci\u00f3n de la agenda 2030&nbsp;en la materia, hay dos temas que siguen siendo una piedra anclada en la capital: la violencia de g\u00e9nero en todas sus formas y la brecha salarial.<\/p>\n\n\n\n<figure class=\"wp-block-image\"><img decoding=\"async\" src=\"https:\/\/lh7-rt.googleusercontent.com\/docsz\/AD_4nXfbS6dZRsFzJWtVRF_RMBxUj2SF8pQKnXx7Rr7xzNv-NzfI2cafA4-wmwbqzy9GPUCErKXChzsQavAI4NJJxAaggIMH-GuM86CO8u3XXM_akR8HzP6Vmiw3Qf2fvTbMflYoACVg7QIpOdkwYqYIy4CNnI-YkuLqyAlpO4Cdemnn50IAC9r1jg?key=KqljOBp-InNY51It6VI6fg\" alt=\"Interfaz de usuario gr\u00e1fica, Aplicaci\u00f3n\n\nDescripci\u00f3n generada autom\u00e1ticamente con confianza media\"\/><\/figure>\n\n\n\n<p class=\"wp-block-paragraph\">\u201cLa violencia es el tema central, donde hay que seguir buscando formas, haciendo ejercicios y buscando propuestas&nbsp;(&#8230;) Yo creo que no hemos solucionado o no hemos encontrado maneras eficaces de erradicar la violencia en general, primero porque est\u00e1 muy anclada en la naturalizaci\u00f3n de nuestra&nbsp;convivencia social, es un asunto culturalmente arraigado y en eso creo que hemos avanzado, aunque falta mucho\u201d, consider\u00f3.<\/p>\n\n\n\n<p class=\"wp-block-paragraph\">\u201cEl segundo tema que es muy importante y que casi no se habla de eso porque no se nota tanto, porque esta es la ciudad, es&nbsp;el asunto de la participaci\u00f3n econ\u00f3mica de las mujeres. Seguimos teniendo una brecha salarial significativa, ah\u00ed no nos diferenciamos mucho al resto del pa\u00eds\u201d, refiri\u00f3.<\/p>\n\n\n\n<p class=\"wp-block-paragraph\"><img loading=\"lazy\" decoding=\"async\" alt=\"Mujer parada junto a una ventana\n\nDescripci\u00f3n generada autom\u00e1ticamente\" src=\"https:\/\/lh7-rt.googleusercontent.com\/docsz\/AD_4nXfwwYXTcrKX2vBLZMhfP_WY_WpQabHyNCIws0vCnT6A4ljeOwKdot2pTTjOy28MiNT5Hf_CGbhDcdZ8M2ElQ59o4_y-aEfUVO74nqoBrpDwn87hns2_JcDfzDTxm5fFv9zcVU9768mOLYzI5blzm8U6tHvWL03uNr9bhsC3je2utcpRwOkce7c?key=KqljOBp-InNY51It6VI6fg\" width=\"635\" height=\"423\">Foto: Roberto Hern\u00e1ndez \/ El Sol de M\u00e9xico<\/p>\n\n\n\n<p class=\"wp-block-paragraph\">Al ser la primera vez que estar\u00e1 desde el lado gubernamental, la activista admiti\u00f3 que por un momento se sinti\u00f3 asustada, pero tambi\u00e9n est\u00e1 motivada por su preparaci\u00f3n y por su conocimiento de la Secretar\u00eda desde que era Instituto, al haber sido consejera en dos ocasiones.<\/p>\n\n\n\n<p class=\"wp-block-paragraph\">\u201cYo estoy muy emocionada con esta cosa que se me viene encima,&nbsp;al principio dije es que me da miedo el tr\u00e1nsito de haber sido toda mi vida una activista desde la sociedad civil y llegar ahora a tratar de acomodar todo este bagaje en el \u00e1mbito de la implementaci\u00f3n de gobierno.<\/p>\n\n\n\n<p class=\"wp-block-paragraph\">\u201cYo he estado estudiando permanentemente,&nbsp;hice esos estudios en pol\u00edtica p\u00fablica cuando llegu\u00e9 al Congreso, cuando fui la primera Secretar\u00eda T\u00e9cnica de aquella primera comisi\u00f3n ordinaria, yo estudi\u00e9 derecho parlamentario, porque como te digo, lo intuitivo es importante, pero hay que entender y hay que formarse\u00bb, expuso.<\/p>\n\n\n\n<figure class=\"wp-block-image\"><img decoding=\"async\" src=\"https:\/\/lh7-rt.googleusercontent.com\/docsz\/AD_4nXer5RJB-gXECye-hsWIUURdsjRnEgE88fugujLZxwWiIvWbDQth8FWaZ9xIMWfVWupTM4GvcFxmFhnuIw8CCO2hijn6QGEJb-vfbUwE4QYXpMZukg8M5E_7W0sVBC9XVl4c7p6swesRD-pg0SWb8OL5OZisdNwEDOMskSqkDR9xMUIjlmOpXg4?key=KqljOBp-InNY51It6VI6fg\" alt=\"Texto\n\nDescripci\u00f3n generada autom\u00e1ticamente\"\/><\/figure>\n\n\n\n<p class=\"wp-block-paragraph\">Cuevas cont\u00f3 que el giro de tuerca en su carrera fue impulsado tras ser invitada por la jefa de Gobierno electa,&nbsp;Clara Brugada, a formar parte de su campa\u00f1a.<\/p>\n\n\n\n<p class=\"wp-block-paragraph\">\u201cPor eso me atrev\u00ed a dar esta vuelta de volante en mi trayectoria, primero me invit\u00f3 a ser parte de su campa\u00f1a, a coordinar la estrategia para la igualdad en la campa\u00f1a, \u00bfqu\u00e9 signific\u00f3 eso? Pues estar muy cerca de la construcci\u00f3n de lo que fue el programa de gobierno que present\u00f3 al inicio de la campa\u00f1a y con el cual inici\u00f3 su oferta pol\u00edtica para esta ciudad y luego acompa\u00f1ar todas las paradas de la campa\u00f1a, a lo largo y ancho de la ciudad para escuchar a la gente para o\u00edr las demandas de la de las mujeres\u201d, se\u00f1al\u00f3.<\/p>\n\n\n\n<p class=\"wp-block-paragraph\">En entrevista, la futura funcionaria lanz\u00f3 un llamado a las capitalinas para que exijan sus derechos.<\/p>\n\n\n\n<p class=\"wp-block-paragraph\">\u201c(Les dir\u00eda) que exijan pues para eso estamos (&#8230;) Ahora&nbsp;me toca estar del otro lado de lo que siempre hemos hecho y yo siempre he dicho que mientras lo hagamos mejor, m\u00e1s capacidad tenemos&nbsp;de que se hagan bien las cosas, o sea, vengo de la incidencia. Entonces que la gente afuera haga buena incidencia, tambi\u00e9n empuja hacia adentro\u201d, asegur\u00f3.<\/p>\n","protected":false},"excerpt":{"rendered":"<p>Daptnhe Cuevas llegar\u00e1 al cargo el 5 de octubre \/ Roberto Hern\u00e1ndez Lo intuitivo es importante, pero para incidir hay que saber, hay que formarse, hay que estudiar, resume&nbsp; 30 a\u00f1os de activismo Hacer de la Secretar\u00eda ralmente la rector\u00eda a todas las dependencias para que hagan su trabajo Miriam Dom\u00ednguez&nbsp; SemM\u00e9xico\/ El Sol de [&hellip;]<\/p>\n","protected":false},"author":3,"featured_media":86626,"comment_status":"open","ping_status":"open","sticky":false,"template":"","format":"standard","meta":{"_monsterinsights_skip_tracking":false,"footnotes":""},"categories":[694,903],"tags":[],"class_list":["post-86625","post","type-post","status-publish","format-standard","has-post-thumbnail","category-destacadas","category-presidenta-y-mas"],"_links":{"self":[{"href":"https:\/\/redsemlac.com\/semmexico\/wp-json\/wp\/v2\/posts\/86625","targetHints":{"allow":["GET"]}}],"collection":[{"href":"https:\/\/redsemlac.com\/semmexico\/wp-json\/wp\/v2\/posts"}],"about":[{"href":"https:\/\/redsemlac.com\/semmexico\/wp-json\/wp\/v2\/types\/post"}],"author":[{"embeddable":true,"href":"https:\/\/redsemlac.com\/semmexico\/wp-json\/wp\/v2\/users\/3"}],"replies":[{"embeddable":true,"href":"https:\/\/redsemlac.com\/semmexico\/wp-json\/wp\/v2\/comments?post=86625"}],"version-history":[{"count":0,"href":"https:\/\/redsemlac.com\/semmexico\/wp-json\/wp\/v2\/posts\/86625\/revisions"}],"wp:featuredmedia":[{"embeddable":true,"href":"https:\/\/redsemlac.com\/semmexico\/wp-json\/wp\/v2\/media\/86626"}],"wp:attachment":[{"href":"https:\/\/redsemlac.com\/semmexico\/wp-json\/wp\/v2\/media?parent=86625"}],"wp:term":[{"taxonomy":"category","embeddable":true,"href":"https:\/\/redsemlac.com\/semmexico\/wp-json\/wp\/v2\/categories?post=86625"},{"taxonomy":"post_tag","embeddable":true,"href":"https:\/\/redsemlac.com\/semmexico\/wp-json\/wp\/v2\/tags?post=86625"}],"curies":[{"name":"wp","href":"https:\/\/api.w.org\/{rel}","templated":true}]}}