{"id":86618,"date":"2024-09-04T09:23:58","date_gmt":"2024-09-04T15:23:58","guid":{"rendered":"https:\/\/redsemlac.com\/semmexico\/?p=86618"},"modified":"2024-09-04T09:24:00","modified_gmt":"2024-09-04T15:24:00","slug":"el-portal-una-serie-retrata-la-explotacion-sexual-de-migrantes-en-mexico-y-como-fueron-esclavizadas","status":"publish","type":"post","link":"https:\/\/redsemlac.com\/semmexico\/el-portal-una-serie-retrata-la-explotacion-sexual-de-migrantes-en-mexico-y-como-fueron-esclavizadas\/","title":{"rendered":"\u201cEl Portal\u201d, una serie retrata la explotaci\u00f3n sexual de migrantes en M\u00e9xico y c\u00f3mo fueron esclavizadas"},"content":{"rendered":"\n<p class=\"wp-block-paragraph\">Brenda es una de las cientos de mujeres que llegaron a M\u00e9xico&nbsp; atra\u00eddas por falsas ofertas de empleo como modelos y sin papeles de residencia<\/p>\n\n\n\n<p class=\"wp-block-paragraph\">Sus palabras evidencian doble discurso del gobierno de Andr\u00e9s Manuel L\u00f3pez Obrador<\/p>\n\n\n\n<p class=\"wp-block-paragraph\">Redacci\u00f3n<\/p>\n\n\n\n<p class=\"wp-block-paragraph\">SemM\u00e9xico, Cd. de M\u00e9xico, 4 de septiembre, 2024.- Brenda se preguntaba qui\u00e9n ser\u00eda la siguiente v\u00edctima tras una serie de asesinatos de migrantes reclutadas por una red de explotaci\u00f3n sexual en M\u00e9xico. Su testimonio y el de otras mujeres forman parte de un documental que se estrenar\u00e1 en Netflix esta semana.<\/p>\n\n\n\n<p class=\"wp-block-paragraph\">De nacionalidad argentina, Brenda es una de las cientos de mujeres que llegaron a M\u00e9xico en los \u00faltimos a\u00f1os, especialmente desde Sudam\u00e9rica, atra\u00eddas por falsas ofertas de empleo como modelos y sin papeles de residencia.<\/p>\n\n\n\n<p class=\"wp-block-paragraph\">Pero una vez en este pa\u00eds terminaban esclavizadas por una banda que les confiscaba los pasaportes y ofrec\u00eda sus servicios de \u201cscorts\u201d o acompa\u00f1antes en Ciudad de M\u00e9xico, a trav\u00e9s del sitio en internet Zona Divas, seg\u00fan los testimonios recabados para la docuserie \u201cEl Portal\u201d.<\/p>\n\n\n\n<p class=\"wp-block-paragraph\">El drama de estas mujeres se exacerb\u00f3 luego de que cuatro venezolanas y una argentina que aparec\u00edan en dicha plataforma fueran asesinadas entre febrero de 2017 y el mismo mes de 2018.<\/p>\n\n\n\n<p class=\"wp-block-paragraph\">Su tragedia, as\u00ed como la de sus familias y compa\u00f1eras est\u00e1 plasmada en la serie de cuatro cap\u00edtulos que Netflix estrenar\u00e1 globalmente el jueves en alianza con la productora mexicana Mezcla.<\/p>\n\n\n\n<p class=\"wp-block-paragraph\">\u201cQueremos que volteen a ver las historias de estas mujeres, qu\u00e9 las llev\u00f3 a esto. Todas vienen de unos entornos sumamente precarios (\u2026) y emigraron a M\u00e9xico en busca de un mejor futuro\u201d, dijo a la AFP Laura Woldenberg, productora ejecutiva.<\/p>\n\n\n\n<p class=\"wp-block-paragraph\">Woldenberg aclara que la serie no busca culpables, sino evitar que se repitan los abusos y generar una reflexi\u00f3n entre los usuarios de este tipo de servicios.<\/p>\n\n\n\n<p class=\"wp-block-paragraph\">Huyendo de la pobreza y la violencia, cientos de miles de migrantes atraviesan M\u00e9xico cada a\u00f1o para cruzar a Estados Unidos. Muchos permanecen temporalmente en territorio mexicano reuniendo fondos para costear el viaje, incluido el pago de \u201ccoyotes\u201d (traficantes).<\/p>\n\n\n\n<p class=\"wp-block-paragraph\"><strong><em>Doblemente vulnerables<\/em><\/strong><\/p>\n\n\n\n<p class=\"wp-block-paragraph\">Las directoras de la producci\u00f3n, Astrid Rondero y Fernanda Valadez, viajaron a Argentina, Venezuela y Estados Unidos para entrevistar a mujeres que escaparon de la red, as\u00ed como a familiares de las j\u00f3venes asesinadas.<\/p>\n\n\n\n<p class=\"wp-block-paragraph\">\u201cAl ser una minor\u00eda, a nadie le importa. Como que (dec\u00edan) \u2018\u00a1ah, muri\u00f3 otra chica!&#8217;\u201d, lamenta Brenda en el documental.<\/p>\n\n\n\n<p class=\"wp-block-paragraph\">Las v\u00edctimas de esta banda eran en su mayor\u00eda sudamericanas en situaci\u00f3n irregular, que viv\u00edan pr\u00e1cticamente secuestradas.&nbsp;<\/p>\n\n\n\n<p class=\"wp-block-paragraph\">\u201cLo que las hac\u00eda doblemente vulnerables como migrantes era adem\u00e1s el trabajo sexual. Y por supuesto, est\u00e1 la desconfianza hacia las autoridades mexicanas\u201d, se\u00f1ala Rondero.<\/p>\n\n\n\n<p class=\"wp-block-paragraph\">\u201cDespu\u00e9s de mucho esfuerzo, ellas lograron hacerse due\u00f1as de su cuerpo y de su propio trabajo para decir \u2018quiero seguir como trabajadora sexual o quiero alejarme\u2019. Ambos escenarios son posibles\u201d, apunta de su lado Valadez.<\/p>\n\n\n\n<p class=\"wp-block-paragraph\">Seg\u00fan medios locales, una veintena de personas han sido investigadas o detenidas por su relaci\u00f3n con Zona Divas, que estuvo activo entre 2001 y 2018.<\/p>\n\n\n\n<p class=\"wp-block-paragraph\">Ignacio Santoyo Cervantes, apodado \u201cEl Sony\u201d, fue detenido en 2007 acusado de lenocinio y operaciones con recursos il\u00edcitos.<\/p>\n\n\n\n<p class=\"wp-block-paragraph\">Pero fue liberado por falta de pruebas y, seg\u00fan la prensa y organizaciones civiles, se encontrar\u00eda en Cuba.<\/p>\n\n\n\n<p class=\"wp-block-paragraph\">De acuerdo con esas mismas versiones, la red estar\u00eda ligada con grupos criminales que controlan el tr\u00e1fico de drogas en Ciudad de M\u00e9xico.<\/p>\n\n\n\n<p class=\"wp-block-paragraph\">Seg\u00fan el m\u00e1s reciente informe de la ONU sobre trata de personas, en 2019 cerca de 1 de cada 100.000 personas en el mundo era v\u00edctima de este delito y m\u00e1s de la mitad de ellas de explotaci\u00f3n sexual, aunque la tendencia disminuy\u00f3 con la pandemia.<\/p>\n\n\n\n<p class=\"wp-block-paragraph\">En Am\u00e9rica del Norte, de acuerdo con este documento divulgado en 2023, el 64% de las v\u00edctimas de tr\u00e1fico sexual son mujeres y el 27% ni\u00f1as.<\/p>\n","protected":false},"excerpt":{"rendered":"<p>Brenda es una de las cientos de mujeres que llegaron a M\u00e9xico&nbsp; atra\u00eddas por falsas ofertas de empleo como modelos y sin papeles de residencia Sus palabras evidencian doble discurso del gobierno de Andr\u00e9s Manuel L\u00f3pez Obrador Redacci\u00f3n SemM\u00e9xico, Cd. de M\u00e9xico, 4 de septiembre, 2024.- Brenda se preguntaba qui\u00e9n ser\u00eda la siguiente v\u00edctima tras [&hellip;]<\/p>\n","protected":false},"author":3,"featured_media":86619,"comment_status":"open","ping_status":"open","sticky":false,"template":"","format":"standard","meta":{"_monsterinsights_skip_tracking":false,"footnotes":""},"categories":[48],"tags":[],"class_list":["post-86618","post","type-post","status-publish","format-standard","has-post-thumbnail","category-no-mas-impunidad-no-mas-impunidad"],"_links":{"self":[{"href":"https:\/\/redsemlac.com\/semmexico\/wp-json\/wp\/v2\/posts\/86618","targetHints":{"allow":["GET"]}}],"collection":[{"href":"https:\/\/redsemlac.com\/semmexico\/wp-json\/wp\/v2\/posts"}],"about":[{"href":"https:\/\/redsemlac.com\/semmexico\/wp-json\/wp\/v2\/types\/post"}],"author":[{"embeddable":true,"href":"https:\/\/redsemlac.com\/semmexico\/wp-json\/wp\/v2\/users\/3"}],"replies":[{"embeddable":true,"href":"https:\/\/redsemlac.com\/semmexico\/wp-json\/wp\/v2\/comments?post=86618"}],"version-history":[{"count":0,"href":"https:\/\/redsemlac.com\/semmexico\/wp-json\/wp\/v2\/posts\/86618\/revisions"}],"wp:featuredmedia":[{"embeddable":true,"href":"https:\/\/redsemlac.com\/semmexico\/wp-json\/wp\/v2\/media\/86619"}],"wp:attachment":[{"href":"https:\/\/redsemlac.com\/semmexico\/wp-json\/wp\/v2\/media?parent=86618"}],"wp:term":[{"taxonomy":"category","embeddable":true,"href":"https:\/\/redsemlac.com\/semmexico\/wp-json\/wp\/v2\/categories?post=86618"},{"taxonomy":"post_tag","embeddable":true,"href":"https:\/\/redsemlac.com\/semmexico\/wp-json\/wp\/v2\/tags?post=86618"}],"curies":[{"name":"wp","href":"https:\/\/api.w.org\/{rel}","templated":true}]}}