{"id":8648,"date":"2019-06-16T01:50:04","date_gmt":"2019-06-16T01:50:04","guid":{"rendered":"https:\/\/redsemlac.com\/semmexico\/?p=8648"},"modified":"2023-07-21T14:49:13","modified_gmt":"2023-07-21T19:49:13","slug":"michoacan-pionero-en-observatorio-de-medios-en-materia-de-perspectiva-de-genero-y-derechos-humanos","status":"publish","type":"post","link":"https:\/\/redsemlac.com\/semmexico\/michoacan-pionero-en-observatorio-de-medios-en-materia-de-perspectiva-de-genero-y-derechos-humanos\/","title":{"rendered":"Michoac\u00e1n, pionero en Observatorio de Medios en materia de perspectiva de g\u00e9nero y derechos humanos"},"content":{"rendered":"\n<p class=\"wp-block-paragraph\"><strong><em>Reconoce Conavim que el Gobierno Estatal trate como un tema de Estado, la prevenci\u00f3n y atenci\u00f3n de la violencia de g\u00e9nero.<\/em><\/strong><\/p>\n\n\n\n<p class=\"wp-block-paragraph\">Redacci\u00f3n<\/p>\n\n\n\n<p class=\"wp-block-paragraph\">SemM\u00e9xico. Morelia, Michoac\u00e1n. 11 de junio 2019.- Este d\u00eda Michoac\u00e1n se convirti\u00f3 en pionero nacional con la instalaci\u00f3n del Consejo Consultivo del Observatorio de Medios de Comunicaci\u00f3n en Materia de Perspectiva de G\u00e9nero y Derechos Humanos, el cual coadyuvar\u00e1 a consolidar una sociedad m\u00e1s igualitaria y justa.<br> \u201cEstamos trabajando de manera conjunta Estado y municipios en acelerar el paso, verificar, auditar lo que estamos haciendo y lograr una sociedad m\u00e1s inclusiva, m\u00e1s respetuosa de los derechos humanos y de las mujeres\u201d, apunt\u00f3 el Gobernador del Estado, Silvano Aureoles Conejo quien tom\u00f3 protesta a quienes integran el Consejo Consultivo del citado Observatorio.<\/p>\n\n\n\n<p class=\"wp-block-paragraph\"><br> En lo que fue la D\u00e9cima Sesi\u00f3n Ordinaria del Sistema Estatal para Prevenir, Atender, Sancionar y Erradicar la Violencia contra las Mujeres por Violencia de G\u00e9nero, el titular del Ejecutivo record\u00f3 que, desde el comienzo de su gobierno en 2015, se ha puesto atenci\u00f3n especial al tema de la violencia contra las mujeres.<br> Refiri\u00f3 que la AVGM m\u00e1s all\u00e1 de un golpe pol\u00edtico, se vio como una oportunidad de atender un tema tan importante como es erradicar la violencia por razones de g\u00e9nero hacia las mujeres, y junto con los presidentes municipales, se han atendido las recomendaciones giradas en la materia por un grupo de especialistas, ciudadanas y ciudadanos. <\/p>\n\n\n\n<p class=\"wp-block-paragraph\"><br> Al respecto, Nadia Sierra Campos, directora general adjunta de Asuntos Jur\u00eddicos de la Comisi\u00f3n Nacional de Atenci\u00f3n a V\u00edctimas (Conavim), felicit\u00f3 al Gobernador Aureoles por estar presente en estas sesiones y por tratar a la violencia contra las mujeres como un tema de Estado, lo que sin duda, dijo, permitir\u00e1 avanzar en la prevenci\u00f3n y erradicaci\u00f3n de este fen\u00f3meno.<\/p>\n\n\n\n<p class=\"wp-block-paragraph\"><br> Por su parte, Julieta L\u00f3pez Bautista, coordinadora de Comunicaci\u00f3n Social del gobierno estatal, reconoci\u00f3 que la conformaci\u00f3n del Observatorio fue posible, gracias al valioso apoyo de la periodista Sara Lovera L\u00f3pez, directora de la Agencia Sem M\u00e9xico y representante de SemLac.<\/p>\n\n\n\n<p class=\"wp-block-paragraph\">SEM\/IL<\/p>\n","protected":false},"excerpt":{"rendered":"<p>Reconoce Conavim que el Gobierno Estatal trate como un tema de Estado, la prevenci\u00f3n y atenci\u00f3n de la violencia de g\u00e9nero.<\/p>\n","protected":false},"author":3,"featured_media":8649,"comment_status":"open","ping_status":"open","sticky":false,"template":"","format":"standard","meta":{"_monsterinsights_skip_tracking":false,"footnotes":""},"categories":[690,51],"tags":[],"class_list":["post-8648","post","type-post","status-publish","format-standard","has-post-thumbnail","category-690","category-ejecutivo"],"_links":{"self":[{"href":"https:\/\/redsemlac.com\/semmexico\/wp-json\/wp\/v2\/posts\/8648","targetHints":{"allow":["GET"]}}],"collection":[{"href":"https:\/\/redsemlac.com\/semmexico\/wp-json\/wp\/v2\/posts"}],"about":[{"href":"https:\/\/redsemlac.com\/semmexico\/wp-json\/wp\/v2\/types\/post"}],"author":[{"embeddable":true,"href":"https:\/\/redsemlac.com\/semmexico\/wp-json\/wp\/v2\/users\/3"}],"replies":[{"embeddable":true,"href":"https:\/\/redsemlac.com\/semmexico\/wp-json\/wp\/v2\/comments?post=8648"}],"version-history":[{"count":0,"href":"https:\/\/redsemlac.com\/semmexico\/wp-json\/wp\/v2\/posts\/8648\/revisions"}],"wp:featuredmedia":[{"embeddable":true,"href":"https:\/\/redsemlac.com\/semmexico\/wp-json\/wp\/v2\/media\/8649"}],"wp:attachment":[{"href":"https:\/\/redsemlac.com\/semmexico\/wp-json\/wp\/v2\/media?parent=8648"}],"wp:term":[{"taxonomy":"category","embeddable":true,"href":"https:\/\/redsemlac.com\/semmexico\/wp-json\/wp\/v2\/categories?post=8648"},{"taxonomy":"post_tag","embeddable":true,"href":"https:\/\/redsemlac.com\/semmexico\/wp-json\/wp\/v2\/tags?post=8648"}],"curies":[{"name":"wp","href":"https:\/\/api.w.org\/{rel}","templated":true}]}}