{"id":86467,"date":"2024-09-01T16:11:10","date_gmt":"2024-09-01T22:11:10","guid":{"rendered":"https:\/\/redsemlac.com\/semmexico\/?p=86467"},"modified":"2024-09-01T16:12:13","modified_gmt":"2024-09-01T22:12:13","slug":"al-final-del-sexenio-el-gobierno-mexicano-reconoce-ante-cepal-que-no-hizo-acciones-contundentes-en-favor-de-las-mujeres","status":"publish","type":"post","link":"https:\/\/redsemlac.com\/semmexico\/al-final-del-sexenio-el-gobierno-mexicano-reconoce-ante-cepal-que-no-hizo-acciones-contundentes-en-favor-de-las-mujeres\/","title":{"rendered":"Al final del sexenio el Gobierno Mexicano reconoce ante CEPAL que\u00a0 no hizo acciones contundentes en favor de las mujeres"},"content":{"rendered":"\n<p class=\"wp-block-paragraph\">Balances de las feministas: no se logr\u00f3 continuar una pol\u00edtica de g\u00e9nero y s\u00f3lo invirti\u00f3 0.3 por ciento en pol\u00edticas de g\u00e9nero<\/p>\n\n\n\n<p class=\"wp-block-paragraph\">Deja a la pr\u00f3xima administraci\u00f3n recomendaciones y acciones, a ver si lo logra<\/p>\n\n\n\n<p class=\"wp-block-paragraph\">Sara Lovera<\/p>\n\n\n\n<p class=\"wp-block-paragraph\">Al concluir el gobierno de Andr\u00e9s Manuel L\u00f3pez Obrador las organizaciones feministas concluyeron&nbsp; que &nbsp;a la pol\u00edtica de g\u00e9nero en estos seis a\u00f1os&nbsp; que concluir\u00e1n en 29 d\u00edas, el gobierno federal s\u00f3lo destin\u00f3&nbsp; el 0.3 por ciento del presupuesto a la pol\u00edtica de g\u00e9nero.<\/p>\n\n\n\n<p class=\"wp-block-paragraph\">La&nbsp; conclusi\u00f3n&nbsp;&nbsp;&nbsp; es que&nbsp; adem\u00e1s esta administraci\u00f3n viol\u00f3 la ley, los acuerdos nacionales e internacionales &nbsp;no s\u00f3lo al desviar cuantiosos recursos que se hab\u00edan destinado a la pol\u00edtica de g\u00e9nero, sino que al no cumplir con el anexo 13 del Presupuesto Federal, desvi\u00f3 &nbsp;a&nbsp; las instancias de atenci\u00f3n a la violencia contra las mujeres, que hoy trabajan sin autonom\u00eda y sin competencias jur\u00eddicas para resolver los casos.<\/p>\n\n\n\n<p class=\"wp-block-paragraph\">En tanto al presentar en&nbsp; junio pasado el &nbsp;<strong><em>Examen exhaustivo a nivel nacional del Gobierno de M\u00e9xico sustento de la XVI Conferencia Regional sobre la Mujer de Am\u00e9rica Latina y el Caribe<\/em><\/strong> &nbsp;que se celebrar\u00e1 en M\u00e9xico en 2025, un informe de cumplimiento de Plataforma de Acci\u00f3n de Beijing&nbsp; en preparaci\u00f3n&nbsp; del 30&nbsp; aniversario de la Cuarta Conferencia Mundial sobre la Mujer y la aprobaci\u00f3n de la Declaraci\u00f3n y Plataforma de Acci\u00f3n de Beijing (Beijing, 1995) en &nbsp;Am\u00e9rica Latina y el Caribe, &nbsp;el gobierno de la Rep\u00fablica&nbsp; reconoce que no consigui\u00f3 avanzar en la disminuci\u00f3n de las brechas en temas sustantivos como el trabajo de las mujeres y la violencia.<\/p>\n\n\n\n<p class=\"wp-block-paragraph\">Se\u00f1ala en el informe, concluido en junio pasado que hay necesidad de seguir fortaleciendo los mecanismos de coordinaci\u00f3n &nbsp;interinstitucional para generar sinergias entre los tres niveles y los tres poderes de gobierno, y as\u00ed &nbsp;brindar soluciones integrales para garantizar el bienestar de las mujeres y las ni\u00f1as.<\/p>\n\n\n\n<p class=\"wp-block-paragraph\">Y no obstante que desde 2019, como se\u00f1ala el Frente Feminista Nacional, desautoriz\u00f3 a los grupos civiles, asegura en el informe a Cepal que consult\u00f3 a&nbsp; esas organizaciones&nbsp; y a la academia y fortaleci\u00f3 mecanismos peri\u00f3dicos de di\u00e1logo. Reconoce que al final del sexenio debe incorporar sus voces y perspectivas en distintos espacios, para &nbsp;respaldar&nbsp; institucionalmente el trabajo que realizan como entidades defensoras y activistas por los derechos &nbsp;humanos de las mujeres y las ni\u00f1as desde diversos contextos y particularidades en el pa\u00eds. &nbsp;<\/p>\n\n\n\n<p class=\"wp-block-paragraph\">Pero las feministas afirma que respecto de&nbsp; las&nbsp; Alertas de Violencia de G\u00e9nero contra las Mujeres AVGM, m\u00e1s de 24&nbsp; decretadas, no cuentan con presupuestos suficientes y tampoco existe un sistema de evaluaci\u00f3n y seguimiento que permita valorar el impacto y alcances<\/p>\n\n\n\n<p class=\"wp-block-paragraph\">Sobre las&nbsp; Pol\u00edticas P\u00fablicas y el &nbsp; Presupuesto para la igualdad,&nbsp; afirman que marco normativo internacional y nacional en materia de derechos humanos de las mujeres, establecen la obligaci\u00f3n del Estado mexicano y sus instituciones de promover la igualdad entre mujeres y hombres, lo que ha quedado en papel.<\/p>\n\n\n\n<p class=\"wp-block-paragraph\">Respecto de garantizar una vida libre de violencias, no discriminaci\u00f3n para las mujeres, los datos de instituciones como INEGI, CONAPO, Secretar\u00eda de Salud, muestran que las brechas de &nbsp;desigualdad entre mujeres y hombres son muy significativas, por lo&nbsp;&nbsp; que urge fortalecerlas, &nbsp;porque se dejaron pendientes.<\/p>\n\n\n\n<p class=\"wp-block-paragraph\">S\u00f3lo un ejemplo: Afirman que el presupuesto etiquetado en el Anexo 13, sobre&nbsp; Erogaciones para la igualdad entre mujeres y hombres -conquista feminista-, ha perdido sus objetivos originales, incluyendo programas asistenciales de transferencias econ\u00f3micas como las Pensiones para el Bienestar de personas adultas mayores, creando dependencia y&nbsp; no contribuyen a disminuir las desigualdades de g\u00e9nero, ni fueron &nbsp;transparentes.&nbsp;<\/p>\n\n\n\n<p class=\"wp-block-paragraph\">Por ejemplo se simula, dicen que se increment\u00f3 hasta 10&nbsp; veces, pero en realidad se us\u00f3 en estos a\u00f1os para otros fines. Por ejemplo, en 2018 el total de recursos fue $47,918,431,176 y en 2024 se increment\u00f3 10 veces m\u00e1s para un total de $419,434,147,380.&nbsp; Pero de los m\u00e1s de&nbsp; 100 programas que se incluyen en el anexo, el programa de Pensiones para personas mayores representa 61.5% de los recursos, mientras que el Programa Integral para Prevenir, Atender, Sancionar y Erradicar la Violencia contra las Mujeres (PIPASEV), adjudicado a&nbsp; la Secretar\u00eda de Gobernaci\u00f3n, apenas se le asignaron $1,194 millones de pesos, representa 0.3% 6 Presupuesto de Egresos de la Federaci\u00f3n.<\/p>\n\n\n\n<p class=\"wp-block-paragraph\">Eso significa que no hubo recursos para disminuir la violencia. Lo mismo el presupuesto de las Entidades no sectorizadas, en donde se ubica el INMUJERES tiene asignado en 2024 un monto de $1,157 millones de pesos, 0.3% del total. Ello deja en claro que la prevenci\u00f3n de la violencia contra las ni\u00f1as y las mujeres y la igualdad no llegan al 1% por lo que no son asuntos prioritarios para el gobierno.<\/p>\n\n\n\n<p class=\"wp-block-paragraph\">Mayor informaci\u00f3n:https:\/\/redsemlac.com\/semmexico\/palabra-de-antigona-embarazos-tempranos-un-reto\/<\/p>\n\n\n\n<p class=\"wp-block-paragraph\"><strong><em>Recomienda a la presidenta electa trabajar con la sociedad civil<\/em><\/strong><\/p>\n\n\n\n<p class=\"wp-block-paragraph\">En sus conclusiones del informe el Estado mexicano en relaci\u00f3n con las esferas de &nbsp;especial preocupaci\u00f3n de la Plataforma de Acci\u00f3n de Beijing,&nbsp; se\u00f1ala que &nbsp;la coordinaci\u00f3n interinstitucional y la participaci\u00f3n de las organizaciones de la sociedad civil y academia son &nbsp;claves para contar con una mirada integral sobre la situaci\u00f3n actual de la igualdad de g\u00e9nero en el pa\u00eds.<\/p>\n\n\n\n<p class=\"wp-block-paragraph\">Y dice que intent\u00f3 , la participaci\u00f3n coordinada de las entidades y dependencias del gobierno federal y estatal &nbsp;fueron vitales para contar con informaci\u00f3n que permitiera dar respuesta oportuna a cada uno de los &nbsp;reactivos del presente informe.<\/p>\n\n\n\n<p class=\"wp-block-paragraph\">Informa sobre el papel decisivo de la Comisi\u00f3n de Seguimiento de las &nbsp;Observaciones del Comit\u00e9 para la Eliminaci\u00f3n de la Discriminaci\u00f3n contra la Mujer (Comisi\u00f3n CEDAW), &nbsp;seno de la organizaci\u00f3n para la elaboraci\u00f3n de este informe, como una buena pr\u00e1ctica de transversalizaci\u00f3n de la perspectiva de g\u00e9nero que permiti\u00f3 corroborar que la coordinaci\u00f3n interinstitucional es fundamental para un gobierno federal como lo es M\u00e9xico.<\/p>\n\n\n\n<p class=\"wp-block-paragraph\">Por otra parte, la participaci\u00f3n de las organizaciones de la sociedad civil en diferentes espacios a lo largo del proceso de &nbsp;elaboraci\u00f3n del informe contribuy\u00f3 a identificar los retos en los cuales el Estado mexicano deber\u00e1 seguir &nbsp;trabajando.<\/p>\n\n\n\n<p class=\"wp-block-paragraph\">Recomendamos: https:\/\/redsemlac.com\/semmexico\/palabra-de-antigona-el-desafio\/<\/p>\n\n\n\n<p class=\"wp-block-paragraph\">El gobierno de M\u00e9xico en conjunto con las organizaciones de la sociedad civil, llevaron a cabo un balance de los progresos sustantivos que puso en evidencia las &nbsp;dificultades de desmantelar las estructuras de desigualdad y de cerrar las brechas persistentes que retrasan o frenan el desarrollo de las mujeres, adolescentes y ni\u00f1as, sobre todo aquellas situadas en poblaciones que enfrentan barreras particulares en funci\u00f3n de su contexto.<\/p>\n\n\n\n<p class=\"wp-block-paragraph\">Las principales dificultades encontradas para alcanzar la igualdad de g\u00e9nero y el empoderamiento de todas las mujeres y ni\u00f1as, y que deber\u00e1n ser atendidas por el Estado mexicano en los pr\u00f3ximos a\u00f1os, giran en torno a las brechas y dificultades persistentes para la territorializaci\u00f3n de las pol\u00edticas p\u00fablicas, acciones y programas que se emiten desde el Gobierno Federal, que a\u00fan presentan barreras de acceso para las mujeres y ni\u00f1as en situaci\u00f3n de vulnerabilidad en los territorios.<\/p>\n\n\n\n<p class=\"wp-block-paragraph\">&nbsp;Por lo anterior, es necesario continuar las acciones a nivel local desde una mirada interseccional e intercultural para garantizar el acceso a un verdadero desarrollo inclusivo que no deje a nadie atr\u00e1s ni a nadie afuera.<\/p>\n\n\n\n<p class=\"wp-block-paragraph\">Puedes ver: https:\/\/redsemlac.com\/semmexico\/palabra-de-antigona-mayo-madres-maestras-enfermeras\/<\/p>\n\n\n\n<p class=\"wp-block-paragraph\">En este sentido, es necesario continuar y fortalecer acciones contundentes como la estrategia integral &nbsp;para el acceso de las mujeres rurales, ind\u00edgenas y afromexicanas a la tierra, al territorio y al reconocimiento de sus derechos agrarios; la estrategia de Redes Mujeres Constructoras de Paz (MUCPAZ) y la Red Iberoamericana de Mujeres Mediadoras.<\/p>\n\n\n\n<p class=\"wp-block-paragraph\">Reconoce que&nbsp; es necesaria &nbsp;la consolidaci\u00f3n del Sistema Nacional de &nbsp;Cuidados sostenible, corresponsable, universal y con pertinencia cultural; as\u00ed como los presupuestos con perspectiva de g\u00e9nero y el gasto etiquetado para acciones en pro de la igualdad sustantiva, &nbsp;acompa\u00f1ado del monitoreo e indicadores id\u00f3neos para su seguimiento.<\/p>\n\n\n\n<p class=\"wp-block-paragraph\">Admite que &nbsp;deben redoblarse los esfuerzos iniciados para acelerar la implementaci\u00f3n de la Plataforma de Acci\u00f3n de Beijing y la Agenda 2030, relacionados con promover una mayor participaci\u00f3n de las mujeres en el \u00e1mbito laboral que permita el acceso pleno a la seguridad social; continuar con los esfuerzos indispensables en materia de prevenci\u00f3n, atenci\u00f3n, sanci\u00f3n y erradicaci\u00f3n de la violencia de &nbsp;g\u00e9nero, el fortalecimiento del sistema de acceso a la justicia y el cambio cultural; cerrar la brecha digital &nbsp;de g\u00e9nero y abordar los estereotipos de g\u00e9nero en los medios de comunicaci\u00f3n.<\/p>\n\n\n\n<p class=\"wp-block-paragraph\">Tambi\u00e9n informa que falt\u00f3 &nbsp;fortalecer el derecho &nbsp;a la salud de mujeres, adolescentes y ni\u00f1as con perspectiva intercultural e interseccional, favoreciendo &nbsp;el acceso a la salud sexual y reproductiva, la prevenci\u00f3n de las uniones tempranas y del embarazo adolescente; as\u00ed como seguir realizando acciones para fortalecer el Mecanismo para el Avance de las Mujeres, tanto a nivel federal, estatal y municipal.<\/p>\n\n\n\n<p class=\"wp-block-paragraph\"><strong><em>Sus compromisos con Beijing<\/em><\/strong><\/p>\n\n\n\n<p class=\"wp-block-paragraph\">En seguimiento a la implementaci\u00f3n de la Plataforma de Acci\u00f3n de Beijing, se destaca el compromiso de M\u00e9xico para actuar desde una Pol\u00edtica Exterior Feminista de Estado, que no s\u00f3lo refuerza la adhesi\u00f3n a los m\u00e1s altos est\u00e1ndares de derechos humanos, sino que implica incorporar la perspectiva &nbsp;de g\u00e9nero en su actuar internacional. Su adopci\u00f3n es un catalizador a la implementaci\u00f3n nacional de instrumentos como la Agenda 2030, la Agenda Regional de G\u00e9nero y procesos nuevos como la Cumbre &nbsp;del Futuro.<\/p>\n\n\n\n<p class=\"wp-block-paragraph\">Considera &nbsp;de suma relevancia ya que M\u00e9xico haber sido &nbsp;sede de la Tercera Conferencia Internacional de Pol\u00edticas Exteriores Feministas en 2024 cuyo compromiso &nbsp;principal fue el abordaje el Pacto del Futuro y de la XVI Conferencia Regional sobre la Mujer de Am\u00e9rica Latina y el Caribe en 2025, que tendr\u00e1 como tema el impulso de la sociedad del cuidado y la igualdad de g\u00e9nero.<\/p>\n\n\n\n<p class=\"wp-block-paragraph\">Con la presentaci\u00f3n de este Examen Nacional, el Estado mexicano refrenda su compromiso con poner en el centro de la pol\u00edtica de Estado la agenda de la igualdad de g\u00e9nero y continuar trabajando a favor de las mujeres, las adolescentes y las ni\u00f1as en toda su diversidad, con el fin de alcanzar sociedades m\u00e1s justas y sostenibles que no dejen a nadie atr\u00e1s ni a nadie afuera.<\/p>\n","protected":false},"excerpt":{"rendered":"<p>Balances de las feministas: no se logr\u00f3 continuar una pol\u00edtica de g\u00e9nero y s\u00f3lo invirti\u00f3 0.3 por ciento en pol\u00edticas de g\u00e9nero Deja a la pr\u00f3xima administraci\u00f3n recomendaciones y acciones, a ver si lo logra Sara Lovera Al concluir el gobierno de Andr\u00e9s Manuel L\u00f3pez Obrador las organizaciones feministas concluyeron&nbsp; que &nbsp;a la pol\u00edtica de [&hellip;]<\/p>\n","protected":false},"author":3,"featured_media":86468,"comment_status":"open","ping_status":"open","sticky":false,"template":"","format":"standard","meta":{"_monsterinsights_skip_tracking":false,"footnotes":""},"categories":[694,63],"tags":[],"class_list":["post-86467","post","type-post","status-publish","format-standard","has-post-thumbnail","category-destacadas","category-reportajes"],"_links":{"self":[{"href":"https:\/\/redsemlac.com\/semmexico\/wp-json\/wp\/v2\/posts\/86467","targetHints":{"allow":["GET"]}}],"collection":[{"href":"https:\/\/redsemlac.com\/semmexico\/wp-json\/wp\/v2\/posts"}],"about":[{"href":"https:\/\/redsemlac.com\/semmexico\/wp-json\/wp\/v2\/types\/post"}],"author":[{"embeddable":true,"href":"https:\/\/redsemlac.com\/semmexico\/wp-json\/wp\/v2\/users\/3"}],"replies":[{"embeddable":true,"href":"https:\/\/redsemlac.com\/semmexico\/wp-json\/wp\/v2\/comments?post=86467"}],"version-history":[{"count":0,"href":"https:\/\/redsemlac.com\/semmexico\/wp-json\/wp\/v2\/posts\/86467\/revisions"}],"wp:featuredmedia":[{"embeddable":true,"href":"https:\/\/redsemlac.com\/semmexico\/wp-json\/wp\/v2\/media\/86468"}],"wp:attachment":[{"href":"https:\/\/redsemlac.com\/semmexico\/wp-json\/wp\/v2\/media?parent=86467"}],"wp:term":[{"taxonomy":"category","embeddable":true,"href":"https:\/\/redsemlac.com\/semmexico\/wp-json\/wp\/v2\/categories?post=86467"},{"taxonomy":"post_tag","embeddable":true,"href":"https:\/\/redsemlac.com\/semmexico\/wp-json\/wp\/v2\/tags?post=86467"}],"curies":[{"name":"wp","href":"https:\/\/api.w.org\/{rel}","templated":true}]}}