{"id":86461,"date":"2024-09-01T16:09:04","date_gmt":"2024-09-01T22:09:04","guid":{"rendered":"https:\/\/redsemlac.com\/semmexico\/?p=86461"},"modified":"2024-09-01T16:09:05","modified_gmt":"2024-09-01T22:09:05","slug":"resuelve-en-cdoax-violacion-al-derecho-a-la-identidad-de-infantes","status":"publish","type":"post","link":"https:\/\/redsemlac.com\/semmexico\/resuelve-en-cdoax-violacion-al-derecho-a-la-identidad-de-infantes\/","title":{"rendered":"Resuelve en CDOAX violaci\u00f3n al derecho a la identidad de infantes"},"content":{"rendered":"\n<ul class=\"wp-block-list\">\n<li>Hab\u00eda negado extender constancia a ni\u00f1eces cuyas madres se atend\u00edan con parteras tradicionales<\/li>\n\n\n\n<li>Siguen instituciones estigmatizando las costumbres ind\u00edgenas en materia de salud<\/li>\n<\/ul>\n\n\n\n<p class=\"wp-block-paragraph\">Soledad Jarqu\u00edn Edgar<\/p>\n\n\n\n<p class=\"wp-block-paragraph\">SemM\u00e9xico, Oaxaca, 1 de septiembre 2024.- Parteras tradicionales reconocieron la intervenci\u00f3n de las autoridades municipales de esta ciudad para hacer posible el cumplimiento al derecho a la identidad de infantes que nacen cuando sus madres son atendidas por las parteras tradicionales.<\/p>\n\n\n\n<p class=\"wp-block-paragraph\">Se\u00f1alaron que con esta acci\u00f3n se crea un precedente al desestigmatizar el ejercicio de la parter\u00eda tradicional en uno de los municipios m\u00e1s grandes del estado de Oaxaca y la capital pluricultural, por la presencia de diversos grupos \u00e9tnicos, que a\u00fan conservan sus medicinas tradicionales, pese a la existencia del modelo de atenci\u00f3n m\u00e9dico, institucional y privado, porque de esta manera se privilegia el derecho a decidir de las mujeres sobre c\u00f3mo y con quien parir.<\/p>\n\n\n\n<p class=\"wp-block-paragraph\">Silvia Hern\u00e1ndez Salinas, partera tradicional explic\u00f3 a SemM\u00e9xico que finalmente se dictamin\u00f3 por parte del Cabildo de Oaxaca para evitar que les nieguen la expedici\u00f3n de la constancia municipal a las familias de infantes que nacen mediante la atenci\u00f3n de la parter\u00eda tradicional, como ven\u00eda sucediendo a pesar de estar establecido en el C\u00f3digo Civil, reformado en 2020.<\/p>\n\n\n\n<p class=\"wp-block-paragraph\">La partera tradicional se\u00f1al\u00f3 que el fondo del problema radica en la pretensi\u00f3n de la medicina institucional de pretender \u201ctutelar\u201d a la medicina tradicional desconociendo su origen ancestral, mientras que, por otro lado, los pueblos ind\u00edgenas son llevados por sus tradiciones al folclorismo, disfrazados de pol\u00edticas p\u00fablicas.<\/p>\n\n\n\n<p class=\"wp-block-paragraph\">La postura de institucionalizar la parter\u00eda, aparentemente ha reducido el n\u00famero de partos atendidos en las comunidades, pero explic\u00f3 lo que ha sucedido es que muchas de \u201clas abuelitas parteras\u201d si se han retirado porque son muchas las exigencias, como \u201cla capacitaci\u00f3n\u201d, en el fondo se trata de \u201ctutelar la medicina tradicional y la parter\u00eda\u201d.<\/p>\n\n\n\n<p class=\"wp-block-paragraph\">A nosotras, de acuerdo con la reforma local al C\u00f3digo Civil de 2020 se\u00f1ala que la Secretar\u00eda de Salud debe otorgarnos papeletas para indicar los datos del infante que naci\u00f3 mediante esta atenci\u00f3n ancestral, despu\u00e9s las familias deben acudir ante las autoridades municipales para que \u201cvaliden\u201d el documento, mediante la expedici\u00f3n de una constancia de nacimiento\u201d y posteriormente acudir al Registro Civil a registrar a la o el menor.<\/p>\n\n\n\n<p class=\"wp-block-paragraph\">En los \u00faltimos meses, la autoridad municipal hab\u00eda negado a extender la constancia de nacimiento, \u201calegando que no les tocaba, lo cual es verdaderamente estigmatizante\u201d por lo que planteamos el problema a las autoridades, \u201cpor fortuna hubo sensibilidad de parte de la regidora Igualdad de G\u00e9nero y la titular del Instituto Municipal de las Mujeres, Deyanira Altamirano y Brenda Elizabeth Dom\u00ednguez Enciso, respectivamente, quienes hicieron el planteamiento de las parteras tradicionales y casas de parter\u00eda para que se cumpla con lo establecido en la reforma del 2020.<\/p>\n\n\n\n<p class=\"wp-block-paragraph\">En realidad, dice, las autoridades violentan no s\u00f3lo el derecho de las mujeres a decidir c\u00f3mo y con quien atender su parte, tambi\u00e9n desconocen la parter\u00eda tradicional y violan el derecho a la identidad de las infancias.<\/p>\n\n\n\n<p class=\"wp-block-paragraph\">En un comunicado de prensa, difundido el pasado viernes, luego de la aprobaci\u00f3n en la sesi\u00f3n de Cabildo del reconocimiento de la autoridad municipal para extender la constancia de nacimiento, se hace menci\u00f3n que la Ciudad de Oaxaca, como el centro neur\u00e1lgico de la entidad, es pluricultural, por la presencia de diversos grupos \u00e9tnicos, que a\u00fan conservan sus medicinas tradicionales.<\/p>\n\n\n\n<p class=\"wp-block-paragraph\">Por ello, sostienen que este reconocimiento de las autoridades es tambi\u00e9n un reconocimiento a los saberes ancestrales de la parter\u00eda tradicional, como un sistema propio de sabidur\u00eda y pr\u00e1ctica, que ha querido ser desaparecido y controlado por las instituciones que quieren tutelar y someter dichos saberes mediante la inclusi\u00f3n al sistema m\u00e9dico de los Servicios de Salud en el Estado, camino que no ha sido f\u00e1cil, por los tr\u00e1mites burocr\u00e1ticos institucionales de los diversos gobiernos.<\/p>\n\n\n\n<p class=\"wp-block-paragraph\">SEM\/sj<\/p>\n\n\n\n<p class=\"wp-block-paragraph\"><\/p>\n","protected":false},"excerpt":{"rendered":"<p>Soledad Jarqu\u00edn Edgar SemM\u00e9xico, Oaxaca, 1 de septiembre 2024.- Parteras tradicionales reconocieron la intervenci\u00f3n de las autoridades municipales de esta ciudad para hacer posible el cumplimiento al derecho a la identidad de infantes que nacen cuando sus madres son atendidas por las parteras tradicionales. Se\u00f1alaron que con esta acci\u00f3n se crea un precedente al desestigmatizar [&hellip;]<\/p>\n","protected":false},"author":3,"featured_media":86465,"comment_status":"open","ping_status":"open","sticky":false,"template":"","format":"standard","meta":{"_monsterinsights_skip_tracking":false,"footnotes":""},"categories":[63],"tags":[],"class_list":["post-86461","post","type-post","status-publish","format-standard","has-post-thumbnail","category-reportajes"],"_links":{"self":[{"href":"https:\/\/redsemlac.com\/semmexico\/wp-json\/wp\/v2\/posts\/86461","targetHints":{"allow":["GET"]}}],"collection":[{"href":"https:\/\/redsemlac.com\/semmexico\/wp-json\/wp\/v2\/posts"}],"about":[{"href":"https:\/\/redsemlac.com\/semmexico\/wp-json\/wp\/v2\/types\/post"}],"author":[{"embeddable":true,"href":"https:\/\/redsemlac.com\/semmexico\/wp-json\/wp\/v2\/users\/3"}],"replies":[{"embeddable":true,"href":"https:\/\/redsemlac.com\/semmexico\/wp-json\/wp\/v2\/comments?post=86461"}],"version-history":[{"count":0,"href":"https:\/\/redsemlac.com\/semmexico\/wp-json\/wp\/v2\/posts\/86461\/revisions"}],"wp:featuredmedia":[{"embeddable":true,"href":"https:\/\/redsemlac.com\/semmexico\/wp-json\/wp\/v2\/media\/86465"}],"wp:attachment":[{"href":"https:\/\/redsemlac.com\/semmexico\/wp-json\/wp\/v2\/media?parent=86461"}],"wp:term":[{"taxonomy":"category","embeddable":true,"href":"https:\/\/redsemlac.com\/semmexico\/wp-json\/wp\/v2\/categories?post=86461"},{"taxonomy":"post_tag","embeddable":true,"href":"https:\/\/redsemlac.com\/semmexico\/wp-json\/wp\/v2\/tags?post=86461"}],"curies":[{"name":"wp","href":"https:\/\/api.w.org\/{rel}","templated":true}]}}