{"id":86435,"date":"2024-09-01T14:05:37","date_gmt":"2024-09-01T20:05:37","guid":{"rendered":"https:\/\/redsemlac.com\/semmexico\/?p=86435"},"modified":"2024-09-01T14:05:37","modified_gmt":"2024-09-01T20:05:37","slug":"recibe-atenea-cruz-el-premio-bellas-artes-de-cuento-hispanoamericano-nellie-campobello-2024","status":"publish","type":"post","link":"https:\/\/redsemlac.com\/semmexico\/recibe-atenea-cruz-el-premio-bellas-artes-de-cuento-hispanoamericano-nellie-campobello-2024\/","title":{"rendered":"Recibe Atenea Cruz el Premio Bellas Artes de Cuento Hispanoamericano \u201cNellie Campobello\u201d 2024"},"content":{"rendered":"\n<p class=\"wp-block-paragraph\">La ceremonia de premiaci\u00f3n, por la obra&nbsp;<em>H\u00e1galo usted misma,&nbsp;<\/em>se realiz\u00f3 en el Museo&nbsp;<em>Francisco Villa<\/em>, Durango, este viernes 30 de agosto<\/p>\n\n\n\n<p class=\"wp-block-paragraph\">&nbsp;Redacci\u00f3n<\/p>\n\n\n\n<p class=\"wp-block-paragraph\">SemM\u00e9xico, Cd. de M\u00e9xico, 1\u00ba. de septiembre, 2024.- La Secretar\u00eda de Cultura del Gobierno de M\u00e9xico, el Instituto Nacional de Bellas Artes y Literatura (Inbal), la Coordinaci\u00f3n Nacional de Literatura (CNL), en colaboraci\u00f3n con el gobierno del estado de Durango, a trav\u00e9s de su Instituto de Cultura (ICED), entregaron el Premio Bellas Artes de Cuento Hispanoamericano \u201cNellie Campobello\u201d 2024 a Atenea Cruz, por su obra&nbsp;<em>H\u00e1galo usted misma<\/em>. La ceremonia se llev\u00f3 a cabo en el Museo&nbsp;<em>Francisco Villa<\/em>, este viernes 30 de agosto.<\/p>\n\n\n\n<p class=\"wp-block-paragraph\">El pres\u00eddium estuvo integrado por el director general del Instituto de Cultura del Estado de Durango, Francisco Javier P\u00e9rez Meza; la directora de Planeaci\u00f3n y Evaluaci\u00f3n del ICED, Mar\u00eda Lilia Ayala Ortiz; la coordinadora nacional de Literatura, Karen Villeda, y por la ganadora del premio.<\/p>\n\n\n\n<p class=\"wp-block-paragraph\">Durante su intervenci\u00f3n, Atenea Cruz se refiri\u00f3 al cuento como un g\u00e9nero muy noble, pues se trata de una forma narrativa breve, port\u00e1til, l\u00fadica y siempre sorprendente. Sin embargo, consider\u00f3 que esta nobleza contiene una paradoja, pues su brevedad lo hace intenso, demanda ser le\u00eddo de un tir\u00f3n, casi con prisa, pero, al mismo tiempo, hay libros de cuentos que se leen de forma pausada, con intervalos, incluso, de a\u00f1os.<\/p>\n\n\n\n<p class=\"wp-block-paragraph\">\u201cEl cuento es as\u00ed, aguarda el momento ideal para ser degustado como se debe, no es celoso como la novela, ni vol\u00e1til como el poema. El cuento es la medida justa de la memoria y el asombro. Mi primer contacto con el cuento fue gracias a mi madre. La recuerdo ley\u00e9ndome a Oscar Wilde y cuentos del folclor popular con esa habilidad tan suya para crear un personaje tan solo con el tono de su voz. Mi abuelo tambi\u00e9n era un contador de historias nato, quiz\u00e1 por eso narrar me parece una forma primordial de comunicaci\u00f3n y una manifestaci\u00f3n de cari\u00f1o\u201d, indic\u00f3.&nbsp;<\/p>\n\n\n\n<p class=\"wp-block-paragraph\">Refiri\u00f3 que su infancia estuvo llena de libros y cuando ya no le eran suficientes los que ten\u00eda en casa empez\u00f3 a acudir a las bibliotecas p\u00fablicas. Posteriormente, relat\u00f3, empez\u00f3 a crear sus propias historias y as\u00ed, con una m\u00e1quina Olivetti Lettera 32 obsequiada por su madre, fue como tom\u00f3 la decisi\u00f3n de ser escritora.<\/p>\n\n\n\n<p class=\"wp-block-paragraph\">\u201cNo escribo para cambiar el mundo ni para salvar vidas, escribo por el placer de narrar y ser le\u00edda sin que el lector se muera de aburrimiento o, peor a\u00fan, abandone mi libro. Me considero una entretenedora y creo que el recurso m\u00e1s valioso de la humanidad, el \u00fanico que no puede renovarse, es el tiempo y por eso reconozco como un privilegio que en el mar de maravillosas escritoras y escritores que existen, un lector elija mis historias para gastar y acompa\u00f1ar una parte de su existencia\u201d, se\u00f1al\u00f3.&nbsp;&nbsp;&nbsp;&nbsp;<\/p>\n\n\n\n<p class=\"wp-block-paragraph\">En su participaci\u00f3n, Karen Villeda explic\u00f3 que la obra ganadora est\u00e1 conformada por 10 cuentos, divididos en tres apartados: lo extra\u00f1o, lo posible y lo cotidiano.<\/p>\n\n\n\n<p class=\"wp-block-paragraph\">\u201c<em>H\u00e1galo usted misma<\/em>&nbsp;se trata de cuentos en los que la autora pone de manifiesto caracter\u00edsticas propias de nuestra humanidad, a trav\u00e9s de hechos que pueden parecer muy comunes y que, incluso, pasan desapercibidos. Atenea, con su impecable pluma, los lleva al l\u00edmite y expone deseos reprimidos que nadie en su sano juicio llevar\u00eda a cabo, a excepci\u00f3n de sus personajes. La autora toma aquello que nos parecer\u00eda extra\u00f1o y lo lleva al mundo de lo cotidiano y de lo posible\u201d, concluy\u00f3.&nbsp;&nbsp;&nbsp;&nbsp;&nbsp;&nbsp;&nbsp;&nbsp;<\/p>\n\n\n\n<p class=\"wp-block-paragraph\">P\u00e9rez Meza manifest\u00f3 su alegr\u00eda porque la ganadora del premio es originaria de Durango y resalt\u00f3 que es una escritora que ha forjado un camino \u00fanico en el campo de la literatura, debido a su pasi\u00f3n y compromiso. Asimismo, se\u00f1al\u00f3 que gracias a este premio su obra no solo se conocer\u00e1 en Durango, sino en todo el pa\u00eds y en el mundo.&nbsp;&nbsp;<\/p>\n\n\n\n<p class=\"wp-block-paragraph\">\u201cRecuerdo a Atenea en sus inicios, cuando se estaba formando como escritora. Estoy seguro de que en alg\u00fan momento durante su infancia conoci\u00f3 algo que la motiv\u00f3 a escribir. Ojal\u00e1 que los ni\u00f1os que est\u00e1n hoy entre el p\u00fablico tambi\u00e9n encuentren esa motivaci\u00f3n y, quiz\u00e1 en un futuro, sean ellos quienes ganen estos premios. Nosotros, desde el Instituto de Cultura del Estado de Durango, seguiremos en nuestra labor de acercar los servicios del estado en materia de arte y cultura a todos los duranguenses\u201d, indic\u00f3.<\/p>\n\n\n\n<p class=\"wp-block-paragraph\">En su turno, Mar\u00eda Lilia Ayala dio lectura al acta deliberativa con la que el jurado \u2014conformado por Ana Clavel, Eduardo Antonio Parra y Jaime Mu\u00f1oz Vargas\u2014 determin\u00f3 que la ganadora del certamen fue Atenea Cruz por su obra&nbsp;<em>H\u00e1galo usted misma<\/em>, al considerar que la obra es un libro de cuentos org\u00e1nico, con unidad estil\u00edstica, sentido cuent\u00edstico y manejo de un humor negro corrosivo, que habla de los fracasos en el diario trabajo de existir.<br><br><\/p>\n","protected":false},"excerpt":{"rendered":"<p>La ceremonia de premiaci\u00f3n, por la obra&nbsp;H\u00e1galo usted misma,&nbsp;se realiz\u00f3 en el Museo&nbsp;Francisco Villa, Durango, este viernes 30 de agosto &nbsp;Redacci\u00f3n SemM\u00e9xico, Cd. de M\u00e9xico, 1\u00ba. de septiembre, 2024.- La Secretar\u00eda de Cultura del Gobierno de M\u00e9xico, el Instituto Nacional de Bellas Artes y Literatura (Inbal), la Coordinaci\u00f3n Nacional de Literatura (CNL), en colaboraci\u00f3n con [&hellip;]<\/p>\n","protected":false},"author":3,"featured_media":86436,"comment_status":"open","ping_status":"open","sticky":false,"template":"","format":"standard","meta":{"_monsterinsights_skip_tracking":false,"footnotes":""},"categories":[748],"tags":[],"class_list":["post-86435","post","type-post","status-publish","format-standard","has-post-thumbnail","category-cultura-feminista"],"_links":{"self":[{"href":"https:\/\/redsemlac.com\/semmexico\/wp-json\/wp\/v2\/posts\/86435","targetHints":{"allow":["GET"]}}],"collection":[{"href":"https:\/\/redsemlac.com\/semmexico\/wp-json\/wp\/v2\/posts"}],"about":[{"href":"https:\/\/redsemlac.com\/semmexico\/wp-json\/wp\/v2\/types\/post"}],"author":[{"embeddable":true,"href":"https:\/\/redsemlac.com\/semmexico\/wp-json\/wp\/v2\/users\/3"}],"replies":[{"embeddable":true,"href":"https:\/\/redsemlac.com\/semmexico\/wp-json\/wp\/v2\/comments?post=86435"}],"version-history":[{"count":0,"href":"https:\/\/redsemlac.com\/semmexico\/wp-json\/wp\/v2\/posts\/86435\/revisions"}],"wp:featuredmedia":[{"embeddable":true,"href":"https:\/\/redsemlac.com\/semmexico\/wp-json\/wp\/v2\/media\/86436"}],"wp:attachment":[{"href":"https:\/\/redsemlac.com\/semmexico\/wp-json\/wp\/v2\/media?parent=86435"}],"wp:term":[{"taxonomy":"category","embeddable":true,"href":"https:\/\/redsemlac.com\/semmexico\/wp-json\/wp\/v2\/categories?post=86435"},{"taxonomy":"post_tag","embeddable":true,"href":"https:\/\/redsemlac.com\/semmexico\/wp-json\/wp\/v2\/tags?post=86435"}],"curies":[{"name":"wp","href":"https:\/\/api.w.org\/{rel}","templated":true}]}}