{"id":86433,"date":"2024-09-01T14:02:19","date_gmt":"2024-09-01T20:02:19","guid":{"rendered":"https:\/\/redsemlac.com\/semmexico\/?p=86433"},"modified":"2024-09-01T14:03:15","modified_gmt":"2024-09-01T20:03:15","slug":"hallazgos-canastilla-de-plata","status":"publish","type":"post","link":"https:\/\/redsemlac.com\/semmexico\/hallazgos-canastilla-de-plata\/","title":{"rendered":"Hallazgos| Canastilla de Plata"},"content":{"rendered":"\n<p class=\"wp-block-paragraph\">&nbsp;Roc\u00edo Fiallega<\/p>\n\n\n\n<p class=\"wp-block-paragraph\">Todos sufren en la infancia<\/p>\n\n\n\n<p class=\"wp-block-paragraph\">desconocen el para\u00edso<\/p>\n\n\n\n<p class=\"wp-block-paragraph\">buscan un refugio<\/p>\n\n\n\n<p class=\"wp-block-paragraph\">una llave.<\/p>\n\n\n\n<p class=\"wp-block-paragraph\">Florecillas unidas<\/p>\n\n\n\n<p class=\"wp-block-paragraph\">a un racimo-destino<\/p>\n\n\n\n<p class=\"wp-block-paragraph\">cada una en s\u00ed misma<\/p>\n\n\n\n<p class=\"wp-block-paragraph\">era un sue\u00f1o de ni\u00f1a.<\/p>\n\n\n\n<p class=\"wp-block-paragraph\">Sue\u00f1os coloridos<\/p>\n\n\n\n<p class=\"wp-block-paragraph\">dulces y crueles,<\/p>\n\n\n\n<p class=\"wp-block-paragraph\">incluso la muerte deseada<\/p>\n\n\n\n<p class=\"wp-block-paragraph\">es suave y floreciente.<\/p>\n\n\n\n<p class=\"wp-block-paragraph\">Entre paredes h\u00famedas<\/p>\n\n\n\n<p class=\"wp-block-paragraph\">quieta entre las manos<\/p>\n\n\n\n<p class=\"wp-block-paragraph\">esta flor destruye<\/p>\n\n\n\n<p class=\"wp-block-paragraph\">el cautiverio.<\/p>\n\n\n\n<p class=\"wp-block-paragraph\">Centro coraza-coraz\u00f3n<\/p>\n\n\n\n<p class=\"wp-block-paragraph\">flores juntas<\/p>\n\n\n\n<p class=\"wp-block-paragraph\">por la angustia y el dolor.<\/p>\n\n\n\n<p class=\"wp-block-paragraph\">Breve ni\u00f1a fui:<\/p>\n\n\n\n<p class=\"wp-block-paragraph\">una quimera peinando mi cabello<\/p>\n\n\n\n<p class=\"wp-block-paragraph\">un ogro cantando.<\/p>\n\n\n\n<p class=\"wp-block-paragraph\">\u00bfCu\u00e1nto amor cabe en una tarde?<\/p>\n\n\n\n<p class=\"wp-block-paragraph\">peque\u00f1as flores<\/p>\n\n\n\n<p class=\"wp-block-paragraph\">que me devuelven<\/p>\n\n\n\n<p class=\"wp-block-paragraph\">a ese destino:<\/p>\n\n\n\n<p class=\"wp-block-paragraph\">sue\u00f1o vuelto flor<\/p>\n\n\n\n<p class=\"wp-block-paragraph\">s\u00f3lo sue\u00f1o contigo,<\/p>\n\n\n\n<p class=\"wp-block-paragraph\">una y todas a la vez.<\/p>\n\n\n\n<p class=\"wp-block-paragraph\">Vuelvo a esa tarde<\/p>\n\n\n\n<p class=\"wp-block-paragraph\">con la cara reci\u00e9n lavada.<\/p>\n\n\n\n<p class=\"wp-block-paragraph\">Canastilla de plata:<\/p>\n\n\n\n<p class=\"wp-block-paragraph\">devu\u00e9lveme el amor y la infancia.<\/p>\n","protected":false},"excerpt":{"rendered":"<p>&nbsp;Roc\u00edo Fiallega Todos sufren en la infancia desconocen el para\u00edso buscan un refugio una llave. Florecillas unidas a un racimo-destino cada una en s\u00ed misma era un sue\u00f1o de ni\u00f1a. Sue\u00f1os coloridos dulces y crueles, incluso la muerte deseada es suave y floreciente. Entre paredes h\u00famedas quieta entre las manos esta flor destruye el cautiverio. [&hellip;]<\/p>\n","protected":false},"author":3,"featured_media":39324,"comment_status":"open","ping_status":"open","sticky":false,"template":"","format":"standard","meta":{"_monsterinsights_skip_tracking":false,"footnotes":""},"categories":[620,35,621],"tags":[],"class_list":["post-86433","post","type-post","status-publish","format-standard","has-post-thumbnail","category-hallazgos","category-opinion","category-rocio-fiallega"],"_links":{"self":[{"href":"https:\/\/redsemlac.com\/semmexico\/wp-json\/wp\/v2\/posts\/86433","targetHints":{"allow":["GET"]}}],"collection":[{"href":"https:\/\/redsemlac.com\/semmexico\/wp-json\/wp\/v2\/posts"}],"about":[{"href":"https:\/\/redsemlac.com\/semmexico\/wp-json\/wp\/v2\/types\/post"}],"author":[{"embeddable":true,"href":"https:\/\/redsemlac.com\/semmexico\/wp-json\/wp\/v2\/users\/3"}],"replies":[{"embeddable":true,"href":"https:\/\/redsemlac.com\/semmexico\/wp-json\/wp\/v2\/comments?post=86433"}],"version-history":[{"count":0,"href":"https:\/\/redsemlac.com\/semmexico\/wp-json\/wp\/v2\/posts\/86433\/revisions"}],"wp:featuredmedia":[{"embeddable":true,"href":"https:\/\/redsemlac.com\/semmexico\/wp-json\/wp\/v2\/media\/39324"}],"wp:attachment":[{"href":"https:\/\/redsemlac.com\/semmexico\/wp-json\/wp\/v2\/media?parent=86433"}],"wp:term":[{"taxonomy":"category","embeddable":true,"href":"https:\/\/redsemlac.com\/semmexico\/wp-json\/wp\/v2\/categories?post=86433"},{"taxonomy":"post_tag","embeddable":true,"href":"https:\/\/redsemlac.com\/semmexico\/wp-json\/wp\/v2\/tags?post=86433"}],"curies":[{"name":"wp","href":"https:\/\/api.w.org\/{rel}","templated":true}]}}