{"id":86426,"date":"2024-09-01T13:39:24","date_gmt":"2024-09-01T19:39:24","guid":{"rendered":"https:\/\/redsemlac.com\/semmexico\/?p=86426"},"modified":"2024-09-01T13:39:24","modified_gmt":"2024-09-01T19:39:24","slug":"indagan-proliferacion-del-cancer-mediante-la-perspectiva-del-desarrollo-celular","status":"publish","type":"post","link":"https:\/\/redsemlac.com\/semmexico\/indagan-proliferacion-del-cancer-mediante-la-perspectiva-del-desarrollo-celular\/","title":{"rendered":"Indagan proliferaci\u00f3n del c\u00e1ncer mediante la perspectiva del desarrollo celular"},"content":{"rendered":"\n<p class=\"wp-block-paragraph\"><strong><em>La investigaci\u00f3n fue explicada por Jos\u00e9 Carlos Perales&nbsp;a estudiantes y expertos del Instituto de Ciencias Aplicadas y Tecnolog\u00eda, durante el ciclo de charlas \u201cMartes Coloquial\u201d<\/em><\/strong><\/p>\n\n\n\n<p class=\"wp-block-paragraph\">&nbsp;Redacci\u00f3n<\/p>\n\n\n\n<p class=\"wp-block-paragraph\">SemM\u00e9xico, Cd. de M\u00e9xico, 1\u00ba. de septiembre, 2024.- Al utilizar un acercamiento integral que revisa la capacidad de las c\u00e9lulas tumorales para reproducirse en condiciones de estr\u00e9s, lo que llaman&nbsp;<em>metabolic&nbsp;fitness<\/em>, cient\u00edficos espa\u00f1oles tratan de comprender mejor la forma de bloquear el crecimiento de los tumores.<\/p>\n\n\n\n<p class=\"wp-block-paragraph\">La investigaci\u00f3n fue presentada por Jos\u00e9 Carlos Perales, profesor del Departamento de Ciencias Fisiol\u00f3gicas de la Universidad de Barcelona (UB), durante el ciclo de charlas \u201cMartes Coloquial\u201d, al que asistieron estudiantes y expertos del Instituto de Ciencias Aplicadas y Tecnolog\u00eda (ICAT) de la UNAM.<\/p>\n\n\n\n<p class=\"wp-block-paragraph\">En su ponencia \u201c<em>Metabolic plasticity&nbsp;in tumors under conditions of&nbsp;stress: New vulnerabilities&nbsp;and therapeutic opportunities<\/em>\u201d, el investigador destac\u00f3 que el&nbsp;<em>metabolic&nbsp;fitness<\/em>&nbsp;es un t\u00f3pico novedoso en el \u00e1rea de la oncolog\u00eda porque influye en c\u00f3mo el tumor crece e invade, y de c\u00f3mo evade al sistema inmune y el estr\u00e9s ambiental y nutricional.<\/p>\n\n\n\n<p class=\"wp-block-paragraph\">Varias de las caracter\u00edsticas que determinan esta funcionalidad, indic\u00f3, est\u00e1n relacionadas con la competencia con el sistema inmunol\u00f3gico y con adaptarse al medio o entorno y, pr\u00e1cticamente todas, tienen una componente metab\u00f3lica que en los \u00faltimos 15 a\u00f1os ha comenzado a ser estudiada.<\/p>\n\n\n\n<p class=\"wp-block-paragraph\">A\u00f1adi\u00f3 que tanto la respuesta inmune alterada a un tumor s\u00f3lido, como la resistencia a quimioterapia, son adaptaciones que se pueden explicar mediante la capacidad del tumor de modificar su funci\u00f3n metab\u00f3lica, denominada plasticidad, que lo hacen m\u00e1s capaz de competir contra las c\u00e9lulas T, en algunos casos, o resistir a un tratamiento y progresar haciendo un cambio o alteraci\u00f3n en su metabolismo, que lo vuelve m\u00e1s agresivo y dif\u00edcil de tratar.<\/p>\n\n\n\n\n\n<p class=\"wp-block-paragraph\">El experto, quien colabora con Augusto Garc\u00eda Valenzuela, del ICAT, precis\u00f3 que adem\u00e1s de esta plasticidad tambi\u00e9n se enfocan en la eficiencia, que se define como la capacidad de la c\u00e9lula de crecer m\u00e1s r\u00e1pidamente (proliferar) y mejorar su potencial metast\u00e1sico; para ello debe adquirir caracter\u00edsticas que la hace depender de un metabolismo determinado.<\/p>\n\n\n\n<p class=\"wp-block-paragraph\">Por ejemplo, la met\u00e1stasis del c\u00e1ncer de ovario tiene componentes metab\u00f3licos diferentes de acuerdo con el \u00f3rgano diana (objetivo), unos dependen de \u00e1cidos grasos y otros de glucosa. Esas caracter\u00edsticas definen lo da\u00f1ino del tumor, por lo que su equipo indaga nuevas herramientas y estrategias terap\u00e9uticas.<\/p>\n\n\n\n<p class=\"wp-block-paragraph\">El investigador agreg\u00f3: esencialmente lo que buscamos son nuevas vulnerabilidades como consecuencia de su plasticidad metab\u00f3lica que nos permita atacar al c\u00e1ncer. Cuando creamos una y la atacamos, ese c\u00e1ncer se adapta y genera una nueva vulnerabilidad.<\/p>\n\n\n\n<p class=\"wp-block-paragraph\">Por ello, Perales y su grupo de cient\u00edficos indagan los determinantes metab\u00f3licos que favorecen o permiten la proliferaci\u00f3n de las c\u00e9lulas cancer\u00edgenas. Las evidencias preliminares indican que la velocidad de los ciclos de proliferaci\u00f3n dependen&nbsp;del mantenimiento y regeneraci\u00f3n de los pools de metabolitos, que puede acelerarse en un proceso dependiente de la eficiencia metab\u00f3lica, definida como&nbsp;<em>fitness<\/em>&nbsp;y que podr\u00eda depender de las v\u00edas del sistema de respuesta integrado (<em>Integrated&nbsp;stress response)<\/em>.<\/p>\n\n\n\n<p class=\"wp-block-paragraph\">A manera de simil, el investigador record\u00f3 el concepto&nbsp;<em>Just in time&nbsp;<\/em>utilizado para construir autom\u00f3viles de una forma m\u00e1s eficiente, donde las maquiladoras mantienen cada proceso del armado de manera independiente, de igual forma, una c\u00e9lula tumoral mantiene una concentraci\u00f3n de metabolitos baja que tiene que ser regenerada constantemente e independiente, logrando as\u00ed acelerar el siguiente ciclo de proliferaci\u00f3n de c\u00e9lulas.<\/p>\n\n\n\n<p class=\"wp-block-paragraph\">El investigador, quien ha revisado este proceso en c\u00e1ncer hep\u00e1tico, asever\u00f3: ya que la c\u00e9lula mantiene el tama\u00f1o de los niveles de bloques sint\u00e9ticos o metabolitos al m\u00ednimo, en un mantenimiento m\u00e1s r\u00e1pido de \u00e9stos agiliza o \u201cmejora\u201d el proceso de fabricaci\u00f3n de nuevas c\u00e9lulas y mantiene el proceso controlado, hip\u00f3tesis que supondr\u00eda una paradoja en la comprensi\u00f3n del mecanismo celular de la respuesta integrada al estr\u00e9s en el contexto de la regulaci\u00f3n de la proliferaci\u00f3n.<\/p>\n\n\n\n<p class=\"wp-block-paragraph\">\u2014o0o\u2014<\/p>\n\n\n\n<figure class=\"wp-block-table\"><table class=\"has-fixed-layout\"><tbody><tr><td>Conoce m\u00e1s de la<strong>&nbsp;Universidad Nacional,&nbsp;<\/strong>visita<strong>:&nbsp;<\/strong><a href=\"http:\/\/www.dgcs.unam.mx\/\" target=\"_blank\" rel=\"noreferrer noopener\"><strong>www.dgcs.unam.mx<\/strong><\/a> <a href=\"http:\/\/www.unamglobal.unam.mx\/\" target=\"_blank\" rel=\"noreferrer noopener\"><strong>www.unamglobal.unam.mx<\/strong><\/a> <strong>&nbsp;<\/strong> o sigue en Twitter a:&nbsp;<a href=\"https:\/\/twitter.com\/SalaPrensaUNAM?original_referer=http%3A\/www.dgcs.unam.mx\/&amp;profile_id=2434557408&amp;tw_i=602917707252531200&amp;tw_p=embeddedtimeline&amp;tw_w=479759932309254145\" target=\"_blank\" rel=\"noreferrer noopener\">@<\/a><a href=\"https:\/\/twitter.com\/SalaPrensaUNAM?original_referer=http%3A\/www.dgcs.unam.mx\/&amp;profile_id=2434557408&amp;tw_i=602917707252531200&amp;tw_p=embeddedtimeline&amp;tw_w=479759932309254145\" target=\"_blank\" rel=\"noreferrer noopener\"><strong>SalaPrensaUNAM<\/strong><\/a> y&nbsp;<a href=\"https:\/\/twitter.com\/Gaceta_UNAM\" target=\"_blank\" rel=\"noreferrer noopener\"><strong>@Gaceta_UNAM<\/strong><\/a><\/td><\/tr><\/tbody><\/table><\/figure>\n","protected":false},"excerpt":{"rendered":"<p>La investigaci\u00f3n fue explicada por Jos\u00e9 Carlos Perales&nbsp;a estudiantes y expertos del Instituto de Ciencias Aplicadas y Tecnolog\u00eda, durante el ciclo de charlas \u201cMartes Coloquial\u201d &nbsp;Redacci\u00f3n SemM\u00e9xico, Cd. de M\u00e9xico, 1\u00ba. de septiembre, 2024.- Al utilizar un acercamiento integral que revisa la capacidad de las c\u00e9lulas tumorales para reproducirse en condiciones de estr\u00e9s, lo que [&hellip;]<\/p>\n","protected":false},"author":3,"featured_media":86427,"comment_status":"open","ping_status":"open","sticky":false,"template":"","format":"standard","meta":{"_monsterinsights_skip_tracking":false,"footnotes":""},"categories":[682],"tags":[],"class_list":["post-86426","post","type-post","status-publish","format-standard","has-post-thumbnail","category-noticias"],"_links":{"self":[{"href":"https:\/\/redsemlac.com\/semmexico\/wp-json\/wp\/v2\/posts\/86426","targetHints":{"allow":["GET"]}}],"collection":[{"href":"https:\/\/redsemlac.com\/semmexico\/wp-json\/wp\/v2\/posts"}],"about":[{"href":"https:\/\/redsemlac.com\/semmexico\/wp-json\/wp\/v2\/types\/post"}],"author":[{"embeddable":true,"href":"https:\/\/redsemlac.com\/semmexico\/wp-json\/wp\/v2\/users\/3"}],"replies":[{"embeddable":true,"href":"https:\/\/redsemlac.com\/semmexico\/wp-json\/wp\/v2\/comments?post=86426"}],"version-history":[{"count":0,"href":"https:\/\/redsemlac.com\/semmexico\/wp-json\/wp\/v2\/posts\/86426\/revisions"}],"wp:featuredmedia":[{"embeddable":true,"href":"https:\/\/redsemlac.com\/semmexico\/wp-json\/wp\/v2\/media\/86427"}],"wp:attachment":[{"href":"https:\/\/redsemlac.com\/semmexico\/wp-json\/wp\/v2\/media?parent=86426"}],"wp:term":[{"taxonomy":"category","embeddable":true,"href":"https:\/\/redsemlac.com\/semmexico\/wp-json\/wp\/v2\/categories?post=86426"},{"taxonomy":"post_tag","embeddable":true,"href":"https:\/\/redsemlac.com\/semmexico\/wp-json\/wp\/v2\/tags?post=86426"}],"curies":[{"name":"wp","href":"https:\/\/api.w.org\/{rel}","templated":true}]}}