{"id":86412,"date":"2024-08-31T17:17:25","date_gmt":"2024-08-31T23:17:25","guid":{"rendered":"https:\/\/redsemlac.com\/semmexico\/?p=86412"},"modified":"2024-08-31T17:17:25","modified_gmt":"2024-08-31T23:17:25","slug":"muchos-desaparecidos-estan-vivos-secuestrados-teodomira-rosales-sierra","status":"publish","type":"post","link":"https:\/\/redsemlac.com\/semmexico\/muchos-desaparecidos-estan-vivos-secuestrados-teodomira-rosales-sierra\/","title":{"rendered":"Muchos desaparecidos est\u00e1n vivos, secuestrados, Teodomira Rosales Sierra"},"content":{"rendered":"\n<p class=\"wp-block-paragraph\">Micaela M\u00e1rquez<\/p>\n\n\n\n<p class=\"wp-block-paragraph\">SemM\u00e9xico, &nbsp;Ciudad de M\u00e9xico, &nbsp;31 de agosto 2024.- En Guerrero est\u00e1 el ojo del hurac\u00e1n no se puede hacer la b\u00fasqueda de desaparecidos como en otros estados, ah\u00ed nos matan,&nbsp; afirm\u00f3 Teodomira Rosales defensora de derechos humanos, presidenta del Centro Morelos, quien ha escapado dos veces de ser asesinada por su activismo en el acompa\u00f1amiento a familiares de desaparecidos y a v\u00edctimas de desplazamiento forzado.<\/p>\n\n\n\n<p class=\"wp-block-paragraph\">Tomo la palabra al t\u00e9rmino de la presentaci\u00f3n del Informe de Amnist\u00eda Internacional,&nbsp; \u201cBuscar Sin Miedo: Est\u00e1ndares internacionales aplicables a la protecci\u00f3n de mujeres buscadoras en las Am\u00e9ricas\u201d.<\/p>\n\n\n\n<p class=\"wp-block-paragraph\">Se\u00f1al\u00f3 que ni los de la ONU llegan al Centro Morelos por miedo, porque la b\u00fasqueda no es tan f\u00e1cil como en otros estados.<\/p>\n\n\n\n<p class=\"wp-block-paragraph\">Demando no s\u00f3lo ser testimonios y que los apoyen porque el Centro Regional de Derechos Humanos Jos\u00e9 Mar\u00eda Morelos y Pav\u00f3n, (Centro Morelos) que realiza el acompa\u00f1amiento a las familias de desplazamiento forzado en tres municipios Leonardo Bravo, Heliodoro Castillo y Zitlala del Estado de Guerrero, las amenazas se han intensificado a las familias y a ellos como defensores, lo que report\u00f3 el peri\u00f3dico local \u201cReplica Guerrero\u201d el 5 de junio.<\/p>\n\n\n\n<p class=\"wp-block-paragraph\">Enfatiz\u00f3 que no existe seguridad ni para las defensoras de derechos humanos, que tambi\u00e9n son amenazadas y las desaparecen. Ella sufri\u00f3 dos veces atentados por lo que no puede entrar f\u00e1cilmente al Estado, del que sali\u00f3 desde el 2020 en calidad de v\u00edctima del desplazamiento.<\/p>\n\n\n\n<p class=\"wp-block-paragraph\">Expreso que est\u00e1 segura que muchos desaparecidos est\u00e1n vivos y refiri\u00f3 el caso de un pap\u00e1, don Jos\u00e9 que supo hace un a\u00f1o que su hijo que se lo llevaron de su casa a los 14 a\u00f1os, estaba vivo. Entro disfrazado de polic\u00eda comunitario al lugar donde ten\u00edan a su hijo trabajando como alba\u00f1il, pero lo asesinaron en noviembre del a\u00f1o pasado. Tambi\u00e9n se encontraron otras seis personas reportadas como desaparecidos, los que aparecieron despu\u00e9s deambulando, golpeados y drogados que hab\u00edan desaparecido desde el a\u00f1o 2016. Los soltaron.<\/p>\n\n\n\n<p class=\"wp-block-paragraph\">Lament\u00f3 que en este caso haya tenido que morir Don Jos\u00e9 un pap\u00e1 que no descanso en la b\u00fasqueda de su hijo.<\/p>\n\n\n\n<p class=\"wp-block-paragraph\">Guerrero tiene 26,700 personas desplazadas hasta junio de 2023, y los grupos delincuenciales es una de las principales causas. Lo m\u00e1s grave es que ni desplazadas las familias est\u00e1n seguras, porque protegerlas no es una prioridad para el gobierno. &nbsp;&nbsp;&nbsp;<\/p>\n\n\n\n<p class=\"wp-block-paragraph\">Teodomira Rosales Sierra es una abogada afro ind\u00edgena, fundadora y presidenta, desde 1997, del Centro Morelos. Reconocida por su trabajo contra las desapariciones y desplazamientos forzados internos en el Estado de Guerrero.<\/p>\n\n\n\n<p class=\"wp-block-paragraph\">&nbsp;Acompa\u00f1a a las familias de v\u00edctimas de desapariciones forzadas en la realizaci\u00f3n de los tr\u00e1mites administrativos y jur\u00eddicos. Cofundadora del Colectivo Nacional de V\u00edctimas de Desplazamiento Forzado en M\u00e9xico, Teodomira tambi\u00e9n acompa\u00f1a jur\u00eddicamente a las v\u00edctimas de violencia sexual y lucha para que las comunidades ind\u00edgenas tengan acceso al agua potable.<\/p>\n\n\n\n<p class=\"wp-block-paragraph\">Fue reconocida por la Iniciativa Marianne de Francia para los defensores de los derechos humanos, hombres y mujeres de todo el mundo. El 5 de marzo recibi\u00f3 la medalla de oro por el senador Daniel Lauret, presidente del Grupo Amistad Francia M\u00e9xico.&nbsp;<\/p>\n","protected":false},"excerpt":{"rendered":"<p>Micaela M\u00e1rquez SemM\u00e9xico, &nbsp;Ciudad de M\u00e9xico, &nbsp;31 de agosto 2024.- En Guerrero est\u00e1 el ojo del hurac\u00e1n no se puede hacer la b\u00fasqueda de desaparecidos como en otros estados, ah\u00ed nos matan,&nbsp; afirm\u00f3 Teodomira Rosales defensora de derechos humanos, presidenta del Centro Morelos, quien ha escapado dos veces de ser asesinada por su activismo en [&hellip;]<\/p>\n","protected":false},"author":3,"featured_media":86413,"comment_status":"open","ping_status":"open","sticky":false,"template":"","format":"standard","meta":{"_monsterinsights_skip_tracking":false,"footnotes":""},"categories":[27,694],"tags":[],"class_list":["post-86412","post","type-post","status-publish","format-standard","has-post-thumbnail","category-cobertura-especial","category-destacadas"],"_links":{"self":[{"href":"https:\/\/redsemlac.com\/semmexico\/wp-json\/wp\/v2\/posts\/86412","targetHints":{"allow":["GET"]}}],"collection":[{"href":"https:\/\/redsemlac.com\/semmexico\/wp-json\/wp\/v2\/posts"}],"about":[{"href":"https:\/\/redsemlac.com\/semmexico\/wp-json\/wp\/v2\/types\/post"}],"author":[{"embeddable":true,"href":"https:\/\/redsemlac.com\/semmexico\/wp-json\/wp\/v2\/users\/3"}],"replies":[{"embeddable":true,"href":"https:\/\/redsemlac.com\/semmexico\/wp-json\/wp\/v2\/comments?post=86412"}],"version-history":[{"count":0,"href":"https:\/\/redsemlac.com\/semmexico\/wp-json\/wp\/v2\/posts\/86412\/revisions"}],"wp:featuredmedia":[{"embeddable":true,"href":"https:\/\/redsemlac.com\/semmexico\/wp-json\/wp\/v2\/media\/86413"}],"wp:attachment":[{"href":"https:\/\/redsemlac.com\/semmexico\/wp-json\/wp\/v2\/media?parent=86412"}],"wp:term":[{"taxonomy":"category","embeddable":true,"href":"https:\/\/redsemlac.com\/semmexico\/wp-json\/wp\/v2\/categories?post=86412"},{"taxonomy":"post_tag","embeddable":true,"href":"https:\/\/redsemlac.com\/semmexico\/wp-json\/wp\/v2\/tags?post=86412"}],"curies":[{"name":"wp","href":"https:\/\/api.w.org\/{rel}","templated":true}]}}