{"id":86403,"date":"2024-08-31T12:31:50","date_gmt":"2024-08-31T18:31:50","guid":{"rendered":"https:\/\/redsemlac.com\/semmexico\/?p=86403"},"modified":"2024-08-31T12:32:08","modified_gmt":"2024-08-31T18:32:08","slug":"dia-internacional-de-las-personas-desaparecidas-el-reto-de-una-accion-coordinada-en-las-americas","status":"publish","type":"post","link":"https:\/\/redsemlac.com\/semmexico\/dia-internacional-de-las-personas-desaparecidas-el-reto-de-una-accion-coordinada-en-las-americas\/","title":{"rendered":"D\u00eda internacional de las personas desaparecidas: el reto de una acci\u00f3n coordinada en las Am\u00e9ricas"},"content":{"rendered":"\n<ul class=\"wp-block-list\">\n<li>Muchas estad\u00edsticas est\u00e1n por debajo del n\u00famero de casos reales por el persistente subregistro de desapariciones<\/li>\n\n\n\n<li>Algunos pa\u00edses siguen careciendo de un marco legal apropiado que reconozca expl\u00edcitamente los derechos de las personas desaparecidas y sus familiares<\/li>\n<\/ul>\n\n\n\n<p class=\"wp-block-paragraph\">Redacci\u00f3n<\/p>\n\n\n\n<p class=\"wp-block-paragraph\">SemM\u00e9xico, Ciudad de M\u00e9xico, 31 de agosto, 2024.-. En este 30 de agosto,&nbsp;<em>D\u00eda Internacional de las personas desaparecidas<\/em>, el Comit\u00e9 Internacional de la Cruz Roja (CICR) destaca la magnitud del fen\u00f3meno de las desapariciones en el continente y la importancia de intensificar los esfuerzos de coordinaci\u00f3n entre pa\u00edses e instituciones para prevenir y mitigar una de las consecuencias humanitarias m\u00e1s dolorosas de la violencia armada en la regi\u00f3n.<\/p>\n\n\n\n<p class=\"wp-block-paragraph\">La desaparici\u00f3n de personas en las Am\u00e9ricas es un flagelo complejo agravado en situaciones de violencia y conflictos armados, migraci\u00f3n, desplazamiento y desastres. Buscar, localizar e identificar a las personas desaparecidas, es responsabilidad de las autoridades en todos los niveles y de acuerdo con sus competencias, al igual que la atenci\u00f3n integral a sus familiares.&nbsp;<\/p>\n\n\n\n<p class=\"wp-block-paragraph\"><em>Establecer pol\u00edticas de Estado coordinadas y sostenibles que aborden las causas profundas de las desapariciones para prevenirlas y erradicarlas debe ser un compromiso pol\u00edtico a largo plazo, sostenido a pesar de cambios de gobierno o instituciones, afirma Marianne Pecassou, asesora regional de protecci\u00f3n del CICR.&nbsp;<\/em><\/p>\n\n\n\n<p class=\"wp-block-paragraph\"><em>La b\u00fasqueda de las personas desaparecidas es una obligaci\u00f3n continua e ineludible de los Estados, que deben asumir la responsabilidad de encontrar a cada persona desaparecida, sin importar el tiempo transcurrido ni las circunstancias. Las autoridades tienen la obligaci\u00f3n de encabezar las b\u00fasquedas de manera inmediata y permanente, garantizando que las familias est\u00e9n informadas y participen a lo largo del proceso, sin cargarles con la responsabilidad de lo que es, ante todo, una responsabilidad de Estado, expres\u00f3, J\u00e9r\u00e9my Renaux, coordinador del programa para personas desaparecidas y sus familiares en M\u00e9xico y Am\u00e9rica Central del CICR.<\/em><\/p>\n\n\n\n<p class=\"wp-block-paragraph\">A pesar de los avances de los \u00faltimos a\u00f1os, es necesario consolidar los logros ya alcanzados e invertir en recursos humanos, financieros y t\u00e9cnicos para fortalecer las instituciones encargadas de responder a esta emergencia humanitaria. La coordinaci\u00f3n interestatal es imprescindible, especialmente si la desaparici\u00f3n ocurre en un lugar diferente al de origen de la persona desaparecida.<\/p>\n\n\n\n<p class=\"wp-block-paragraph\">En este sentido, el CICR identifica claros desaf\u00edos en la regi\u00f3n, como la insuficiente aplicaci\u00f3n de par\u00e1metros legales efectivos que reconozcan expl\u00edcitamente los derechos de las personas desaparecidas y sus familiares, lo que contribuye a la desprotecci\u00f3n de las personas afectadas. La falta de ratificaci\u00f3n de instrumentos internacionales y el significativo subregistro de las desapariciones son retos adicionales. Adem\u00e1s, existen barreras de acceso a las instituciones responsables del registro de los casos, y, en muchas ocasiones, las familias tienen temor a sufrir represalias cuando la desaparici\u00f3n est\u00e1 vinculada a situaciones de violencia armada.&nbsp;<\/p>\n\n\n\n<p class=\"wp-block-paragraph\"><em>Los marcos normativos establecen que la desaparici\u00f3n forzada es un delito pluriofensivo y multidimensional, porque la desaparici\u00f3n de una sola persona deber\u00eda conmover e indignar a toda la sociedad. No es aceptable que una persona sea arrancada de su vida cotidiana, de su familia, y que no exista una respuesta. Por supuesto, hay responsables directos, pero todos y todas compartimos la responsabilidad de garantizar que estos hechos no se repitan, de nombrarlos, recordarlos y seguir luchando hasta que se esclarezca la verdad, manifest\u00f3 Alejandra Cabrera, quien busca a su padre Leopoldo Cabrera Garc\u00eda desde 1984 en Guatemala.<\/em><\/p>\n\n\n\n<p class=\"wp-block-paragraph\">Asegurar un enfoque humanitario ayudar\u00eda a mitigar estos desaf\u00edos, situando a las personas afectadas en el centro de todos los procesos que se derivan de una desaparici\u00f3n. Tambi\u00e9n es importante evitar la estigmatizaci\u00f3n que afecta a las personas separadas y desaparecidas, as\u00ed como a sus familiares.<\/p>\n\n\n\n<p class=\"wp-block-paragraph\">En t\u00e9rminos pr\u00e1cticos, el CICR recomienda a los Estados actuar para garantizar el acceso a mecanismos de informaci\u00f3n y protecci\u00f3n, promover iniciativas de coordinaci\u00f3n interinstitucional y transfronteriza, usar bases de datos centralizadas, desarrollar marcos legales efectivos y fortalecer capacidades institucionales y t\u00e9cnicas. En el caso de la desaparici\u00f3n de migrantes, el CICR considera que debe abordarse de forma coordinada entre los pa\u00edses de origen, tr\u00e1nsito y destino, fortaleciendo ecosistemas para la gesti\u00f3n e intercambio de informaci\u00f3n y generando mecanismos de b\u00fasqueda, identificaci\u00f3n y restituci\u00f3n.<\/p>\n\n\n\n<p class=\"wp-block-paragraph\">Con el fin de ayudar a mitigar las consecuencias humanitarias de la desaparici\u00f3n de personas en la regi\u00f3n, el CICR trabaja en coordinaci\u00f3n con las autoridades nacionales y locales para construir pol\u00edticas y mecanismos capaces de responder a este problema. Tambi\u00e9n brinda apoyo a los familiares de las personas desaparecidas para fortalecer su capacidad organizativa y sus conocimientos sobre los procesos de b\u00fasqueda y el desarrollo de pol\u00edticas p\u00fablicas.<\/p>\n\n\n\n<p class=\"wp-block-paragraph\">Adem\u00e1s, el CICR brinda asesor\u00eda t\u00e9cnica a los sistemas forenses de la regi\u00f3n en favor de la adecuada gesti\u00f3n y trato digno de las personas fallecidas, promoviendo su derecho a ser identificadas y entregadas a sus familias. Complementariamente, el CICR promueve la prevenci\u00f3n de las desapariciones a trav\u00e9s de programas espec\u00edficos, y mantiene un di\u00e1logo confidencial con las autoridades sobre la protecci\u00f3n de los lazos familiares.<br>&nbsp;<\/p>\n\n\n\n<p class=\"wp-block-paragraph\">Algunas cifras:<\/p>\n\n\n\n<p class=\"wp-block-paragraph\">M\u00e9xico y Centroam\u00e9rica:&nbsp;seg\u00fan cifras oficiales de M\u00e9xico, en el pa\u00eds hay m\u00e1s de 116.000 personas desaparecidas y no localizadas y han sido descubiertas m\u00e1s de 5.600 fosas ilegales. En paralelo, organizaciones civiles han reportado la existencia de 52.000 personas fallecidas no identificadas, cifra reconocida por las autoridades mexicanas. En Am\u00e9rica Central se desconoce con exactitud el n\u00famero de personas que est\u00e1n desaparecidas, pues no existen registros centralizados y actualizados. Sin embargo, aunque fragmentada, la informaci\u00f3n p\u00fablica y oficial existente muestra una realidad que la desaparici\u00f3n no es un fen\u00f3meno del pasado. Seg\u00fan datos de la Unidad de Desaparecidos de la Direcci\u00f3n Policial de Investigaciones (DPI) de Honduras, de 2012 a 2022 se reportaron 9.838 personas desaparecidas. En Guatemala, el Ministerio de Gobernaci\u00f3n inform\u00f3 que a diciembre de 2023 hab\u00eda 3.245 personas mayores de 18 a\u00f1os desaparecidas y al menos 45.000 personas desaparecieron durante el conflicto armado interno entre 1960 y 1996. En el Salvador entre 8.000 y 10.000 personas desaparecieron durante el conflicto armado interno entre 1980 y 1992 y m\u00e1s de 22.000 denuncias de personas desaparecidas se registraron entre 2014 y 2019, seg\u00fan datos de la Fiscal\u00eda General de la Rep\u00fablica.&nbsp;<\/p>\n\n\n\n<p class=\"wp-block-paragraph\">Brasil:&nbsp;seg\u00fan datos oficiales del Ministerio de Justicia y del Foro Brasile\u00f1o de Seguridad Publica, en Brasil se registra una persona desaparecida cada seis minutos, lo que refleja un aumento del 3,2% con respecto a 2022, con una persistente diferencia entre personas desaparecidas y localizadas. El CICR sigue trabajando con las autoridades responsables de la pol\u00edtica nacional de b\u00fasqueda de personas desaparecidas con el fin de apoyar la coordinaci\u00f3n de las diversas iniciativas existentes. Se debe priorizar la creaci\u00f3n una red nacional y coordinada de asistencia interdisciplinaria en el pa\u00eds, basada en los servicios p\u00fablicos existentes, para asistir a los familiares de acuerdo con sus necesidades.<\/p>\n\n\n\n<p class=\"wp-block-paragraph\">Colombia:&nbsp;a pesar de la firma del Acuerdo de Paz entre las antiguas FARC-EP y el Gobierno colombiano en 2016, los casos de desaparici\u00f3n en el pa\u00eds siguen siendo frecuentes, debido, entre otros factores, a los ocho conflictos armados no internacionales y otras situaciones de violencia que afectan a la poblaci\u00f3n. El CICR document\u00f3 entre la entrada en vigor del Acuerdo de Paz (diciembre 2016) y el 31 de julio de 2024, 1.730 nuevos casos de desaparici\u00f3n. Aunque existe una estructura institucional robusta, la magnitud y complejidad del problema imponen retos para la b\u00fasqueda e identificaci\u00f3n forense y la atenci\u00f3n de las necesidades de las familias.<\/p>\n\n\n\n<p class=\"wp-block-paragraph\"><br>Per\u00fa:&nbsp;La cifra de personas desaparecidas del periodo de violencia 1980 \u2013 2000 supera las 22.550, seg\u00fan datos del Ministerio de Justicia y Derechos Humanos. Existen dos sistemas complementarios para la b\u00fasqueda: las investigaciones penales que realiza el Ministerio P\u00fablico y las investigaciones humanitarias a cargo de la Direcci\u00f3n General de B\u00fasqueda del Ministerio de Justicia y Derechos Humanos. El CICR acompa\u00f1a en este proceso a las familias y autoridades, promoviendo canales adecuados para el intercambio de informaci\u00f3n y mecanismos que fortalezcan un trabajo interinstitucional coordinado con el objetivo que se incremente el nivel de respuesta sobre el paradero de las personas desaparecidas.<br>&nbsp;<\/p>\n\n\n\n<p class=\"wp-block-paragraph\">Acerca del CICR<\/p>\n\n\n\n<p class=\"wp-block-paragraph\">El Comit\u00e9 Internacional de la Cruz Roja (CICR) es una organizaci\u00f3n neutral, imparcial e independiente con un cometido exclusivamente humanitario establecido en los Convenios de Ginebra de 1949. Ayuda a personas afectadas por conflictos armados y por otras situaciones de violencia en todo el mundo, haciendo lo posible por proteger su vida y su dignidad, y por aliviar su sufrimiento, a menudo junto con sus socios de la Cruz Roja y de la Media Luna Roja.<\/p>\n\n\n\n<p class=\"wp-block-paragraph\">Para m\u00e1s informaci\u00f3n y gesti\u00f3n de entrevistas en espa\u00f1ol, ingl\u00e9s, franc\u00e9s y portugu\u00e9s:<\/p>\n\n\n\n<ul class=\"wp-block-list\">\n<li>Isabel Ortigosa Barbero (Ginebra):\u00a0<a href=\"mailto:iortigosabarbero@icrc.org\">iortigosabarbero@icrc.org<\/a>\u00a0(41) 792173233<\/li>\n\n\n\n<li>Ana Langner Leyva (M\u00e9xico):\u00a0<a href=\"mailto:olangnerleyva@icrc.org\">olangnerleyva@icrc.org<\/a>\u00a0\u00a0(52) 55 37176427<\/li>\n<\/ul>\n","protected":false},"excerpt":{"rendered":"<p>Redacci\u00f3n SemM\u00e9xico, Ciudad de M\u00e9xico, 31 de agosto, 2024.-. En este 30 de agosto,&nbsp;D\u00eda Internacional de las personas desaparecidas, el Comit\u00e9 Internacional de la Cruz Roja (CICR) destaca la magnitud del fen\u00f3meno de las desapariciones en el continente y la importancia de intensificar los esfuerzos de coordinaci\u00f3n entre pa\u00edses e instituciones para prevenir y mitigar [&hellip;]<\/p>\n","protected":false},"author":3,"featured_media":86404,"comment_status":"open","ping_status":"open","sticky":false,"template":"","format":"standard","meta":{"_monsterinsights_skip_tracking":false,"footnotes":""},"categories":[27,694],"tags":[],"class_list":["post-86403","post","type-post","status-publish","format-standard","has-post-thumbnail","category-cobertura-especial","category-destacadas"],"_links":{"self":[{"href":"https:\/\/redsemlac.com\/semmexico\/wp-json\/wp\/v2\/posts\/86403","targetHints":{"allow":["GET"]}}],"collection":[{"href":"https:\/\/redsemlac.com\/semmexico\/wp-json\/wp\/v2\/posts"}],"about":[{"href":"https:\/\/redsemlac.com\/semmexico\/wp-json\/wp\/v2\/types\/post"}],"author":[{"embeddable":true,"href":"https:\/\/redsemlac.com\/semmexico\/wp-json\/wp\/v2\/users\/3"}],"replies":[{"embeddable":true,"href":"https:\/\/redsemlac.com\/semmexico\/wp-json\/wp\/v2\/comments?post=86403"}],"version-history":[{"count":0,"href":"https:\/\/redsemlac.com\/semmexico\/wp-json\/wp\/v2\/posts\/86403\/revisions"}],"wp:featuredmedia":[{"embeddable":true,"href":"https:\/\/redsemlac.com\/semmexico\/wp-json\/wp\/v2\/media\/86404"}],"wp:attachment":[{"href":"https:\/\/redsemlac.com\/semmexico\/wp-json\/wp\/v2\/media?parent=86403"}],"wp:term":[{"taxonomy":"category","embeddable":true,"href":"https:\/\/redsemlac.com\/semmexico\/wp-json\/wp\/v2\/categories?post=86403"},{"taxonomy":"post_tag","embeddable":true,"href":"https:\/\/redsemlac.com\/semmexico\/wp-json\/wp\/v2\/tags?post=86403"}],"curies":[{"name":"wp","href":"https:\/\/api.w.org\/{rel}","templated":true}]}}