{"id":86393,"date":"2024-08-30T17:13:05","date_gmt":"2024-08-30T23:13:05","guid":{"rendered":"https:\/\/redsemlac.com\/semmexico\/?p=86393"},"modified":"2024-08-30T17:13:06","modified_gmt":"2024-08-30T23:13:06","slug":"onu-dh-anima-al-estado-mexicano-a-fortalecer-la-proteccion-contra-la-desaparicion-de-personas","status":"publish","type":"post","link":"https:\/\/redsemlac.com\/semmexico\/onu-dh-anima-al-estado-mexicano-a-fortalecer-la-proteccion-contra-la-desaparicion-de-personas\/","title":{"rendered":"ONU-DH anima al Estado mexicano a fortalecer la protecci\u00f3n contra la desaparici\u00f3n de personas"},"content":{"rendered":"\n<p class=\"wp-block-paragraph\">Crucial reconocer los derechos de las v\u00edctimas y se escuche su voz con atenci\u00f3n, \u00a0empat\u00eda y respeto a su dignidad<\/p>\n\n\n\n<p class=\"wp-block-paragraph\">Mensaje con motivo del D\u00eda Internacional de las V\u00edctimas de Desapariciones Forzadas<\/p>\n\n\n\n<p class=\"wp-block-paragraph\">Redacci\u00f3n<br>SemM\u00e9xico\/ONU Noticias, Ciudad de M\u00e9xico, 30 de agosto, &nbsp;2024.- En el marco del&nbsp;D\u00eda Internacional de las V\u00edctimas de Desapariciones Forzadas, la Oficina en M\u00e9xico del Alto Comisionado de las Naciones Unidas para los Derechos Humanos (ONU-DH) anima respetuosamente al Estado mexicano, especialmente a las autoridades electas, federales y estatales, a adoptar una agenda vigorosa que proteja a todas las personas contra las desapariciones e impulse las soluciones que las v\u00edctimas y sus familias merecen.<br><br>Especialmente el d\u00eda de hoy, es crucial que se reconozcan los derechos de las v\u00edctimas y se escuche su voz con la atenci\u00f3n y la empat\u00eda que exige el respeto a su dignidad.<br><br>Desde la ONU-DH se alienta a que todos los esfuerzos llevados a cabo por las autoridades -junto con los avances normativos, institucionales y jurisprudenciales que se registran en M\u00e9xico- se consoliden en una pol\u00edtica de Estado y se traduzcan en resultados tangibles. Para este fin, el di\u00e1logo franco y honesto con las familias es fundamental.<br><br>Para tal efecto, la ONU-DH ha identificado diez temas prioritarios que considera oportuno fortalecer y sobre los cuales ofrecemos nuestras asistencia y cooperaci\u00f3n t\u00e9cnicas:<\/p>\n\n\n\n<ol start=\"1\" class=\"wp-block-list\">\n<li>Asegurar el derecho a la participaci\u00f3n de las v\u00edctimas de desaparici\u00f3n, atenderles adecuadamente y brindarles una reparaci\u00f3n integral.<\/li>\n\n\n\n<li>Garantizar la protecci\u00f3n efectiva de todas las personas buscadoras ante los riesgos y ataques que enfrentan.<\/li>\n\n\n\n<li>Fortalecer la Comisi\u00f3n Nacional y las comisiones estatales de b\u00fasqueda, incluyendo sus consejos ciudadanos, as\u00ed como las instituciones forenses y de identificaci\u00f3n humana.<\/li>\n\n\n\n<li>Investigar de manera adecuada y diligentemente los delitos relacionados con la desaparici\u00f3n de personas.<\/li>\n\n\n\n<li>Continuar el fortalecimiento de la coordinaci\u00f3n entre las autoridades responsables de la b\u00fasqueda e investigaci\u00f3n, garantizar que las personas servidoras p\u00fablicas cuenten con perfiles id\u00f3neos y que las instituciones dispongan de los recursos necesarios.<\/li>\n\n\n\n<li>Desarrollar e implementar una estrategia nacional de prevenci\u00f3n de las desapariciones, bajo un enfoque de seguridad ciudadana y fundamentada en el respeto y la protecci\u00f3n de los derechos humanos.<\/li>\n\n\n\n<li>Profundizar los esfuerzos de capacitaci\u00f3n al personal judicial en el manejo de casos de desaparici\u00f3n, especialmente en los procedimientos de juicio de amparo y de declaraci\u00f3n especial de ausencia por desaparici\u00f3n.<\/li>\n\n\n\n<li>Garantizar el funcionamiento efectivo y, en su caso expedir, las herramientas previstas en la Ley General en la materia, tales como registros, bancos de informaci\u00f3n, programas, leyes locales y reglamentos.<\/li>\n\n\n\n<li>Retomar y reforzar los trabajos por la verdad, la justicia, las memorias y el esclarecimiento hist\u00f3rico, relacionados con las violaciones graves a los derechos humanos cometidas de 1965 a 1990.<\/li>\n\n\n\n<li>Impulsar la implementaci\u00f3n de las recomendaciones de organismos internacionales de derechos humanos, en especial del Comit\u00e9 contra la Desaparici\u00f3n Forzada de la ONU, y asegurar el cumplimiento de sus resoluciones y Acciones Urgentes.<\/li>\n<\/ol>\n\n\n\n<p class=\"wp-block-paragraph\">Estos temas prioritarios retoman lo dispuesto por los organismos internacionales de derechos humanos. Por ello, en el marco del D\u00eda Internacional, desde ONU-DH hemos publicado la cuarta edici\u00f3n del libro \u201c<a href=\"https:\/\/hchr.us14.list-manage.com\/track\/click?u=54ff874b5ab8ff86ab68f4f15&amp;id=e2c7e61946&amp;e=0820a58aca\" target=\"_blank\" rel=\"noreferrer noopener\">La desaparici\u00f3n forzada en M\u00e9xico: una mirada desde los organismos del sistema de Naciones Unidas<\/a>\u201d, mejor conocido como&nbsp;<em>El Libro Verde<\/em>. Por primera vez, esta publicaci\u00f3n cuenta con una Presentaci\u00f3n a cargo del Alto Comisionado de las Naciones Unidas para los Derechos Humanos. Recuperamos las palabras del Se\u00f1or Volker T\u00fcrk: la \u201ccuarta edici\u00f3n de la publicaci\u00f3n (\u2026) compila las observaciones, recomendaciones, informes, normativa y casos de los distintos mecanismos de derechos humanos de las Naciones Unidas, relevantes para M\u00e9xico. Conf\u00edo en que esta publicaci\u00f3n ayude a los esfuerzos de las autoridades mexicanas y la sociedad, incluyendo a las v\u00edctimas y familiares, para prevenir y enfrentar la desaparici\u00f3n forzada y para promover los derechos humanos (\u2026)\u201d.<br><br>Finalmente, en el D\u00eda Internacional, reafirmamos el compromiso expresado por el propio Volker T\u00fcrk en la Presentaci\u00f3n de&nbsp;<em>El Libro Verde&nbsp;<\/em>de seguir \u201ccooperando con las autoridades mexicanas, las organizaciones de la sociedad civil, las v\u00edctimas y familiares.\u201d<br><br><br><\/p>\n","protected":false},"excerpt":{"rendered":"<p>Crucial reconocer los derechos de las v\u00edctimas y se escuche su voz con atenci\u00f3n, \u00a0empat\u00eda y respeto a su dignidad Mensaje con motivo del D\u00eda Internacional de las V\u00edctimas de Desapariciones Forzadas Redacci\u00f3nSemM\u00e9xico\/ONU Noticias, Ciudad de M\u00e9xico, 30 de agosto, &nbsp;2024.- En el marco del&nbsp;D\u00eda Internacional de las V\u00edctimas de Desapariciones Forzadas, la Oficina en [&hellip;]<\/p>\n","protected":false},"author":3,"featured_media":86394,"comment_status":"open","ping_status":"open","sticky":false,"template":"","format":"standard","meta":{"_monsterinsights_skip_tracking":false,"footnotes":""},"categories":[694,48],"tags":[],"class_list":["post-86393","post","type-post","status-publish","format-standard","has-post-thumbnail","category-destacadas","category-no-mas-impunidad-no-mas-impunidad"],"_links":{"self":[{"href":"https:\/\/redsemlac.com\/semmexico\/wp-json\/wp\/v2\/posts\/86393","targetHints":{"allow":["GET"]}}],"collection":[{"href":"https:\/\/redsemlac.com\/semmexico\/wp-json\/wp\/v2\/posts"}],"about":[{"href":"https:\/\/redsemlac.com\/semmexico\/wp-json\/wp\/v2\/types\/post"}],"author":[{"embeddable":true,"href":"https:\/\/redsemlac.com\/semmexico\/wp-json\/wp\/v2\/users\/3"}],"replies":[{"embeddable":true,"href":"https:\/\/redsemlac.com\/semmexico\/wp-json\/wp\/v2\/comments?post=86393"}],"version-history":[{"count":0,"href":"https:\/\/redsemlac.com\/semmexico\/wp-json\/wp\/v2\/posts\/86393\/revisions"}],"wp:featuredmedia":[{"embeddable":true,"href":"https:\/\/redsemlac.com\/semmexico\/wp-json\/wp\/v2\/media\/86394"}],"wp:attachment":[{"href":"https:\/\/redsemlac.com\/semmexico\/wp-json\/wp\/v2\/media?parent=86393"}],"wp:term":[{"taxonomy":"category","embeddable":true,"href":"https:\/\/redsemlac.com\/semmexico\/wp-json\/wp\/v2\/categories?post=86393"},{"taxonomy":"post_tag","embeddable":true,"href":"https:\/\/redsemlac.com\/semmexico\/wp-json\/wp\/v2\/tags?post=86393"}],"curies":[{"name":"wp","href":"https:\/\/api.w.org\/{rel}","templated":true}]}}