{"id":86384,"date":"2024-08-30T13:20:03","date_gmt":"2024-08-30T19:20:03","guid":{"rendered":"https:\/\/redsemlac.com\/semmexico\/?p=86384"},"modified":"2024-08-30T13:20:05","modified_gmt":"2024-08-30T19:20:05","slug":"opinion-violencia-de-genero-con-sello-taliban","status":"publish","type":"post","link":"https:\/\/redsemlac.com\/semmexico\/opinion-violencia-de-genero-con-sello-taliban\/","title":{"rendered":"Opini\u00f3n| Violencia de g\u00e9nero con sello talib\u00e1n"},"content":{"rendered":"\n<p class=\"wp-block-paragraph\"><strong>Claudia&nbsp;&nbsp;&nbsp; Corichi<\/strong><\/p>\n\n\n\n<p class=\"wp-block-paragraph\">SemM\u00e9xico,&nbsp; Cd. de M\u00e9xico, 30 de agosto, 2024.- Este 30 de agosto se cumplen tres a\u00f1os del final de la misi\u00f3n estadunidense en Afganist\u00e1n que comenz\u00f3 despu\u00e9s de los atentados de septiembre 11. Ese d\u00eda parti\u00f3 el \u00faltimo avi\u00f3n que completaba la evacuaci\u00f3n de 120 mil personas de origen extranjero ante el avance del Ej\u00e9rcito Talib\u00e1n hacia la capital Kabul. Pr\u00e1cticamente ning\u00fan extranjero decidi\u00f3 permanecer en suelo afgano por las restricciones y las duras medidas adoptadas por el r\u00e9gimen extremista que han reaparecido contra mujeres y ni\u00f1as.<\/p>\n\n\n\n<p class=\"wp-block-paragraph\">En estos a\u00f1os la situaci\u00f3n econ\u00f3mica y social del pa\u00eds ha empeorado, producto del aislamiento con el resto del mundo por el fanatismo y la intolerancia del grupo en el poder. Estados Unidos y la Uni\u00f3n Europea suspendieron relaciones diplom\u00e1ticas y cualquier tipo de negocios; agencias de Naciones Unidas y organismos no gubernamentales abandonaron ese territorio ante la falta de garant\u00edas y de seguridad.<\/p>\n\n\n\n<p class=\"wp-block-paragraph\">Tras ser desplazados del poder en 2001, los talibanes impusieron su versi\u00f3n m\u00e1s radical de la shar\u00eda (ley isl\u00e1mica) en los territorios rurales que dominaban tanto en Afganist\u00e1n como en la vecina Pakist\u00e1n. La mano dura iba dirigida contra la educaci\u00f3n y las mujeres, a las que prohibieron salir de casa si no eran acompa\u00f1adas de un var\u00f3n. Destruyeron escuelas y monumentos hist\u00f3ricos como las estatuas de Buda en la provincia de Bamiy\u00e1n.<\/p>\n\n\n\n<p class=\"wp-block-paragraph\">La valent\u00eda de Malala Yousafzai en denunciar p\u00fablicamente el cierre de escuelas y la prohibici\u00f3n de las ni\u00f1as de asistir a la secundaria casi le cuesta la vida a manos de milicianos talibanes que le dispararon por \u201cpromover la cultura occidental\u201d. Malala fue reconocida con el Premio N\u00f3bel de la Paz hace una d\u00e9cada.<\/p>\n\n\n\n<p class=\"wp-block-paragraph\">Sin embargo, su lucha y los avances alcanzados se desvanecieron y las grandes perdedoras son todas las mujeres que viven en un clima de terror y zozobra permanentes por el radicalismo del movimiento talib\u00e1n que ha cometido incontables abusos contra los derechos humanos. Una ley de moralidad de 35 art\u00edculos promulgada la semana pasada proh\u00edbe que se escuchen las voces de mujeres en espacios p\u00fablicos y que sus rostros se muestren en la calle; estos tendr\u00e1n que estar cubiertos bajo el hiyab (velo isl\u00e1mico) para evitar \u201ccausar tentaci\u00f3n\u201d.<\/p>\n\n\n\n<p class=\"wp-block-paragraph\">La norma, ratificada por el l\u00edder espiritual supremo tiene el prop\u00f3sito de \u201ccombatir el vicio y promover la virtud\u201d; tambi\u00e9n proh\u00edbe el uso de cosm\u00e9ticos o perfume con el fin de que no imiten a las mujeres no musulmanas. Se les niega mirar a hombres que no sean sus parientes y abordar un transporte si no van acompa\u00f1adas de un \u201ctutor\u201d. Evitar en p\u00fablico la voz de las mujeres incluye cantar, recitar o hablar frente a un micr\u00f3fono.<\/p>\n\n\n\n<p class=\"wp-block-paragraph\">La sevicia contra las mujeres en Afganist\u00e1n ha despertado un rechazo un\u00e1nime en todo el mundo. Preocupa la indefensi\u00f3n y el estado de terror al que son sometidas en su vida diaria. Se trata en los hechos de millones de mujeres que viven en una especie de prisi\u00f3n al aire libre desde que nacen. A partir de que el grupo fundamentalista retomara el poder en 2021, la situaci\u00f3n de ni\u00f1as y mujeres no ha hecho sino empeorar al estar envueltas en una espiral que las deshumaniza, las invisibiliza, las desprecia y ahora, las silencia.<\/p>\n\n\n\n<p class=\"wp-block-paragraph\">La lucha contin\u00faa mientras una ni\u00f1a no pueda ir a la escuela, mientras vivan violencia detr\u00e1s de un hiyab impuesto, mientras se proh\u00edba su voz en p\u00fablico. Es inhumano, es desgarrador y es imposible desde todos los lugares del mundo no alzar la voz y exigir que esto pare.<\/p>\n\n\n\n<p class=\"wp-block-paragraph\">@ClauCorichi<\/p>\n","protected":false},"excerpt":{"rendered":"<p>Claudia&nbsp;&nbsp;&nbsp; Corichi SemM\u00e9xico,&nbsp; Cd. de M\u00e9xico, 30 de agosto, 2024.- Este 30 de agosto se cumplen tres a\u00f1os del final de la misi\u00f3n estadunidense en Afganist\u00e1n que comenz\u00f3 despu\u00e9s de los atentados de septiembre 11. Ese d\u00eda parti\u00f3 el \u00faltimo avi\u00f3n que completaba la evacuaci\u00f3n de 120 mil personas de origen extranjero ante el avance [&hellip;]<\/p>\n","protected":false},"author":3,"featured_media":79168,"comment_status":"open","ping_status":"open","sticky":false,"template":"","format":"standard","meta":{"_monsterinsights_skip_tracking":false,"footnotes":""},"categories":[82,110,35],"tags":[],"class_list":["post-86384","post","type-post","status-publish","format-standard","has-post-thumbnail","category-la-opinion","category-la-opinion-columnas","category-opinion"],"_links":{"self":[{"href":"https:\/\/redsemlac.com\/semmexico\/wp-json\/wp\/v2\/posts\/86384","targetHints":{"allow":["GET"]}}],"collection":[{"href":"https:\/\/redsemlac.com\/semmexico\/wp-json\/wp\/v2\/posts"}],"about":[{"href":"https:\/\/redsemlac.com\/semmexico\/wp-json\/wp\/v2\/types\/post"}],"author":[{"embeddable":true,"href":"https:\/\/redsemlac.com\/semmexico\/wp-json\/wp\/v2\/users\/3"}],"replies":[{"embeddable":true,"href":"https:\/\/redsemlac.com\/semmexico\/wp-json\/wp\/v2\/comments?post=86384"}],"version-history":[{"count":0,"href":"https:\/\/redsemlac.com\/semmexico\/wp-json\/wp\/v2\/posts\/86384\/revisions"}],"wp:featuredmedia":[{"embeddable":true,"href":"https:\/\/redsemlac.com\/semmexico\/wp-json\/wp\/v2\/media\/79168"}],"wp:attachment":[{"href":"https:\/\/redsemlac.com\/semmexico\/wp-json\/wp\/v2\/media?parent=86384"}],"wp:term":[{"taxonomy":"category","embeddable":true,"href":"https:\/\/redsemlac.com\/semmexico\/wp-json\/wp\/v2\/categories?post=86384"},{"taxonomy":"post_tag","embeddable":true,"href":"https:\/\/redsemlac.com\/semmexico\/wp-json\/wp\/v2\/tags?post=86384"}],"curies":[{"name":"wp","href":"https:\/\/api.w.org\/{rel}","templated":true}]}}