{"id":86382,"date":"2024-08-30T13:13:01","date_gmt":"2024-08-30T19:13:01","guid":{"rendered":"https:\/\/redsemlac.com\/semmexico\/?p=86382"},"modified":"2024-08-30T13:13:17","modified_gmt":"2024-08-30T19:13:17","slug":"tras-la-puerta-del-poder-vestido-de-dracula-gerardo-fernandez-norona-fue-ungido-presidente-del-senado","status":"publish","type":"post","link":"https:\/\/redsemlac.com\/semmexico\/tras-la-puerta-del-poder-vestido-de-dracula-gerardo-fernandez-norona-fue-ungido-presidente-del-senado\/","title":{"rendered":"Tras la puerta del poder| Vestido de Dr\u00e1cula, Gerardo Fern\u00e1ndez Noro\u00f1a fue ungido presidente del Senado"},"content":{"rendered":"\n<p class=\"wp-block-paragraph\">&nbsp;Roberto Vizca\u00edno<\/p>\n\n\n\n<p class=\"wp-block-paragraph\">SemM\u00e9xico, Cd. de M\u00e9xico, 30 de agosto, 2024.- Lejos del r\u00edspido clima de confrontaci\u00f3n permanente, de las descalificaciones y vituperios en que se desenvolvieron las diferentes bancadas en las legislaturas que concluyen, los nuevos diputados y senadores -muchos de ellos reelectos-, instalaron ayer sus respectivas c\u00e1maras en un clima de civilidad, juraron respetar la Constituci\u00f3n a reserva de que si no lo hacen el pueblo se los demande, y eligieron por unanimidad como sus presidentes en la C\u00e1mara de Diputados a la reconocida economista\u00a0<strong>Ifigenia Mart\u00ednez<\/strong>\u00a0y en el Senado al impredecible y para muchos impresentable petista\u00a0<strong>Gerardo Fern\u00e1ndez Noro\u00f1a<\/strong>.<\/p>\n\n\n\n<p class=\"wp-block-paragraph\"><strong>Ifigenia Mart\u00ednez&nbsp;<\/strong>ser\u00e1 as\u00ed quien entregue el 1 de octubre la Banda Presidencial a la primera presidenta de M\u00e9xico,&nbsp;<strong>Claudia Sheinbaum,<\/strong>&nbsp;el 1 de octubre pr\u00f3ximo.<\/p>\n\n\n\n<p class=\"wp-block-paragraph\">En el Senado la instalaci\u00f3n de la nueva legislatura la encabez\u00f3 en su calidad de decano el pri\u00edsta sonorense&nbsp;<strong>Manlio Fabio Beltrones<\/strong>, para dar paso a una votaci\u00f3n en la que por acuerdos entre las fracciones result\u00f3 designado presidente de la mesa para el primer a\u00f1o el rijoso e injurioso petista&nbsp;<strong>Gerardo&nbsp; Fern\u00e1ndez Noro\u00f1a<\/strong>, quien asumi\u00f3 su encargo enfundado en un atuendo&nbsp;<strong><em>draculesco<\/em><\/strong>, todo de negro y con un chaquet\u00f3n con solapas rojas.<\/p>\n\n\n\n<p class=\"wp-block-paragraph\">En su irreconocible y poco cre\u00edble actitud civilizada,&nbsp;<strong>Noro\u00f1a<\/strong>&nbsp;prometi\u00f3 comportarse con respeto y pluralidad, pero termin\u00f3 ech\u00e1ndole loas a la 4T y al presidente&nbsp;<strong>Andr\u00e9s Manuel L\u00f3pez Obrador<\/strong>&nbsp;sin los cuales, dijo, \u00e9l, un miembro del lumpenproletariado \u2013\u201csector social m\u00e1s bajo desprovisto de conciencia de clase social\u201d-, era impensable poder llegar a ser presidente del Senado.<\/p>\n\n\n\n<p class=\"wp-block-paragraph\">No hace mucho&nbsp;<strong>Noro\u00f1a<\/strong>&nbsp;subi\u00f3 un video a redes sociales en que se quejaba de que&nbsp;<strong>AMLO<\/strong>&nbsp;siempre lo hab\u00eda despreciado, que evitaba saludarlo, y que siempre le hab\u00eda negado una pl\u00e1tica.<\/p>\n\n\n\n<p class=\"wp-block-paragraph\">El ahora presidente del Senado acus\u00f3 igualmente a&nbsp;<strong>AMLO&nbsp;<\/strong>de no cumplir con su palabra porque seg\u00fan sus promesas y compromisos dentro de la contienda interna de Morena, a \u00e9l -a&nbsp;<strong>Noro\u00f1a<\/strong>&#8211; le correspond\u00eda coordinar la bancada de Morena en el Senado y en cambio ese encargo se lo dio a&nbsp;<strong>Ad\u00e1n Augusto L\u00f3pez<\/strong>.<\/p>\n\n\n\n<p class=\"wp-block-paragraph\">Todos esos agravios quedaron en el olvido. Y ayer&nbsp;<strong>Noro\u00f1a<\/strong>&nbsp;sali\u00f3 del primer Pleno de la nueva legislatura casi en hombros rodeado y lleno de abrazos y saludos de decenas de sus seguidores.<\/p>\n\n\n\n<p class=\"wp-block-paragraph\">\u00c9l, el m\u00e1s feliz de la tierra.<\/p>\n\n\n\n<p class=\"wp-block-paragraph\">La personalidad del Dr\u00e1cula de Iztapalapa acapar\u00f3 la atenci\u00f3n y opac\u00f3 la asistencia de otros muchos personajes hoy igual senadores de la Rep\u00fablica. Ya pr\u00e1cticamente nadie se acerc\u00f3 a los panistas&nbsp;<strong>Ricardo Anaya<\/strong>,&nbsp;<strong>Marko Cortes, Miguel \u00c1ngel Yunes<\/strong>&nbsp;y la aguerrida&nbsp;<strong>Lily T\u00e9llez<\/strong>.<\/p>\n\n\n\n<p class=\"wp-block-paragraph\">Igual transitaron sin mayores atenciones&nbsp;<strong>Marcelo Ebrard<\/strong>&nbsp;-gran perdedor de la interna de Morena-,&nbsp;<strong>Alejandro Esquer<\/strong>&nbsp;exsecretario particular de&nbsp;<strong>AMLO<\/strong>,&nbsp;<strong>Javier Corral<\/strong>&nbsp;quien en media sesi\u00f3n fue informado que le recetaron otra orden de aprehensi\u00f3n desde Chihuahua, ni&nbsp;<strong>Omar Garc\u00eda Hartfuch<\/strong>&nbsp;a quien el Cartel Jalisco Nueva Generaci\u00f3n le ha puesto precio.<\/p>\n\n\n\n<p class=\"wp-block-paragraph\">Menos caso le hicieron a&nbsp;<strong>Alejandro&nbsp;<em>Alito<\/em>&nbsp;Moreno<\/strong>, ni a&nbsp;<strong>Manlio<\/strong>.<\/p>\n\n\n\n<p class=\"wp-block-paragraph\">Hoy est\u00e1 instalado el Congreso y el domingo se realizar\u00e1 la sesi\u00f3n solemne de apertura del nuevo per\u00edodo para que en la semana que entra comiencen a integrarse las comisiones en ambas c\u00e1maras y poder tramitar las 20 reformas constitucionales propuestas por el mandatario saliente.<\/p>\n\n\n\n<p class=\"wp-block-paragraph\">En el ojo del hurac\u00e1n nacional e internacional las reformas al Poder Judicial -con su intenci\u00f3n de que ministros, magistrados y jueces sean electos por el voto popular y al parejo desaparezcan una decena de organismos aut\u00f3nomos, entre ellos el INE.<\/p>\n\n\n\n<p class=\"wp-block-paragraph\">Inicia as\u00ed una nueva legislatura que al parecer introducir\u00e1 cambios Constitucionales que a juicio de muchos dentro y fuera del pa\u00eds trastocar\u00e1 de ra\u00edz al Sistema econ\u00f3mico, pol\u00edtico y social para darle curso a un&nbsp; nuevo r\u00e9gimen con perfiles autoritarios.<\/p>\n\n\n\n<p class=\"wp-block-paragraph\">Las reformas constitucionales que est\u00e1n planteadas y que ser\u00e1n tramitadas casi&nbsp;<strong><em>fast-track<\/em><\/strong>&nbsp;durante septiembre -para que Andr\u00e9s Manuel L\u00f3pez Obrador las promulgue antes de su salida el 1 de octubre-, anular\u00e1n los contrapesos presidenciales y concentrar\u00e1 todo el poder en s\u00f3lo \u00e9l o la jefa del Ejecutivo.<\/p>\n\n\n\n<p class=\"wp-block-paragraph\">La reforma al Poder Judicial sin embargo anular\u00e1 al Estado de Derecho como se conoce hoy y generar\u00e1 -afirman consultoras, grandes empresas, bancos, pol\u00edticos, estudiosos, analistas financieros y otros muchos-, incertidumbre jur\u00eddica sin la cual habr\u00e1 fuga masiva de capitales y pr\u00e1cticamente cero inversi\u00f3n nacional y extranjera.<\/p>\n\n\n\n<p class=\"wp-block-paragraph\">Los efectos igual pondr\u00e1n en riesgo la vigencia del T-MEC que hoy representa la columna vertebral de la econom\u00eda mexicana y de la generaci\u00f3n de bienes, productos y empleos.<\/p>\n\n\n\n<p class=\"wp-block-paragraph\">No falta mucho para ver si esas proyecciones y advertencias tiene fundamento.<\/p>\n\n\n\n<p class=\"wp-block-paragraph\"><strong>PROTEGER A LOS NI\u00d1OS DE LOS INCENDIOS<\/strong><\/p>\n\n\n\n<p class=\"wp-block-paragraph\">Una de las peores tragedias de la vida es la de ver a ni\u00f1os y ni\u00f1as v\u00edctimas de incendios.<\/p>\n\n\n\n<p class=\"wp-block-paragraph\">Por ello el prop\u00f3sito de protegerlos de estos percances es una de las tareas m\u00e1s urgentes entre los profesionales anti-incendios.<\/p>\n\n\n\n<p class=\"wp-block-paragraph\">Liderados por el Consejo Nacional de Protecci\u00f3n Contra Incendio y la Asociaci\u00f3n Mexicana de Rociadores Autom\u00e1ticos Contra Incendios, organizaciones como la CONCANACO, CANAME, CINCER, Fundaci\u00f3n&nbsp;<strong><em>Michou y Mau<\/em><\/strong>, Fundaci\u00f3n Mapfre, CANACINE, CONACOMEE, Tooltoys, Museo Memoria y Tolerancia, CANAGRAF, Constantine Editores, EMA,CANAINCA y el Colegio Mexicano de Profesionales en Gesti\u00f3n de Riesgos y Protecci\u00f3n Civil, acordaron unir esfuerzos para crear una sociedad m\u00e1s resiliente desde la primera infancia, a trav\u00e9s del programa&nbsp;<strong><em>\u00a1Aprende a mantenerte seguro!<\/em><\/strong><\/p>\n\n\n\n<p class=\"wp-block-paragraph\">Se busca estandarizar y homologar la capacitaci\u00f3n en prevenci\u00f3n de incendios para ni\u00f1os en edad preescolar, promoviendo una cultura de protecci\u00f3n y reducci\u00f3n de riesgos a nivel nacional. Por ello acordaron colaborar activamente en la prevenci\u00f3n de incendios y quemaduras, apoyando el Programa de Educaci\u00f3n P\u00fablica para identificar \u00e1reas de oportunidad para alcanzar un M\u00e9xico libre de v\u00edctimas de incendios.<\/p>\n\n\n\n<p class=\"wp-block-paragraph\">Los objetivos de dicho acuerdo son: 1). Implementar programas educativos de prevenci\u00f3n desde la etapa preescolar. 2). Aumentar la visibilidad y concientizaci\u00f3n sobre los riesgos del fuego. 3). Actualizar la informaci\u00f3n y regulaciones en manuales con la experiencia de cada entidad. 4). Mejorar continuamente el programa identificando y aprovechando \u00e1reas de oportunidad. 5). Difundir de manera efectiva el mensaje de \u00abUnidos por un M\u00e9xico Sin V\u00edctimas de Fuego\u00bb y \u00abLa Lucha es de Todos\u00bb.<\/p>\n\n\n\n<p class=\"wp-block-paragraph\">\u2026 \/ Twitter: @_Vizcaino \/ Facebook<\/p>\n\n\n\n<p class=\"wp-block-paragraph\">\/&nbsp;<a href=\"https:\/\/www.facebook.com\/rvizcainoa\" target=\"_blank\" rel=\"noreferrer noopener\">https:\/\/www.facebook.com\/rvizcainoa<\/a><\/p>\n","protected":false},"excerpt":{"rendered":"<p>&nbsp;Roberto Vizca\u00edno SemM\u00e9xico, Cd. de M\u00e9xico, 30 de agosto, 2024.- Lejos del r\u00edspido clima de confrontaci\u00f3n permanente, de las descalificaciones y vituperios en que se desenvolvieron las diferentes bancadas en las legislaturas que concluyen, los nuevos diputados y senadores -muchos de ellos reelectos-, instalaron ayer sus respectivas c\u00e1maras en un clima de civilidad, juraron respetar [&hellip;]<\/p>\n","protected":false},"author":3,"featured_media":39589,"comment_status":"open","ping_status":"open","sticky":false,"template":"","format":"standard","meta":{"_monsterinsights_skip_tracking":false,"footnotes":""},"categories":[35,623,622],"tags":[],"class_list":["post-86382","post","type-post","status-publish","format-standard","has-post-thumbnail","category-opinion","category-roberto-vizcaino","category-tras-la-puerta-del-poder"],"_links":{"self":[{"href":"https:\/\/redsemlac.com\/semmexico\/wp-json\/wp\/v2\/posts\/86382","targetHints":{"allow":["GET"]}}],"collection":[{"href":"https:\/\/redsemlac.com\/semmexico\/wp-json\/wp\/v2\/posts"}],"about":[{"href":"https:\/\/redsemlac.com\/semmexico\/wp-json\/wp\/v2\/types\/post"}],"author":[{"embeddable":true,"href":"https:\/\/redsemlac.com\/semmexico\/wp-json\/wp\/v2\/users\/3"}],"replies":[{"embeddable":true,"href":"https:\/\/redsemlac.com\/semmexico\/wp-json\/wp\/v2\/comments?post=86382"}],"version-history":[{"count":0,"href":"https:\/\/redsemlac.com\/semmexico\/wp-json\/wp\/v2\/posts\/86382\/revisions"}],"wp:featuredmedia":[{"embeddable":true,"href":"https:\/\/redsemlac.com\/semmexico\/wp-json\/wp\/v2\/media\/39589"}],"wp:attachment":[{"href":"https:\/\/redsemlac.com\/semmexico\/wp-json\/wp\/v2\/media?parent=86382"}],"wp:term":[{"taxonomy":"category","embeddable":true,"href":"https:\/\/redsemlac.com\/semmexico\/wp-json\/wp\/v2\/categories?post=86382"},{"taxonomy":"post_tag","embeddable":true,"href":"https:\/\/redsemlac.com\/semmexico\/wp-json\/wp\/v2\/tags?post=86382"}],"curies":[{"name":"wp","href":"https:\/\/api.w.org\/{rel}","templated":true}]}}