{"id":86363,"date":"2024-08-29T11:16:42","date_gmt":"2024-08-29T17:16:42","guid":{"rendered":"https:\/\/redsemlac.com\/semmexico\/?p=86363"},"modified":"2024-08-29T11:16:44","modified_gmt":"2024-08-29T17:16:44","slug":"aguascalientes-limita-a-6-semanas-el-acceso-al-aborto-y-otras-excepciones-de-1931-que-significa","status":"publish","type":"post","link":"https:\/\/redsemlac.com\/semmexico\/aguascalientes-limita-a-6-semanas-el-acceso-al-aborto-y-otras-excepciones-de-1931-que-significa\/","title":{"rendered":"Aguascalientes limita a 6 semanas el acceso al aborto,\u00a0 y\u00a0 otras excepciones de\u00a0 1931 \u00bfqu\u00e9 significa?"},"content":{"rendered":"\n<p class=\"wp-block-paragraph\">Marcha en CDMX a favor del aborto. | Foto: Andrea Murcia Monsivais \/ Cuartoscuro.com<\/p>\n\n\n\n<p class=\"wp-block-paragraph\">Un serio intento de volver a criminalizar, quita excepciones&nbsp; por salud&nbsp; e imprudencia<\/p>\n\n\n\n<p class=\"wp-block-paragraph\">El Congreso de Aguascalientes aprob\u00f3 una reforma al c\u00f3digo penal estatal que reduce de 12 a 6 semanas de gestaci\u00f3n el l\u00edmite para acceder a la interrupci\u00f3n legal del embarazo<\/p>\n\n\n\n<p class=\"wp-block-paragraph\"><strong>Sara Lovera&nbsp;<\/strong><\/p>\n\n\n\n<p class=\"wp-block-paragraph\">SemM\u00e9xico\/ El Sol de M\u00e9xico, Cd. de M\u00e9xico, 29 de agosto, 2024.- La disposici\u00f3n del&nbsp;Congreso de Aguascalientes&nbsp;para reducir de 12 a 6 semanas el l\u00edmite para interrumpir un embarazo&nbsp;es insostenible desde el punto de vista cient\u00edfico o bio\u00e9tico e incluso religioso.<\/p>\n\n\n\n<p class=\"wp-block-paragraph\">Es una regresi\u00f3n a los derechos humanos de las mujeres, sostiene la ginecolog\u00eda moderna porque&nbsp;<strong>la mayor\u00eda de las mujeres no est\u00e1n seguras de su embarazo a las 6 semanas<\/strong>.<\/p>\n\n\n\n<p class=\"wp-block-paragraph\">Si ese es el l\u00edmite&nbsp;<strong>ya no tendr\u00edan tiempo de tomar una decisi\u00f3n consciente<\/strong>, afirma la Asociaci\u00f3n Americana del Embarazo.<\/p>\n\n\n\n<p class=\"wp-block-paragraph\"><strong>\u00bfC\u00f3mo se determin\u00f3 el plazo de 12 semanas para la interrupci\u00f3n legal del embarazo?<\/strong><\/p>\n\n\n\n<p class=\"wp-block-paragraph\">Mujeres de Cat\u00f3licas por el Derecho a Decidir han argumentado que el l\u00edmite de 12 semanas no es capricho, sino que se origin\u00f3 en la lectura de los padres de la iglesia.<\/p>\n\n\n\n<p class=\"wp-block-paragraph\"><strong>San Agust\u00edn y Santo Tom\u00e1s de Aquino dieron la clave para ese l\u00edmite bio\u00e9tico<\/strong>&nbsp;porque estos dos fil\u00f3sofos sostuvieron que&nbsp;<strong>el alma no entra al feto hasta los 90 d\u00edas de la gestaci\u00f3n<\/strong>.<\/p>\n\n\n\n<p class=\"wp-block-paragraph\">Desde el punto de vista cient\u00edfico y jur\u00eddico,&nbsp;<strong>Jorge Carpizo, ex rector de la UNAM<\/strong>, afirm\u00f3 que las 12 semanas se establecen debido a que&nbsp;<strong>hasta ese periodo un feto no ha desarrollado la corteza cerebral<\/strong>.<\/p>\n\n\n\n<p class=\"wp-block-paragraph\">\u201c<strong>Dentro de ese lapso el embri\u00f3n no es un individuo biol\u00f3gico caracterizado, ni una persona, tampoco un ser humano<\/strong>. El embri\u00f3n no tiene las condiciones que particularizan al ser humano, en virtud de que carece de las estructuras, las conexiones y las funciones nerviosas necesarias para ello y, desde luego,&nbsp;<strong>es incapaz de sufrir o de gozar<\/strong>. Biol\u00f3gicamente&nbsp;<strong>no puede consider\u00e1rsele un ser humano<\/strong>\u00ab.<\/p>\n\n\n\n<p class=\"wp-block-paragraph\">Hoy la decisi\u00f3n del Congreso, dice la ex diputada&nbsp;<strong>Martha Tagle<\/strong>, hace inviable lo que se ha avanzado, porque la reducci\u00f3n a 6 semanas&nbsp;<strong>hace casi imposible acceder a este derecho<\/strong>&nbsp;pues para notar y confirmar un embarazo pasan al menos 4 semanas.<\/p>\n\n\n\n<p class=\"wp-block-paragraph\"><img loading=\"lazy\" decoding=\"async\" alt=\"Una mujer en frente de edificio\n\nDescripci\u00f3n generada autom\u00e1ticamente\" src=\"https:\/\/lh7-rt.googleusercontent.com\/docsz\/AD_4nXcNI5kfJNNZhx8T1pDOTZWlVxVosf2gFY4vH6jGdeltM_U5m13UOiUKSiCTMoF-OBNZO8BpbDt9xGyrv-trBhHbrr-cqxHYM0DnEiCXSN1Gad1wWRXRU1GNXQTttMwsjz-z458W3oNiV5_es9r1g_-LNgtJ6S9MZZV-z70-AB8m_GU7SuCNwg?key=q-Lur7l_-9rai9buq6tlmQ\" width=\"635\" height=\"405\">Foto: Karla Barba \/ El Sol del Centro<\/p>\n\n\n\n<p class=\"wp-block-paragraph\">Respecto a calcular el embarazo,&nbsp;<strong>es dif\u00edcil saber exactamente cu\u00e1ndo se produjo la ovulaci\u00f3n<\/strong>, por lo que el embarazo siempre se determina a partir del&nbsp;<strong>primer d\u00eda de su \u00faltimo periodo menstrual<\/strong>&nbsp;(LMP).<\/p>\n\n\n\n<p class=\"wp-block-paragraph\">La doctora&nbsp;<strong>Jen Villavicencio<\/strong>, una ginecoobstetra que da conferencias en la&nbsp;<strong>Universidad de Medicina de Michigan<\/strong>&nbsp;y tambi\u00e9n es integrante del&nbsp;<strong>Colegio Americano de Obstetras y Ginec\u00f3logos<\/strong>, se\u00f1al\u00f3 hace dos a\u00f1os -en el contexto de la reducci\u00f3n a seis semanas en Texas- que entre 45 y 49 por ciento de los embarazos no son planeados.<\/p>\n\n\n\n<p class=\"wp-block-paragraph\"><strong>\u00bfQu\u00e9 implica la reforma sobre el aborto que aprob\u00f3 Aguascalientes?<\/strong><\/p>\n\n\n\n<p class=\"wp-block-paragraph\">Adem\u00e1s de reducir el n\u00famero de semanas de gestaci\u00f3n en que se podr\u00eda acceder al aborto en la Aguascalientes, la iniciativa presentada ante el Congreso local en materia de interrupci\u00f3n del embarazo tambi\u00e9n hace unas<strong>&nbsp;modificaciones a las causales para abortar:<\/strong><\/p>\n\n\n\n<ul class=\"wp-block-list\">\n<li>Elimina las causales de riesgo a la vida y la salud.<\/li>\n\n\n\n<li>Solicita que en casos de alteraciones gen\u00e9ticas dos m\u00e9dicos certifiquen la gravedad para dar la autorizaci\u00f3n<\/li>\n\n\n\n<li>Elimina la causal imprudencial, aborto accidental y crea una nueva sobre aborto espont\u00e1neo en la que dos m\u00e9dicos tienen que certificar que fue espont\u00e1neo y no provocado.<\/li>\n<\/ul>\n\n\n\n<p class=\"wp-block-paragraph\">De acuerdo con la abogada&nbsp;<strong>Nilde MolRe<\/strong>, esto \u00faltimo&nbsp;<strong>es imposible de corroborar porque no existen pruebas de laboratorio, qu\u00edmicas o f\u00edsicas en las cuales se pueda determinar esta situaci\u00f3n<\/strong>.<\/p>\n\n\n\n<p class=\"wp-block-paragraph\"><img loading=\"lazy\" decoding=\"async\" alt=\"Una persona con un sombrero verde\n\nDescripci\u00f3n generada autom\u00e1ticamente con confianza media\" src=\"https:\/\/lh7-rt.googleusercontent.com\/docsz\/AD_4nXcmQJq2yJKQMsNiWIfT27oTi0ZGFcM-0xRS5GPJmP7aKzTbRNjqKT_kTn8MlcAvJd-HTxzT198MKyRjnS7EwBE7MXe4Zi1HDXzDWpNVDAXoRpVqU5MZQVUIhfyS_B8Cy26jIRu9LzkDK1rUBnyf81d3mZNnz15wh5tg_IWT0ZdENjblZ3bIR1g?key=q-Lur7l_-9rai9buq6tlmQ\" width=\"635\" height=\"405\">Marcha en CDMX a favor del aborto. | Foto: Andrea Murcia Monsivais \/ Cuartoscuro.com<\/p>\n\n\n\n<p class=\"wp-block-paragraph\"><strong>Los abortos espont\u00e1neos, accidentales e inducidos tienen las mismas caracter\u00edsticas.<\/strong><\/p>\n\n\n\n<p class=\"wp-block-paragraph\">\u201cEsto pone en riesgo de criminalizaci\u00f3n a todas las personas con posibilidad de gestar pero en especial ni\u00f1as, adolescentes, personas con discapacidad, personas ind\u00edgenas, de bajos recursos\u201d, se\u00f1ala la abogada.<\/p>\n\n\n\n<p class=\"wp-block-paragraph\"><strong>La reforma al C\u00f3digo Penal fue presentada por 20 de los 27 legisladores<\/strong>, entre ellos integrantes del PAN, PRI, PRD, Morena y el PVEM, mientras que una ley \u201cpara la protecci\u00f3n de la vida\u201d fue enviada por Teresa Jim\u00e9nez<\/p>\n\n\n\n<p class=\"wp-block-paragraph\">Pasaron ocho meses para que el plan del gobierno de la panista&nbsp;<strong>Teresa Jim\u00e9nez<\/strong>&nbsp;para impulsar una contrarreforma a la despenalizaci\u00f3n del aborto en Aguascalientes pudiera concretarse.<\/p>\n\n\n\n<p class=\"wp-block-paragraph\">\u201cEs un retroceso hacia los derechos ya ganados y peleados por nosotras, esta iniciativa de hecho es peor que lo que ten\u00edamos antes en la Ley. Se buscar\u00e1n las medidas legales ya que el Congreso no entiende de di\u00e1logos, nuevamente iremos a la Corte \u201d, dice Ang\u00e9lica Contreras, integrante de la organizaci\u00f3n civil Cultivando G\u00e9nero.<\/p>\n\n\n\n<p class=\"wp-block-paragraph\">La despenalizaci\u00f3n de la interrupci\u00f3n del embarazo en este estado ocurri\u00f3 en las primeras semanas de diciembre de 2023, cuando ocho integrantes del Legislativo votaron \u2013en secreto\u2013 para avalar el cambio de ley que, en agosto de ese a\u00f1o,<strong>&nbsp;la Suprema Corte de Justicia de la Naci\u00f3n (SCJN) les hab\u00eda obligado a realizar tras un proceso de amparo<\/strong>&nbsp;impulsado por cuatro organizaciones locales, entre ellas Cultivando G\u00e9nero y el Grupo de Informaci\u00f3n en Reproducci\u00f3n Elegida (GIRE).<\/p>\n\n\n\n<p class=\"wp-block-paragraph\">Presionada por grupos conservadores y de ultraderecha \u2013basti\u00f3n electoral de Acci\u00f3n Nacional\u2013,&nbsp;<strong>la mandataria reprob\u00f3 el hecho d\u00edas despu\u00e9s de la aprobaci\u00f3n<\/strong>. Luego, en un video donde aparec\u00eda con integrantes de la bancada del PAN en el Congreso,&nbsp;<strong>anunci\u00f3 un plan legislativo para combatir el cambio de ley.<\/strong><\/p>\n\n\n\n<p class=\"wp-block-paragraph\"><img loading=\"lazy\" decoding=\"async\" alt=\"Una persona con la mano en la calle\n\nDescripci\u00f3n generada autom\u00e1ticamente con confianza media\" src=\"https:\/\/lh7-rt.googleusercontent.com\/docsz\/AD_4nXdUQnAEEMgKSGmJHsWg7zKC15zVE5b7EU2Tz34XehiWFarS3WEMiLfk0R_fWuglWlroHgGAPlKxbHSRc7Rqats57BH-43WEh_Ia6bglEgT1UBRnm7gmoh5_z_godKkzZLHgJehlzcFueSwaxj3MgfsxAyrPiOnJnbM8JLutvce-uQAWTHVNcYs?key=q-Lur7l_-9rai9buq6tlmQ\" width=\"635\" height=\"405\">Foto: Karla Barba \/ El Sol del Centro<\/p>\n\n\n\n<p class=\"wp-block-paragraph\">\u201c<strong>El Gobierno del estado, y en lo personal como gobernadora de Aguascalientes, somos provida<\/strong>. Nosotros no podemos obligar a los m\u00e9dicos a practicar ning\u00fan aborto, a pesar de que la Suprema Corte ha resuelto que suceda alguna situaci\u00f3n en el Congreso\u201d, dijo entonces la gobernadora.<\/p>\n\n\n\n<p class=\"wp-block-paragraph\">La ley no obliga a ning\u00fan personal m\u00e9dico a realizar interrupciones del embarazo, pero s\u00ed&nbsp;<strong>obliga al Estado a contar con especialistas que puedan realizarlo.<\/strong><\/p>\n\n\n\n<p class=\"wp-block-paragraph\">Jim\u00e9nez nunca se ha reunido con grupos feministas, pero s\u00ed lo ha hecho, por ejemplo, con el Frente Nacional por la Familia, con quienes incluso ha firmado acuerdos de pol\u00edtica p\u00fablica.<\/p>\n\n\n\n<p class=\"wp-block-paragraph\">A partir de la entrada en vigor de la reforma, toda mujer o persona gestante que decida concluir con su embarazo despu\u00e9s de las seis semanas ser\u00e1 castigada con&nbsp;<strong>c\u00e1rcel de entre 3 y 6 meses y el pago de 500 a mil d\u00edas de multa.<\/strong>&nbsp;La sanci\u00f3n para el&nbsp;<strong>personal<\/strong>&nbsp;<strong>m\u00e9dico<\/strong>&nbsp;que lo practique es mayor: de&nbsp;<strong>6 a 1 a\u00f1o de prisi\u00f3n y de mil 500 a 2 mil d\u00edas de multa<\/strong>.<\/p>\n\n\n\n<p class=\"wp-block-paragraph\">La reforma no s\u00f3lo sanciona a las mujeres que por decisi\u00f3n propia decidan abortar, sino tambi\u00e9n a aquellas que lo hagan de forma involuntaria, pues&nbsp;<strong>se extiende la sanci\u00f3n penal para las que cometan aborto de forma culposa<\/strong>, es decir, de forma espont\u00e1nea o por alg\u00fan tema de salud.<\/p>\n\n\n\n<p class=\"wp-block-paragraph\">Y pone un obst\u00e1culo m\u00e1s:&nbsp;<strong>dos m\u00e9dicos especialistas diagnosticar\u00e1n si existe \u201craz\u00f3n suficiente para determinar que el aborto fue espont\u00e1neo o que el producto presenta alteraciones gen\u00e9ticas\u201d<\/strong>.<\/p>\n\n\n\n<p class=\"wp-block-paragraph\">La propuesta de reforma al C\u00f3digo Penal lleg\u00f3 al Congreso apenas el 23 de agosto pasado, el mismo d\u00eda fue turnada a la Comisi\u00f3n de Justicia, presidida por el tambi\u00e9n panista Luis Enrique Garc\u00eda L\u00f3pez, investigado por un desfalco millonario en el Congreso, revelado en una investigaci\u00f3n period\u00edstica en 2021.<\/p>\n\n\n\n<p class=\"wp-block-paragraph\"><img loading=\"lazy\" decoding=\"async\" src=\"https:\/\/lh7-rt.googleusercontent.com\/docsz\/AD_4nXcKQOlG5PLX5SDBwDSB18W-Rde8Ak0S6ldrXUHsnus9aFQpuxttKxcX4Bu9-9SwhtcLganYIk5njB_3VTpL0iUyOLH48MP53eukgcOFERc9bX28BBliDXKsHhNKoHOobm45wyYySoTtv3HdgcMcx-fRhVF_G3kSrQrdqMo2GXl_VspYuTGYAA?key=q-Lur7l_-9rai9buq6tlmQ\" width=\"635\" height=\"405\">Protesta en el Palacio Legislativo de Aguascalientes contra la reducci\u00f3n de semanas para la interrupci\u00f3n legal del embarazo. | Foto: Karla Barba \/ El Sol del Centro<\/p>\n\n\n\n<p class=\"wp-block-paragraph\">\u201c<strong>El derecho de una mujer a decidir sobre su cuerpo, aunque esencial, no se considera absoluto en todos los casos<\/strong>. Este derecho debe equilibrarse con otros derechos igualmente importantes, como el&nbsp;<strong>derecho a la vida<\/strong>\u201d, se\u00f1alaba la iniciativa, que incluye argumentos sin aval cient\u00edfico, como que las mujeres que deciden abortar sufren de \u201c<strong>trastornos psiqui\u00e1tricos como respuesta a una desregulaci\u00f3n emocional<\/strong>\u201d.<\/p>\n\n\n\n<p class=\"wp-block-paragraph\">A\u00f1ade que Aguascalientes es \u201cel primer estado familiarmente sostenible en el pa\u00eds\u201d, aunque la entidad ha ocupado los primeros lugares en el pa\u00eds en casos relacionados con violencia intrafamiliar y contra las mujeres.<\/p>\n\n\n\n<p class=\"wp-block-paragraph\"><strong>Ang\u00e9lica Contreras<\/strong>, de Cultivando G\u00e9nero, explica que tras la despenalizaci\u00f3n&nbsp;<strong>al menos 70 mujeres y personas gestantes accedieron al aborto seguro en cl\u00ednicas del estado<\/strong>. La organizaci\u00f3n tambi\u00e9n percibi\u00f3 menor temor a pedir informes, sin embargo,&nbsp;<strong>el sistema de salud local sigui\u00f3 obstaculizando el acceso a la interrupci\u00f3n<\/strong>&nbsp;y con las organizaciones sociales que lo promovieron el gobierno cerr\u00f3 por completo el di\u00e1logo.<\/p>\n\n\n\n<p class=\"wp-block-paragraph\">\u201cLo que vimos fue un cambio en el \u00e1nimo de las personas, el problema fue que eso no se vio reflejado en los servicios de atenci\u00f3n, porque si bien hay aliadas dentro de estos sistemas, otras personas buscaron sobre todo obstaculizar a partir de, por ejemplo, decirles que ten\u00eda que pasar su caso al Comit\u00e9 de Aborto para que \u00e9ste evaluara y pudiera decidir si s\u00ed o si no pod\u00eda proceder, esto adem\u00e1s de cuestionar la decisi\u00f3n de ellas, retrasa el procedimiento al volverlo un tema burocr\u00e1tico, y entonces luego ya hab\u00eda pasado la temporalidad permitida, que es de 12 semanas. Con la reforma ser\u00e1 peor porque criminaliza a\u00fan m\u00e1s\u201d.<\/p>\n","protected":false},"excerpt":{"rendered":"<p>Marcha en CDMX a favor del aborto. | Foto: Andrea Murcia Monsivais \/ Cuartoscuro.com Un serio intento de volver a criminalizar, quita excepciones&nbsp; por salud&nbsp; e imprudencia El Congreso de Aguascalientes aprob\u00f3 una reforma al c\u00f3digo penal estatal que reduce de 12 a 6 semanas de gestaci\u00f3n el l\u00edmite para acceder a la interrupci\u00f3n legal [&hellip;]<\/p>\n","protected":false},"author":3,"featured_media":86366,"comment_status":"open","ping_status":"open","sticky":false,"template":"","format":"standard","meta":{"_monsterinsights_skip_tracking":false,"footnotes":""},"categories":[748],"tags":[],"class_list":["post-86363","post","type-post","status-publish","format-standard","has-post-thumbnail","category-cultura-feminista"],"_links":{"self":[{"href":"https:\/\/redsemlac.com\/semmexico\/wp-json\/wp\/v2\/posts\/86363","targetHints":{"allow":["GET"]}}],"collection":[{"href":"https:\/\/redsemlac.com\/semmexico\/wp-json\/wp\/v2\/posts"}],"about":[{"href":"https:\/\/redsemlac.com\/semmexico\/wp-json\/wp\/v2\/types\/post"}],"author":[{"embeddable":true,"href":"https:\/\/redsemlac.com\/semmexico\/wp-json\/wp\/v2\/users\/3"}],"replies":[{"embeddable":true,"href":"https:\/\/redsemlac.com\/semmexico\/wp-json\/wp\/v2\/comments?post=86363"}],"version-history":[{"count":0,"href":"https:\/\/redsemlac.com\/semmexico\/wp-json\/wp\/v2\/posts\/86363\/revisions"}],"wp:featuredmedia":[{"embeddable":true,"href":"https:\/\/redsemlac.com\/semmexico\/wp-json\/wp\/v2\/media\/86366"}],"wp:attachment":[{"href":"https:\/\/redsemlac.com\/semmexico\/wp-json\/wp\/v2\/media?parent=86363"}],"wp:term":[{"taxonomy":"category","embeddable":true,"href":"https:\/\/redsemlac.com\/semmexico\/wp-json\/wp\/v2\/categories?post=86363"},{"taxonomy":"post_tag","embeddable":true,"href":"https:\/\/redsemlac.com\/semmexico\/wp-json\/wp\/v2\/tags?post=86363"}],"curies":[{"name":"wp","href":"https:\/\/api.w.org\/{rel}","templated":true}]}}