{"id":86330,"date":"2024-08-28T14:17:44","date_gmt":"2024-08-28T20:17:44","guid":{"rendered":"https:\/\/redsemlac.com\/semmexico\/?p=86330"},"modified":"2024-08-28T17:48:16","modified_gmt":"2024-08-28T23:48:16","slug":"aguascalientes-reduce-de-12-a-6-semanas-plazo-para-que-aborto-sea-legal","status":"publish","type":"post","link":"https:\/\/redsemlac.com\/semmexico\/aguascalientes-reduce-de-12-a-6-semanas-plazo-para-que-aborto-sea-legal\/","title":{"rendered":"Aguascalientes reduce de 12 a 6 semanas plazo para que aborto sea legal"},"content":{"rendered":"\n<p class=\"wp-block-paragraph\">Protesta en el Palacio Legislativo de Aguascalientes contra la reducci\u00f3n de semanas para la interrupci\u00f3n legal del embarazo. | Foto: Karla Barba \/ El Sol del Centro<\/p>\n\n\n\n<p class=\"wp-block-paragraph\">Pese a las protestas, el Congreso de Aguascalientes aprob\u00f3 las modificaciones al C\u00f3digo Penal que castigan con penas de tres a seis meses de prisi\u00f3n a quienes interrumpan su embarazo despu\u00e9s de las seis semanas<\/p>\n\n\n\n<p class=\"wp-block-paragraph\">Silvia Ortiz<\/p>\n\n\n\n<p class=\"wp-block-paragraph\">SemM\u00e9xico \/ El Sol del Centro, Aguascalientes, 28 de agosto, 2024.- El&nbsp;Congreso de Aguascalientes&nbsp;aprob\u00f3 una&nbsp;reforma al c\u00f3digo penal&nbsp;para&nbsp;reducir de 12 a 6 semanas&nbsp;el plazo para que la&nbsp;interrupci\u00f3n al embarazo sea legal.<\/p>\n\n\n\n<p class=\"wp-block-paragraph\">Con 19 votos a favor, seis en contra y una diputada ausente,&nbsp;se aprob\u00f3 la propuesta que modifica los art\u00edculos 101, 102, 103 y 196 del c\u00f3digo penal, a menos de un a\u00f1o de que se despenalizara el aborto en Aguascalientes.<\/p>\n\n\n\n<p class=\"wp-block-paragraph\"><img loading=\"lazy\" decoding=\"async\" alt=\"Edificio con letrero en frente y la mano en la calle\n\nDescripci\u00f3n generada autom\u00e1ticamente\" src=\"https:\/\/lh7-rt.googleusercontent.com\/docsz\/AD_4nXcabyBYxyV_27vPZ0jhYpqyBcQASJ0jlqZ3DLVsvCq85Yhk1cftVQ9XdiPU6hAmvaiGhjwp0m9A0KTw7vbFHASI-6XqXnkJFBJxftmjeKw_lS_XjPu4xZDQchyDcRRK9h0dMbUj6rymVXi3-RxsbNOC_UczVuiDsLsnBx8vmBjo7VeV1LxSuw?key=gGMQvs9A4wDCTOrruhgJ0g\" width=\"439\" height=\"280\">Foto: Karla Barba \/ El Sol del Centro<\/p>\n\n\n\n<p class=\"wp-block-paragraph\">La discusi\u00f3n de la llamada&nbsp;Ley de Protecci\u00f3n a la Vida, que se llev\u00f3 a cabo en medio de manifestaciones y una valla humana afuera del&nbsp;Palacio Legislativo,&nbsp;establece&nbsp;penas de tres a seis meses de prisi\u00f3n&nbsp;para quien&nbsp;interrumpa el embarazo despu\u00e9s de las seis semanas de gestaci\u00f3n.<\/p>\n\n\n\n<p class=\"wp-block-paragraph\">La diputada morenista&nbsp;Leslie Figueroa Trevi\u00f1o, que manifest\u00f3 su voto en contra, se\u00f1al\u00f3 que la presente Ley&nbsp;no es incluyente,&nbsp;el lenguaje no es claro y preciso, y que se est\u00e1n&nbsp;violentando los derechos de las personas&nbsp;del estado al dejar de lado el t\u00e9rmino&nbsp;personas gestantes.<\/p>\n\n\n\n<p class=\"wp-block-paragraph\"><img loading=\"lazy\" decoding=\"async\" alt=\"Una mujer en frente de edificio\n\nDescripci\u00f3n generada autom\u00e1ticamente\" src=\"https:\/\/lh7-rt.googleusercontent.com\/docsz\/AD_4nXdkoxtn5ZlryjB3UqZ4Z4pQpWuA1fMso1NS8to_Y2ot99A06Kzin51fxoSrUlRt8SXtOZ_TzIENnUxyVOwhJ36HAhXdmNkb_clliHTY9iy1EYt1XDSJ8rUzSMFny4Ua7Uh2cpPJ4e7PSfB2S4SzLvatR3GbQX_9_29kNopJP_tLawq0V7HpmA?key=gGMQvs9A4wDCTOrruhgJ0g\" width=\"480\" height=\"306\">Foto: Karla Barba \/ El Sol del Centro<\/p>\n\n\n\n<p class=\"wp-block-paragraph\">En ese tenor,&nbsp;el diputado Juan Carlos Regalado Ugartes&nbsp;sostuvo que dicha ley no es m\u00e1s que una representaci\u00f3n hip\u00f3crita en el c\u00f3digo civil;&nbsp;\u00abes absurdo que se quiera defender la vida en t\u00e9rminos morales, porque&nbsp;se les acaba cuando se trata de personas no binarias, lesbianas, trans\u00bb.<\/p>\n\n\n\n<p class=\"wp-block-paragraph\"><img loading=\"lazy\" decoding=\"async\" alt=\"Una persona con la mano en la calle\n\nDescripci\u00f3n generada autom\u00e1ticamente con confianza media\" src=\"https:\/\/lh7-rt.googleusercontent.com\/docsz\/AD_4nXdGNu8jbqFIvEZgE6Uam_9CUYjLvppvyhnETz5G6LZiURtgJHOWsYL6sZgEg-hrpjUmXdyd7ZW1cIiYrXqwk6KWP3MzlP25T1E6_YHYWGFJUlHYIIQ93py-x9lP9ncgB9iXo6JappgWjDunSLhOjZeUcEdWu-ue4KiRUSAZwUrs9h50dQf4Kpg?key=gGMQvs9A4wDCTOrruhgJ0g\" width=\"635\" height=\"405\">Foto: Karla Barba \/ El Sol del Centro<\/p>\n\n\n\n<p class=\"wp-block-paragraph\">Dicha ley \u00abes&nbsp;una afrenta grave a los derechos de las mujeres, de los derechos humanos,&nbsp;a\u00f1adiendo que es violatoria de los derechos de las mujeres y de los tratados internacionales\u00bb, por tanto, su voto fue en contra.<\/p>\n\n\n\n<p class=\"wp-block-paragraph\"><img loading=\"lazy\" decoding=\"async\" alt=\"Un grupo de personas caminando en la calle\n\nDescripci\u00f3n generada autom\u00e1ticamente\" src=\"https:\/\/lh7-rt.googleusercontent.com\/docsz\/AD_4nXdH9jPyHlNDvcpRWZ7wanwXjNTnHR8_YUM-nN6Vp8WreQbNNGgKSZaksnOpIzIGIqrhiZkwVBud8A9vSdMOceKPmcshRuasjpjFFgvkMfvJZDT4IpU06jdNqwT0wpOzSyZa_uyKpENZ5zF5d-fKJnrBADtVKH60JY9RdFaXPB6TG0sTEx9xLTE?key=gGMQvs9A4wDCTOrruhgJ0g\" width=\"635\" height=\"405\">Foto: Karla Barba \/ El Sol del Centro<\/p>\n","protected":false},"excerpt":{"rendered":"<p>Protesta en el Palacio Legislativo de Aguascalientes contra la reducci\u00f3n de semanas para la interrupci\u00f3n legal del embarazo. | Foto: Karla Barba \/ El Sol del Centro Pese a las protestas, el Congreso de Aguascalientes aprob\u00f3 las modificaciones al C\u00f3digo Penal que castigan con penas de tres a seis meses de prisi\u00f3n a quienes interrumpan [&hellip;]<\/p>\n","protected":false},"author":3,"featured_media":85535,"comment_status":"open","ping_status":"open","sticky":false,"template":"","format":"standard","meta":{"_monsterinsights_skip_tracking":false,"footnotes":""},"categories":[694],"tags":[],"class_list":["post-86330","post","type-post","status-publish","format-standard","has-post-thumbnail","category-destacadas"],"_links":{"self":[{"href":"https:\/\/redsemlac.com\/semmexico\/wp-json\/wp\/v2\/posts\/86330","targetHints":{"allow":["GET"]}}],"collection":[{"href":"https:\/\/redsemlac.com\/semmexico\/wp-json\/wp\/v2\/posts"}],"about":[{"href":"https:\/\/redsemlac.com\/semmexico\/wp-json\/wp\/v2\/types\/post"}],"author":[{"embeddable":true,"href":"https:\/\/redsemlac.com\/semmexico\/wp-json\/wp\/v2\/users\/3"}],"replies":[{"embeddable":true,"href":"https:\/\/redsemlac.com\/semmexico\/wp-json\/wp\/v2\/comments?post=86330"}],"version-history":[{"count":0,"href":"https:\/\/redsemlac.com\/semmexico\/wp-json\/wp\/v2\/posts\/86330\/revisions"}],"wp:featuredmedia":[{"embeddable":true,"href":"https:\/\/redsemlac.com\/semmexico\/wp-json\/wp\/v2\/media\/85535"}],"wp:attachment":[{"href":"https:\/\/redsemlac.com\/semmexico\/wp-json\/wp\/v2\/media?parent=86330"}],"wp:term":[{"taxonomy":"category","embeddable":true,"href":"https:\/\/redsemlac.com\/semmexico\/wp-json\/wp\/v2\/categories?post=86330"},{"taxonomy":"post_tag","embeddable":true,"href":"https:\/\/redsemlac.com\/semmexico\/wp-json\/wp\/v2\/tags?post=86330"}],"curies":[{"name":"wp","href":"https:\/\/api.w.org\/{rel}","templated":true}]}}