{"id":86324,"date":"2024-08-28T10:50:22","date_gmt":"2024-08-28T16:50:22","guid":{"rendered":"https:\/\/redsemlac.com\/semmexico\/?p=86324"},"modified":"2024-08-28T17:48:38","modified_gmt":"2024-08-28T23:48:38","slug":"suman-187-asesinatos-violentos-contra-mujeres-en-20-meses-en-oaxaca","status":"publish","type":"post","link":"https:\/\/redsemlac.com\/semmexico\/suman-187-asesinatos-violentos-contra-mujeres-en-20-meses-en-oaxaca\/","title":{"rendered":"Suman 187 asesinatos violentos contra mujeres en 20 meses en Oaxaca"},"content":{"rendered":"\n<ul class=\"wp-block-list\">\n<li>Los hechos ocurrieron en la poblaci\u00f3n de San Francisco del Mar<\/li>\n\n\n\n<li>El Istmo de Tehuantepec es la segunda regi\u00f3n con m\u00e1s casos, dice OSC<\/li>\n<\/ul>\n\n\n\n<p class=\"wp-block-paragraph\">Redacci\u00f3n<\/p>\n\n\n\n<p class=\"wp-block-paragraph\">SemM\u00e9xico, Oaxaca, 28 agosto,2024.- A los 184 asesinatos violentos, de acuerdo con el contador de feminicidios que publica en su p\u00e1gina web oficial de la organizaci\u00f3n Consorcio Oaxaca, ocurridos en los \u00faltimos 20 meses, lapso del gobierno morenista de Salom\u00f3n Jara Cruz, se suman tres m\u00e1s, los cuales ocurrieron este martes en la poblaci\u00f3n de San Francisco del Mar.<\/p>\n\n\n\n<p class=\"wp-block-paragraph\">En la poblaci\u00f3n ubicada en la regi\u00f3n del istmo, es la segunda con m\u00e1s feminicidios registrados en la entidad fueron hallados los cuerpos sin vida de una mujer adulta y dos menores de edad, madre e hijas, en la colonia Agua Dulce de dicha municipalidad, la Vicefiscal\u00eda Regional del Istmo inici\u00f3 con las primeras indagatorias.<\/p>\n\n\n\n<p class=\"wp-block-paragraph\">En un comunicado, la Fiscal\u00eda General del Estado de Oaxaca lleva a cabo labores multidisciplinarias -bajo el Protocolo de Investigaci\u00f3n Ministerial, Policial y Pericial del Delito de Feminicidio-, en este caso ocurridas este martes en el Istmo de Tehuantepec.<\/p>\n\n\n\n<p class=\"wp-block-paragraph\">Para fortalecer las investigaciones y realizarlas con perspectiva de g\u00e9nero e infancia y adolescencia, as\u00ed como efectuar el an\u00e1lisis y contexto del hecho, personal de la Fiscal\u00eda Especializada para la Atenci\u00f3n de Delitos contra la Mujer por Raz\u00f3n de G\u00e9nero, Fiscal\u00eda Especializada en Feminicidios, e integrantes de la Unidad de An\u00e1lisis y Contexto, se trasladaron al lugar, con el objetivo de robustecer los trabajos ministeriales.<\/p>\n\n\n\n<p class=\"wp-block-paragraph\">SEM\/sj<\/p>\n","protected":false},"excerpt":{"rendered":"<p>Redacci\u00f3n SemM\u00e9xico, Oaxaca, 28 agosto,2024.- A los 184 asesinatos violentos, de acuerdo con el contador de feminicidios que publica en su p\u00e1gina web oficial de la organizaci\u00f3n Consorcio Oaxaca, ocurridos en los \u00faltimos 20 meses, lapso del gobierno morenista de Salom\u00f3n Jara Cruz, se suman tres m\u00e1s, los cuales ocurrieron este martes en la poblaci\u00f3n [&hellip;]<\/p>\n","protected":false},"author":3,"featured_media":86325,"comment_status":"open","ping_status":"open","sticky":false,"template":"","format":"standard","meta":{"_monsterinsights_skip_tracking":false,"footnotes":""},"categories":[700],"tags":[],"class_list":["post-86324","post","type-post","status-publish","format-standard","has-post-thumbnail","category-estados"],"_links":{"self":[{"href":"https:\/\/redsemlac.com\/semmexico\/wp-json\/wp\/v2\/posts\/86324","targetHints":{"allow":["GET"]}}],"collection":[{"href":"https:\/\/redsemlac.com\/semmexico\/wp-json\/wp\/v2\/posts"}],"about":[{"href":"https:\/\/redsemlac.com\/semmexico\/wp-json\/wp\/v2\/types\/post"}],"author":[{"embeddable":true,"href":"https:\/\/redsemlac.com\/semmexico\/wp-json\/wp\/v2\/users\/3"}],"replies":[{"embeddable":true,"href":"https:\/\/redsemlac.com\/semmexico\/wp-json\/wp\/v2\/comments?post=86324"}],"version-history":[{"count":0,"href":"https:\/\/redsemlac.com\/semmexico\/wp-json\/wp\/v2\/posts\/86324\/revisions"}],"wp:featuredmedia":[{"embeddable":true,"href":"https:\/\/redsemlac.com\/semmexico\/wp-json\/wp\/v2\/media\/86325"}],"wp:attachment":[{"href":"https:\/\/redsemlac.com\/semmexico\/wp-json\/wp\/v2\/media?parent=86324"}],"wp:term":[{"taxonomy":"category","embeddable":true,"href":"https:\/\/redsemlac.com\/semmexico\/wp-json\/wp\/v2\/categories?post=86324"},{"taxonomy":"post_tag","embeddable":true,"href":"https:\/\/redsemlac.com\/semmexico\/wp-json\/wp\/v2\/tags?post=86324"}],"curies":[{"name":"wp","href":"https:\/\/api.w.org\/{rel}","templated":true}]}}