{"id":86308,"date":"2024-08-28T10:34:51","date_gmt":"2024-08-28T16:34:51","guid":{"rendered":"https:\/\/redsemlac.com\/semmexico\/?p=86308"},"modified":"2024-08-28T10:36:26","modified_gmt":"2024-08-28T16:36:26","slug":"es-derecho-humano-contar-con-satisfaccion-justa-por-el-estado-en-casos-de-abuso-de-autoridad-instituto-federal-de-la-defensoria-publica","status":"publish","type":"post","link":"https:\/\/redsemlac.com\/semmexico\/es-derecho-humano-contar-con-satisfaccion-justa-por-el-estado-en-casos-de-abuso-de-autoridad-instituto-federal-de-la-defensoria-publica\/","title":{"rendered":"Es\u00a0 derecho humano contar con\u00a0 satisfacci\u00f3n justa por el Estado en casos de abuso de autoridad: Instituto Federal de la Defensor\u00eda P\u00fablica\u00a0\u00a0"},"content":{"rendered":"\n<p class=\"wp-block-paragraph\">Neftal\u00ed P\u00e9rez:\u00a0 es sumamente importante cuantificar la reparaci\u00f3n cuando el da\u00f1o es moral y f\u00edsico\u00a0<\/p>\n\n\n\n<p class=\"wp-block-paragraph\">Elda Montiel<\/p>\n\n\n\n<p class=\"wp-block-paragraph\">SemM\u00e9xico. Ciudad de M\u00e9xico, 28 de agosto 2024.- Se tienen hasta dos a\u00f1os a partir del abuso de la autoridad en casos de violaci\u00f3n grave a los derechos humanos en casos de tortura, y condenas injustas para solicitar indemnizaci\u00f3n y reparaci\u00f3n integral del da\u00f1o de acuerdo a la Ley Federal de Responsabilidad Patrimonial del Estado del 2002.&nbsp;<\/p>\n\n\n\n<p class=\"wp-block-paragraph\">El Instituto Federal de la Defensor\u00eda P\u00fablica (IFDP) proporciona la asesor\u00eda jur\u00eddica de manera gratuita, lo que explicaron en el episodio del podcast \u201cTe escuchamos \u201c del Consejo de la Judicatura Federal (CJF), los abogados&nbsp; Federico Manuel Rodr\u00edguez Paniagua, subdirector de Constitucionalidad en la Unidad de Litigio Estrat\u00e9gico en Derechos Humanos del IFDP y&nbsp; Neftal\u00ed P\u00e9rez Rodr\u00edguez, abogado del Centro de Derechos Humano Miguel Agust\u00edn Pro Ju\u00e1rez (Prodh).<\/p>\n\n\n\n<p class=\"wp-block-paragraph\">Para Federico Rodr\u00edguez es un derecho humano contar con una satisfacci\u00f3n justa por parte del Estado para quien padece violaci\u00f3n a los derechos humanos, no todo se arregla con dinero, cuando se habla de personas que han sido privadas de su libertad de forma injusta e indebida y han tenido que estar en lejos de su familia, o padecido&nbsp; tortura y no han sido atendidos psicol\u00f3gicamente o en forma adecuada, y esto impacta a la familia a lo largo de los a\u00f1os.&nbsp;<\/p>\n\n\n\n<p class=\"wp-block-paragraph\">Precisa que la reparaci\u00f3n integral del da\u00f1o es un mecanismo para que el Estado pueda reparar, indemnizar a las personas que hayan sufrido un da\u00f1o ya sea patrimonial, moral a sus derechos&nbsp; y a su persona con motivo de la actividad administrativa irregular que haya realizado algunos de sus servidores p\u00fablicos en la funci\u00f3n de sus deberes.&nbsp;<\/p>\n\n\n\n<p class=\"wp-block-paragraph\">Neftal\u00ed P\u00e9rez del Centro Prodh hace \u00e9nfasis que es importante que las&nbsp; personas sepan que tienen hasta dos a\u00f1os para reclamar, que si bien es dif\u00edcil t\u00e9cnicamente para avanzar busquen a las instituciones como la Defensor\u00eda P\u00fablica o a las organizaciones de derechos humanos como el Centro Prodh para que los puedan acompa\u00f1ar en estos procedimientos.&nbsp;<\/p>\n\n\n\n<p class=\"wp-block-paragraph\">Federico Rodr\u00edguez de la Defensor\u00eda P\u00fablica explic\u00f3 que el momento en que se presenta la reclamaci\u00f3n es ante la misma autoridad que cometi\u00f3 esa actividad administrativa irregular y es probable que va a buscar la manera de tratar de evitar admitir el procedimiento y entonces habr\u00e1 que impugnar esas decisiones, lo que lleva mucho tiempo. Una ventaja de acudir al Instituto de Defensor\u00eda P\u00fablica es que pueden mantener el procedimiento en sus diferente etapas&nbsp; de manera completamente gratuita, ya que la persona afectada tendr\u00eda que pagar abogados y resulta bastante oneroso, precis\u00f3.&nbsp;&nbsp;<\/p>\n\n\n\n<p class=\"wp-block-paragraph\">Tambi\u00e9n indic\u00f3 que la Ley Federal de Responsabilidad Patrimonial del Estado est\u00e1 reconocida en la Constituci\u00f3n desde el 2002 y&nbsp; hasta hace tres a\u00f1os hab\u00eda estados del pa\u00eds que no la hab\u00edan incluido en su legislaci\u00f3n, pero a partir de la gesti\u00f3n de la Unidad de Litigios Estrat\u00e9gicos del IFDP por la v\u00eda de juicios de amparo relacionados con esta omisi\u00f3n, ya se public\u00f3 la \u00faltima ley en el Estado de Guerrero, por lo que ya los 32 estados de la Rep\u00fablica cuentan con la Ley Estatal de Responsabilidad Patrimonial.&nbsp;<\/p>\n\n\n\n<p class=\"wp-block-paragraph\">Tambi\u00e9n explico que es hasta el 2011 con la reforma constitucional a los derechos humanos es que viene esta parte de la reparaci\u00f3n integral del da\u00f1o, ya que en un principio se pensaba en la Ley s\u00f3lo como una indemnizaci\u00f3n.&nbsp;<\/p>\n\n\n\n<p class=\"wp-block-paragraph\">La Corte Interamericana de Derechos Humanos (CIDH) ha dicho que la Reparaci\u00f3n Integral del Da\u00f1o comprende medidas de satisfacci\u00f3n, de&nbsp; no repetici\u00f3n, entre otras, y estos est\u00e1ndares han sido recogidos por la Suprema Corte de Justicia de la Naci\u00f3n a trav\u00e9s de distintos litigios que han&nbsp; llevado a cabo organizaciones de la sociedad civil, personas en lo particular e instituciones como el Instituto Federal de la Defensor\u00eda P\u00fablica.<\/p>\n\n\n\n<p class=\"wp-block-paragraph\">Neftal\u00ed P\u00e9rez&nbsp; explic\u00f3 que es sumamente dif\u00edcil cuantificar la reparaci\u00f3n cuando el da\u00f1o es moral y f\u00edsico se tiene que tomar en cuenta el proyecto de vida de las personas, cuando el caso es de privaci\u00f3n de la libertad.&nbsp;<\/p>\n\n\n\n<p class=\"wp-block-paragraph\">Como ejemplo cit\u00f3 que muchas veces la autoridad pide constancias de los da\u00f1os, y por ejemplo en una persona que tuvo que ir diez a\u00f1os al juzgado a darle seguimiento a su proceso es muy dif\u00edcil tener comprobantes de transporte, copias, comida. En ese tipo de casos, se\u00f1ala que las autoridades tienen que ser m\u00e1s flexibles tomar en cuenta el contexto y las circunstancias personales cuando sufri\u00f3 ese da\u00f1o.&nbsp;<\/p>\n\n\n\n<p class=\"wp-block-paragraph\">Por otra parte, en el t\u00e9rmino de los plazos hasta dos a\u00f1os, se comienzan a contar a partir de que surgen los efectos del da\u00f1o. Mencion\u00f3 que el centro Prodh, acompa\u00f1o a una mujer en Veracruz v\u00edctima de tortura sexual en 2012 y presentaron la reclamaci\u00f3n en el 2016. Cuatro a\u00f1os despu\u00e9s, pero como ella recupero su libertad en el 2015 apenas hab\u00eda transcurrido un a\u00f1o y estaban a tiempo de iniciar un proceso de responsabilidad.<\/p>\n\n\n\n<p class=\"wp-block-paragraph\">Tambi\u00e9n de acuerdo a las experiencias del Centro Prodh se ha visto que de acuerdo a la Ley de responsabilidad de los servidores p\u00fablicos debe resolverse en tres meses a partir de que se presenta la reclamaci\u00f3n, lo que le da certeza de que se va a resolver.&nbsp;<\/p>\n\n\n\n<p class=\"wp-block-paragraph\">Una recomendaci\u00f3n a las personas que inician un procedimiento de reclamaci\u00f3n es acudir al Instituto de la Defensor\u00eda P\u00fablica o a organizaciones como el Centro Prodh, para que los acompa\u00f1en.&nbsp;<\/p>\n\n\n\n<p class=\"wp-block-paragraph\">Al respecto Neftal\u00ed P\u00e9rez puso sobre la mesa el tema que deber\u00eda ser m\u00e1s accesible el mecanismo para que una persona pudiera ir, por ejemplo ante el IMSS por una negligencia m\u00e9dica decirle tu rep\u00e1rame el da\u00f1o de una negligencia m\u00e9dica. Sin embargo ven que ninguna autoridad quiere hacerse responsable y se les obliga a cumplir con su responsabilidad, por lo que hay litigios con m\u00e1s de 6 a\u00f1os.&nbsp;<\/p>\n","protected":false},"excerpt":{"rendered":"<p>Neftal\u00ed P\u00e9rez:\u00a0 es sumamente importante cuantificar la reparaci\u00f3n cuando el da\u00f1o es moral y f\u00edsico\u00a0 Elda Montiel SemM\u00e9xico. Ciudad de M\u00e9xico, 28 de agosto 2024.- Se tienen hasta dos a\u00f1os a partir del abuso de la autoridad en casos de violaci\u00f3n grave a los derechos humanos en casos de tortura, y condenas injustas para solicitar [&hellip;]<\/p>\n","protected":false},"author":3,"featured_media":86309,"comment_status":"open","ping_status":"open","sticky":false,"template":"","format":"standard","meta":{"_monsterinsights_skip_tracking":false,"footnotes":""},"categories":[48],"tags":[],"class_list":["post-86308","post","type-post","status-publish","format-standard","has-post-thumbnail","category-no-mas-impunidad-no-mas-impunidad"],"_links":{"self":[{"href":"https:\/\/redsemlac.com\/semmexico\/wp-json\/wp\/v2\/posts\/86308","targetHints":{"allow":["GET"]}}],"collection":[{"href":"https:\/\/redsemlac.com\/semmexico\/wp-json\/wp\/v2\/posts"}],"about":[{"href":"https:\/\/redsemlac.com\/semmexico\/wp-json\/wp\/v2\/types\/post"}],"author":[{"embeddable":true,"href":"https:\/\/redsemlac.com\/semmexico\/wp-json\/wp\/v2\/users\/3"}],"replies":[{"embeddable":true,"href":"https:\/\/redsemlac.com\/semmexico\/wp-json\/wp\/v2\/comments?post=86308"}],"version-history":[{"count":0,"href":"https:\/\/redsemlac.com\/semmexico\/wp-json\/wp\/v2\/posts\/86308\/revisions"}],"wp:featuredmedia":[{"embeddable":true,"href":"https:\/\/redsemlac.com\/semmexico\/wp-json\/wp\/v2\/media\/86309"}],"wp:attachment":[{"href":"https:\/\/redsemlac.com\/semmexico\/wp-json\/wp\/v2\/media?parent=86308"}],"wp:term":[{"taxonomy":"category","embeddable":true,"href":"https:\/\/redsemlac.com\/semmexico\/wp-json\/wp\/v2\/categories?post=86308"},{"taxonomy":"post_tag","embeddable":true,"href":"https:\/\/redsemlac.com\/semmexico\/wp-json\/wp\/v2\/tags?post=86308"}],"curies":[{"name":"wp","href":"https:\/\/api.w.org\/{rel}","templated":true}]}}