{"id":86277,"date":"2024-08-28T09:55:25","date_gmt":"2024-08-28T15:55:25","guid":{"rendered":"https:\/\/redsemlac.com\/semmexico\/?p=86277"},"modified":"2024-08-28T09:56:09","modified_gmt":"2024-08-28T15:56:09","slug":"congreso-en-el-inai-para-transitar-hacia-un-estado-abierto-el-28-y-29-de-agosto","status":"publish","type":"post","link":"https:\/\/redsemlac.com\/semmexico\/congreso-en-el-inai-para-transitar-hacia-un-estado-abierto-el-28-y-29-de-agosto\/","title":{"rendered":"Congreso en el INAI para transitar hacia un Estado Abierto, el 28 y 29 de agosto"},"content":{"rendered":"\n<p class=\"wp-block-paragraph\">Micaela M\u00e1rquez&nbsp;<\/p>\n\n\n\n<p class=\"wp-block-paragraph\">SemM\u00e9xico, Ciudad de M\u00e9xico,&nbsp; 27de agosto,&nbsp; 2024.- El Instituto Nacional de Transparencia, Acceso a la Informaci\u00f3n y Protecci\u00f3n de Datos Personales (INAI) realizar\u00e1 el Foro la VI Cumbre Nacional de Estado Abierto para analizar estrategias y mecanismos que materialicen la plena apertura institucional para la democracia y configuraci\u00f3n del Estado.&nbsp;<\/p>\n\n\n\n<p class=\"wp-block-paragraph\">El supuesto te\u00f3rico del Modelo de Estado Abierto es el \u00fanico proyecto estrat\u00e9gico y t\u00e9cnico que permite que la ciudadan\u00eda controle a la administraci\u00f3n p\u00fablica m\u00e1s all\u00e1 del voto electoral, la apertura de las instituciones.<\/p>\n\n\n\n<p class=\"wp-block-paragraph\">En la sede del INAI, el 28 y 29 agosto en la sede del INAI, a 10 a\u00f1os de la reforma constitucional en materia de transparencia (7 de febrero de 2014), consideran fundamental hacer un ejercicio de an\u00e1lisis y reflexi\u00f3n,&nbsp; respecto al modelo de Estado Abierto con la meta de resolver problemas p\u00fablicos a trav\u00e9s de la transparencia proactiva, la concreci\u00f3n, la innovaci\u00f3n social y la rendici\u00f3n de cuentas en colaboraci\u00f3n con los poderes Ejecutivo, Legislativo y Judicial as\u00ed como la academia, la sociedad civil y la ciudadan\u00eda.<\/p>\n\n\n\n<p class=\"wp-block-paragraph\">Se reunir\u00e1n especialistas nacionales e internacionales, legisladores e investigadores de transparencia, gobierno y justicia abiertos, libertad de expresi\u00f3n y periodismo, participaci\u00f3n ciudadana, inteligencia artificial, la agenda feminista y otras materias.<\/p>\n\n\n\n<p class=\"wp-block-paragraph\">La Cumbre Nacional de Estado Abierto es una iniciativa del INAI para contribuir al cumplimiento de los Objetivos de Desarrollo Sostenible (ODS) de la Organizaci\u00f3n de las Naciones Unidas (ONU), cuyo prop\u00f3sito es garantizar diversos derechos para no dejar a nadie atr\u00e1s. Para cumplir con los Objetivos de Desarrollo Sostenible y sus metas es indispensable transitar hacia un Estado Abierto.&nbsp;<\/p>\n\n\n\n<p class=\"wp-block-paragraph\">Durante la Cumbre Nacional de Estado Abierto se ofrecer\u00e1n conferencias, mesas de debate y conversaciones sobre libros de actualidad, el fen\u00f3meno de los discursos de odio en los medios de comunicaci\u00f3n y las redes sociales y la aplicaci\u00f3n de la inteligencia artificial en el sector p\u00fablico.<\/p>\n\n\n\n<p class=\"wp-block-paragraph\">Participar\u00e1n Javier Corral Jurado, senador electo; Viridiana R\u00edos, escritora y periodista de investigaci\u00f3n; \u00d3scar Oszlak, consultor internacional; Alejandra Lagunes, senadora; Juan Jes\u00fas Garza Onofre, investigador del Instituto de Investigaciones Jur\u00eddicas de la UNAM (IIJ-UNAM); Alejandra Naser, especialista del \u00c1rea Gesti\u00f3n P\u00fablica y Gobierno Abierto de la CEPAL; Adela Navarro, directora del semanario Zeta Tijuana; Daniel Moreno, director de Animal Pol\u00edtico; Glenda Michel, gerente de Pol\u00edticas P\u00fablicas de Meta Platforms Inc.; Peter Sharp, consultor internacional; Carlos Bravo Regidor, analista pol\u00edtico, y Eduardo Boh\u00f3rquez, director de la organizaci\u00f3n ciudadana Transparencia Mexicana, entre otras personalidades.&nbsp;&nbsp;<\/p>\n\n\n\n<p class=\"wp-block-paragraph\">En este contexto los paneles tem\u00e1ticos son \u201cDel Gobierno al Estado Abierto en M\u00e9xico\u201d, \u201cEl Congreso Abierto y sus desaf\u00edos\u201d, \u201cJusticia Abierta en el proceso de las reformas constitucionales\u201d, \u201cApertura institucional para la agenda feminista\u201d, \u201cTransparencia proactiva para la generaci\u00f3n de valor p\u00fablico\u201d, \u201cApertura institucional y redes de macrocriminalidad\u201d y \u201cApertura institucional para la democracia\u201d.<\/p>\n","protected":false},"excerpt":{"rendered":"<p>Micaela M\u00e1rquez&nbsp; SemM\u00e9xico, Ciudad de M\u00e9xico,&nbsp; 27de agosto,&nbsp; 2024.- El Instituto Nacional de Transparencia, Acceso a la Informaci\u00f3n y Protecci\u00f3n de Datos Personales (INAI) realizar\u00e1 el Foro la VI Cumbre Nacional de Estado Abierto para analizar estrategias y mecanismos que materialicen la plena apertura institucional para la democracia y configuraci\u00f3n del Estado.&nbsp; El supuesto te\u00f3rico [&hellip;]<\/p>\n","protected":false},"author":3,"featured_media":86279,"comment_status":"open","ping_status":"open","sticky":false,"template":"","format":"standard","meta":{"_monsterinsights_skip_tracking":false,"footnotes":""},"categories":[50,682],"tags":[1123,68,1122,828],"class_list":["post-86277","post","type-post","status-publish","format-standard","has-post-thumbnail","category-congreso","category-noticias","tag-cepal","tag-congreso","tag-estado-abierto","tag-inai"],"_links":{"self":[{"href":"https:\/\/redsemlac.com\/semmexico\/wp-json\/wp\/v2\/posts\/86277","targetHints":{"allow":["GET"]}}],"collection":[{"href":"https:\/\/redsemlac.com\/semmexico\/wp-json\/wp\/v2\/posts"}],"about":[{"href":"https:\/\/redsemlac.com\/semmexico\/wp-json\/wp\/v2\/types\/post"}],"author":[{"embeddable":true,"href":"https:\/\/redsemlac.com\/semmexico\/wp-json\/wp\/v2\/users\/3"}],"replies":[{"embeddable":true,"href":"https:\/\/redsemlac.com\/semmexico\/wp-json\/wp\/v2\/comments?post=86277"}],"version-history":[{"count":0,"href":"https:\/\/redsemlac.com\/semmexico\/wp-json\/wp\/v2\/posts\/86277\/revisions"}],"wp:featuredmedia":[{"embeddable":true,"href":"https:\/\/redsemlac.com\/semmexico\/wp-json\/wp\/v2\/media\/86279"}],"wp:attachment":[{"href":"https:\/\/redsemlac.com\/semmexico\/wp-json\/wp\/v2\/media?parent=86277"}],"wp:term":[{"taxonomy":"category","embeddable":true,"href":"https:\/\/redsemlac.com\/semmexico\/wp-json\/wp\/v2\/categories?post=86277"},{"taxonomy":"post_tag","embeddable":true,"href":"https:\/\/redsemlac.com\/semmexico\/wp-json\/wp\/v2\/tags?post=86277"}],"curies":[{"name":"wp","href":"https:\/\/api.w.org\/{rel}","templated":true}]}}