{"id":86254,"date":"2024-08-27T10:50:40","date_gmt":"2024-08-27T16:50:40","guid":{"rendered":"https:\/\/redsemlac.com\/semmexico\/?p=86254"},"modified":"2024-08-27T10:50:43","modified_gmt":"2024-08-27T16:50:43","slug":"contaminantes-por-trafico-vehicular-podrian-ocasionar-repercusiones-neurologicas-que-afectan-de-manera-diferenciada-a-hombres-y-mujeres-2","status":"publish","type":"post","link":"https:\/\/redsemlac.com\/semmexico\/contaminantes-por-trafico-vehicular-podrian-ocasionar-repercusiones-neurologicas-que-afectan-de-manera-diferenciada-a-hombres-y-mujeres-2\/","title":{"rendered":"Contaminantes por tr\u00e1fico vehicular podr\u00edan ocasionar repercusiones neurol\u00f3gicas que afectan de manera diferenciada a hombres y mujeres"},"content":{"rendered":"\n<p class=\"wp-block-paragraph\">Por Sara Lovera<br><br>SemM\u00e9xico, Cd. de M\u00e9xico, 27 de agosto, 2024.-Las actuales regulaciones sobre part\u00edculas menores a 2.5 (PM2.5) pueden ser insuficientes para proteger al cerebro y evitar el desarrollo de problemas neuronales, como las enfermedades de Alzheimer, Parkinson; o bien, autismo, al menos en Estados Unidos, sugieren recientes estudios realizados en la Universidad de California, en Davis.<br>Seg\u00fan publica APL Bioengineering, el Alzheimer y el Parkinson afectan de manera diferente a hombres y mujeres, el g\u00e9nero influye en su tratamiento, dice un texto publicado por Callie M. Weber y Alisa Morss Clyne.<br>Una nueva investigaci\u00f3n ha revelado que los hombres y las mujeres se ven afectados de manera diferente por enfermedades cerebrales como el Alzheimer y el Parkinson, por lo que los investigadores instan a sus colegas a recordar esas diferencias al investigar tratamientos.<br>Los cient\u00edficos de la Universidad de Maryland (EE.UU.) destacan que esa creciente l\u00ednea de investigaci\u00f3n sugiere que las diferencias sexuales juegan un papel en la forma en que los pacientes responden a las enfermedades cerebrales, as\u00ed como a la esclerosis m\u00faltiple, la enfermedad de las neuronas motoras y otras dolencias cerebrales.<br>Anthony Wexler, director del Centro de Calidad del Aire en dicha instituci\u00f3n, que habl\u00f3 en la Universidad Nacional Aut\u00f3noma de M\u00e9xico (Unam) destac\u00f3, por ejemplo, que el Alzheimer es m\u00e1s frecuente en mujeres mayores que en hombres, mientras que el Parkinson afecta a los hombres con m\u00e1s frecuencia y tiende a hacerlo de manera m\u00e1s grave.<br>Los cambios est\u00e1n asociados con la ruptura de la barrera hematoencef\u00e1lica. La investigaci\u00f3n publicada ha mostrado diferencias en las barreras hematoencef\u00e1licas de hombres y mujeres. Eso podr\u00eda influir en las diferencias conocidas en los sexos, coincidi\u00f3.<br>Informaci\u00f3n oficial del gobierno indica que se estima que en M\u00e9xico aproximadamente un mill\u00f3n 300.000 personas padecen la enfermedad de Alzheimer, cifra que representa entre 60 y 70 por ciento de los diagn\u00f3sticos de demencia y afecta con mayor frecuencia a las personas mayores de 65 a\u00f1os, y principalmente a las mujeres.<br>El trabajo elaborado por Anthony Wexler, director del Centro de Calidad del Aire en dicha instituci\u00f3n, fue presentado durante la d\u00e9cimo segunda edici\u00f3n del ciclo de conferencias Panorama Actual de las Ciencias Atmosf\u00e9ricas y del Cambio Clim\u00e1tico 2024, organizado por el Centro de Ciencias de la Atm\u00f3sfera y Cambio Clim\u00e1tico (ICAyCC) de la Unam.<br>De acuerdo con el cient\u00edfico, es dif\u00edcil indagar cu\u00e1ntas y c\u00f3mo son transportadas al cerebro las part\u00edculas emitidas por los automotores; pero debido a los resultados obtenidos en ratones, que fueron expuestos a menores cantidades de PM2.5 que las registradas en el medio ambiente, se sugiere que las normas son insuficientes para cuidar dicho \u00f3rgano.<br>Al ofrecer la charla \u00abEfectos de la contaminaci\u00f3n relacionada con el tr\u00e1fico en la salud neurol\u00f3gica\u00bb (Neurological health effects of traffic related air pollution), ante investigadores y acad\u00e9micos del ICAyCC precis\u00f3:<br>Cuando se piensa en la calidad del aire lo primero que se asocia es la salud pulmonar, pero al revisar la incidencia de c\u00e1ncer en este \u00f3rgano los casos registrados no son tantos.<br>Sin embargo, nuevos estudios han comenzado a relacionar tambi\u00e9n los aerosoles qu\u00edmicos con problemas cardiovasculares, as\u00ed como efectos neurol\u00f3gicos, aunque todav\u00eda se desconoce en qu\u00e9 nivel.<br>No obstante, se ha sugerido que puede tener relaci\u00f3n con la aparici\u00f3n de las enfermedades de Alzheimer, Parkinson o Autismo, raz\u00f3n por la cual es importante investigar en varias ciudades del mundo para generar la informaci\u00f3n necesaria.<br>El tambi\u00e9n acad\u00e9mico de Ingenier\u00eda Civil y Medioambiental y Recursos de Tierra, Aire y Agua record\u00f3 que en 2006 se presentaron los primeros reportes que suger\u00edan la asociaci\u00f3n entre trastornos neurodegenerativos y exposici\u00f3n a contaminantes. En 2012 se comenz\u00f3 a hablar sobre estudios efectuados en ni\u00f1os sometidos a altas concentraciones de mon\u00f3xido de carbono; y en 2014, en Corea del Sur, se report\u00f3 que la exposici\u00f3n de las madres al di\u00f3xido de nitr\u00f3geno les ocasion\u00f3 problemas de desarrollo psicomotor.<br>Para dilucidar si estos problemas de salud se deben a contaminantes, o a la posici\u00f3n econ\u00f3mica, la dieta, los niveles de estr\u00e9s a los que est\u00e1 sometida la familia y otros factores socioecon\u00f3micos, el experto y su equipo dise\u00f1aron t\u00faneles por los que pasaron los animales de laboratorio (ratones), los cuales estuvieron expuestos por dos meses a gases contaminantes, a fin de descartar factores sociales y dejar s\u00f3lo cuestiones medibles.<br>Wexler detall\u00f3 que luego se revis\u00f3 su comportamiento (interacciones sociales, movimientos repetitivos, capacidad de aprendizaje) y factores neuropatol\u00f3gicos (neuroinflamaci\u00f3n y conectividad neuronal). Se obtuvieron algunos resultados, que ser\u00e1n publicados pr\u00f3ximamente.<br>Adelant\u00f3 que uno de los problemas de salud espec\u00edficos a revisar es el efecto de los altos niveles de contaminaci\u00f3n por tr\u00e1fico (Trap, por sus siglas en ingl\u00e9s) en el desarrollo de la enfermedad de Alzheimer, problema neurodegenerativo que en 70 por ciento de los casos lleva a la demencia, que tiene mayor prevalencia en hombres que en mujeres y los casos de incidencia son m\u00e1s altos en familias que viven cerca de caminos con altos niveles de tr\u00e1fico.<br>Los primeros datos revelan que la exposici\u00f3n cr\u00f3nica a contaminantes ambientales con Trap promovi\u00f3 el desarrollo de fenotipos vistos en la naturaleza y gen\u00e9ticamente susceptibles a la evoluci\u00f3n de dicho padecimiento.<br>Adem\u00e1s de seguir con el an\u00e1lisis de los datos de las experimentaciones, actualmente Wexler trabaja en colaboraci\u00f3n con investigadores del ICAyCC en un proyecto apoyado por la Unam sobre instrumentaci\u00f3n para medir poluci\u00f3n en el aire, especialmente de metales pesados.<br><br><strong>Alzheimer, m\u00e1s mujeres<\/strong><br>Se estima que en M\u00e9xico aproximadamente un mill\u00f3n 300.000 personas padecen la enfermedad de Alzheimer, cifra que representa entre 60 y 70 por ciento de los diagn\u00f3sticos de demencia y afecta con mayor frecuencia a las personas mayores de 65 a\u00f1os.<br>La enfermedad de Alzheimer se debe a cambios en el cerebro por la presencia de la prote\u00edna llamada beta amiloide que se acumula frecuentemente en el l\u00f3bulo temporal. Dicha toxina provoca inflamaci\u00f3n y muerte progresiva de neuronas.<br>Las caracter\u00edsticas m\u00e1s comunes en la persona con Alzheimer son olvidos de eventos recientes, problemas de lenguaje, alteraciones del pensamiento abstracto, desorientaci\u00f3n, cambios en el estado de \u00e1nimo, p\u00e9rdida de habilidades previamente adquiridas como manejar y llevar sus cuentas; olvido de lugares habituales, nombres de personas cercanas y vestirse por s\u00ed mismas, entre otras. En fases terminales es posible que presente dificultades al tragar, caminar, hablar e incontinencia fecal y urinaria.<br>La Organizaci\u00f3n Mundial de la Salud (OMS) calcula una cifra aproximada de 60 millones de personas a nivel global que viven con Alzheimer, de las cuales 8,1 por ciento son mujeres y 5,4 por ciento, hombres mayores de 65 a\u00f1os.<br>Para una atenci\u00f3n adecuada de la persona con enfermedad de Alzheimer, es necesario el diagn\u00f3stico temprano y tratamiento integral de alta especialidad que se basa en medicamentos que estimulan y ayudan a prolongar la vida de las neuronas de la memoria para mejorar su calidad de vida.<br>La atenci\u00f3n adecuada de las personas con este padecimiento tambi\u00e9n requiere la participaci\u00f3n activa de quienes las cuidan y sus familias porque no hay forma de que un paciente con Alzheimer avance sin el apoyo de otra persona.<br>En ese contexto, en la Cl\u00ednica de Envejecimiento Cognitivo y Demencias del INNN, una de las prioridades de la atenci\u00f3n es enfocarse en escuchar los problemas particulares que enfrentan las personas cuidadoras y ayudarles con estrategias que faciliten el cuidado de quien vive con la enfermedad de Alzheimer.<br>La persona cuidadora debe recibir psicoeducaci\u00f3n sobre las implicaciones de esta enfermedad, s\u00edntomas, tratamiento y la importancia de la continuidad en la terapia no farmacol\u00f3gica, ya que desarrollada en \u00f3ptimas condiciones contribuye a que el o la paciente requiera menos medicamentos.<br><br><strong>Parkinson, segunda enfermedad neurodegenerativa m\u00e1s frecuente en personas mayores de 50 a\u00f1os<\/strong><br>En cuanto al Parkinson el gobierno de M\u00e9xico inform\u00f3 en abril pasado que la persona que presenta esta enfermedad ve alterada, sobre todo, su funcionalidad: las actividades cotidianas las realiza con mayor dificultad, esto hace que el individuo se a\u00edsle y se haga dependiente, asimismo su estado de \u00e1nimo se ve muy disminuido.<br>No existen cifras exactas de pacientes de Parkinson en M\u00e9xico. Sin embargo, el Instituto Nacional de Neurolog\u00eda y Neurocirug\u00eda estima una prevalencia de 50 casos nuevos por cada 100.000 habitantes al a\u00f1o. A nivel mundial, se calcula que cuatro o cinco millones de personas mayores de 50 a\u00f1os puedan padecer esta enfermedad.<br>La enfermedad de Parkinson es una enfermedad progresiva del sistema nervioso que afecta el movimiento. Suele comenzar entre los 50 y 65 a\u00f1os de edad. Aunque es un padecimiento cr\u00f3nico, puede ser tratada y controlada eficazmente. Puede presentarse tanto en hombres como en mujeres, no obstante, se reporta una mayor prevalencia en hombres que en mujeres. No es hereditaria ni contagiosa. Si bien esta enfermedad dificulta el movimiento, no causa par\u00e1lisis.<br>Ocurre cuando las neuronas no producen suficiente dopamina, una sustancia muy importante para el funcionamiento del cerebro que interviene entre otras funciones a los mecanismos del movimiento.<br>Los s\u00edntomas comienzan gradualmente. A veces, comienza con un temblor apenas perceptible en una sola mano. Los temblores son habituales, aunque la enfermedad tambi\u00e9n suele causar rigidez o disminuci\u00f3n del movimiento. Los s\u00edntomas t\u00edpicos de los pacientes son:<br>Temblor de reposo: frecuentemente es el s\u00edntoma inicial, comienza en una extremidad y despu\u00e9s se generaliza en todo el cuerpo.<br>Rigidez de m\u00fasculos: es otra de las primeras manifestaciones que se presentan. Los m\u00fasculos est\u00e1n r\u00edgidos y poco flexibles.<br>Lentitud de movimientos: los movimientos se hacen muy lentos, ocasionando que la persona se tarde el doble de tiempo o m\u00e1s en realizar actividades de la vida diaria, por sencillas que estas sean.<br>Otros s\u00edntomas que se pueden presentar son: trastornos de la marcha, trastornos del equilibrio, sialorrea (exceso de saliva), inexpresividad facial, habla lenta y depresi\u00f3n.<br>La persona que presenta esta enfermedad ve alterada, sobre todo, su funcionalidad: las actividades cotidianas las realiza con mayor dificultad y el vestirse, ba\u00f1arse, abotonarse, rasurarse, peinarse, darse vuelta en la cama, utilizar los cubiertos, cocinar, manejar, etc\u00e9tera, le toman m\u00e1s tiempo y puede llegar a resultarle imposible; esto hace que el individuo se a\u00edsle y se haga dependiente, asimismo su estado de \u00e1nimo se ve muy disminuido.<br>Por lo general, vivir con alguien que tiene enfermedad de Parkinson afecta tambi\u00e9n a muchas otras personas. El familiar sano, ahora designado como el \u00abcuidador\u00bb, podr\u00eda tener que desempe\u00f1ar muchos papeles, como proveedor, la funci\u00f3n de acompa\u00f1amiento y atender sus propias necesidades. Sin embargo, el apoyo familiar es un pilar fundamental, siendo necesario que los familiares reciban informaci\u00f3n y formaci\u00f3n sobre las caracter\u00edsticas de la enfermedad, sus s\u00edntomas y los tratamientos disponibles.<br>Todo ello encaminado a adquirir una serie de herramientas y estrategias que permitan abordar las necesidades, consecuencias y cambios que la enfermedad va a provocar y mejorar la calidad de vida en la persona con enfermedad de Parkinson.<br><br><strong>\u00bfC\u00f3mo prevenirlo?<\/strong><br>Debido a que se desconoce la causa de la enfermedad de Parkinson, las maneras probadas para prevenirla tambi\u00e9n son un misterio. En algunas investigaciones se ha demostrado que el ejercicio aer\u00f3bico regular podr\u00eda reducir el riesgo de tener la enfermedad de Parkinson.<br>Otras investigaciones han demostrado que las personas que beben cafe\u00edna, presentan enfermedad de Parkinson con menos frecuencia que las personas que no la consumen.<br>Las personas deben consultar al m\u00e9dico si tienen algunos de los s\u00edntomas asociados con la enfermedad de Parkinson, no solamente para diagnosticar la enfermedad sino tambi\u00e9n para descartar otras causas para los s\u00edntomas.<br>El Instituto Nacional de las Personas Adultas Mayores (Inapam), como \u00f3rgano rector de las pol\u00edticas p\u00fablicas a favor de este grupo poblacional, se interesa en la prevenci\u00f3n, diagn\u00f3stico oportuno y tratamiento de este padecimiento por lo que busca informar acerca de esta enfermedad y dejar al alcance de la poblaci\u00f3n los s\u00edntomas y acciones que se deben de seguir en caso de enfrentarse a este padecimiento, as\u00ed como concientizar sobre su existencia.<\/p>\n","protected":false},"excerpt":{"rendered":"<p>Por Sara Lovera SemM\u00e9xico, Cd. de M\u00e9xico, 27 de agosto, 2024.-Las actuales regulaciones sobre part\u00edculas menores a 2.5 (PM2.5) pueden ser insuficientes para proteger al cerebro y evitar el desarrollo de problemas neuronales, como las enfermedades de Alzheimer, Parkinson; o bien, autismo, al menos en Estados Unidos, sugieren recientes estudios realizados en la Universidad de [&hellip;]<\/p>\n","protected":false},"author":3,"featured_media":86257,"comment_status":"open","ping_status":"open","sticky":false,"template":"","format":"standard","meta":{"_monsterinsights_skip_tracking":false,"footnotes":""},"categories":[682],"tags":[],"class_list":["post-86254","post","type-post","status-publish","format-standard","has-post-thumbnail","category-noticias"],"_links":{"self":[{"href":"https:\/\/redsemlac.com\/semmexico\/wp-json\/wp\/v2\/posts\/86254","targetHints":{"allow":["GET"]}}],"collection":[{"href":"https:\/\/redsemlac.com\/semmexico\/wp-json\/wp\/v2\/posts"}],"about":[{"href":"https:\/\/redsemlac.com\/semmexico\/wp-json\/wp\/v2\/types\/post"}],"author":[{"embeddable":true,"href":"https:\/\/redsemlac.com\/semmexico\/wp-json\/wp\/v2\/users\/3"}],"replies":[{"embeddable":true,"href":"https:\/\/redsemlac.com\/semmexico\/wp-json\/wp\/v2\/comments?post=86254"}],"version-history":[{"count":0,"href":"https:\/\/redsemlac.com\/semmexico\/wp-json\/wp\/v2\/posts\/86254\/revisions"}],"wp:featuredmedia":[{"embeddable":true,"href":"https:\/\/redsemlac.com\/semmexico\/wp-json\/wp\/v2\/media\/86257"}],"wp:attachment":[{"href":"https:\/\/redsemlac.com\/semmexico\/wp-json\/wp\/v2\/media?parent=86254"}],"wp:term":[{"taxonomy":"category","embeddable":true,"href":"https:\/\/redsemlac.com\/semmexico\/wp-json\/wp\/v2\/categories?post=86254"},{"taxonomy":"post_tag","embeddable":true,"href":"https:\/\/redsemlac.com\/semmexico\/wp-json\/wp\/v2\/tags?post=86254"}],"curies":[{"name":"wp","href":"https:\/\/api.w.org\/{rel}","templated":true}]}}