{"id":86211,"date":"2024-08-26T18:36:14","date_gmt":"2024-08-27T00:36:14","guid":{"rendered":"https:\/\/redsemlac.com\/semmexico\/?p=86211"},"modified":"2024-08-26T18:36:15","modified_gmt":"2024-08-27T00:36:15","slug":"reportera-de-chilpancingo-denuncia-agresiones-y-amenazas","status":"publish","type":"post","link":"https:\/\/redsemlac.com\/semmexico\/reportera-de-chilpancingo-denuncia-agresiones-y-amenazas\/","title":{"rendered":"Reportera de Chilpancingo denuncia agresiones y amenazas"},"content":{"rendered":"\n<p class=\"wp-block-paragraph\"><a href=\"https:\/\/ceprovysa.com\/?p=86676\"><\/a>Mart\u00edn Mart\u00ednez Olvera<\/p>\n\n\n\n<p class=\"wp-block-paragraph\">SemM\u00e9xico\/ CEPROVYS.COM, Chilpancingo, Guerrero.,26 de agosto, 2024.- Hilda Perales M\u00f3nico, reportera del portal Noticias Reporte Guerrero (www.reportegro) denunci\u00f3 ante las autoridades ser v\u00edctima de amenazas y agresi\u00f3n de parte de 8 integrantes de la Familia Aponte Eugenio.<\/p>\n\n\n\n<p class=\"wp-block-paragraph\"><br>De acuerdo a los hechos que narra la reportera, la agresi\u00f3n se dio ante elementos de tr\u00e1nsito del municipio que acudieron a un llamado de ella para que despejaran de la entrada de su domicilio obstruida por una motoneta propiedad de esa familia.<\/p>\n\n\n\n<p class=\"wp-block-paragraph\"><br>Se\u00f1al\u00f3 que tom\u00f3 la decisi\u00f3n de llamar a las autoridades en virtud de que ha sido sistem\u00e1tica la insistencia de esa familia de obstruir su acceso a pesar de que les ha solicitado que no lo hagan porque le impiden entrar o salir con su propia motoneta.<br>Sin embargo no ha obtenido respuesta positiva y este domingo, cuando regresaba de realizar su trabajo period\u00edstico, volvi\u00f3 a encontrar la motoneta de sus vecinos afuera de la puerta de su domicilio, por lo que decidi\u00f3 llamar a las autoridades de tr\u00e1nsito para que la retiraran.<\/p>\n\n\n\n<p class=\"wp-block-paragraph\"><br>La reportera Hilda Perales M\u00f3nico dijo que fue en ese momento cuando salieron los 8 integrantes de esa familia Aponte Eugenio y las amenazas que le han dado las llevaron a la agresi\u00f3n contra su persona llegando al punto de romperle su equipo celular, con el que realiza su trabajo.<\/p>\n\n\n\n<p class=\"wp-block-paragraph\"><br>Los hechos fueron en la Colonia Lomas de San Antonio (omitimos por seguridad m\u00e1s datos). Hilda Perales M\u00f3nico solicita a las autoridades investigar este hecho y aplicar justicia a fin de preservar su seguridad.<\/p>\n","protected":false},"excerpt":{"rendered":"<p>Mart\u00edn Mart\u00ednez Olvera SemM\u00e9xico\/ CEPROVYS.COM, Chilpancingo, Guerrero.,26 de agosto, 2024.- Hilda Perales M\u00f3nico, reportera del portal Noticias Reporte Guerrero (www.reportegro) denunci\u00f3 ante las autoridades ser v\u00edctima de amenazas y agresi\u00f3n de parte de 8 integrantes de la Familia Aponte Eugenio. De acuerdo a los hechos que narra la reportera, la agresi\u00f3n se dio ante elementos [&hellip;]<\/p>\n","protected":false},"author":3,"featured_media":86213,"comment_status":"open","ping_status":"open","sticky":false,"template":"","format":"standard","meta":{"_monsterinsights_skip_tracking":false,"footnotes":""},"categories":[55],"tags":[],"class_list":["post-86211","post","type-post","status-publish","format-standard","has-post-thumbnail","category-periodistas"],"_links":{"self":[{"href":"https:\/\/redsemlac.com\/semmexico\/wp-json\/wp\/v2\/posts\/86211","targetHints":{"allow":["GET"]}}],"collection":[{"href":"https:\/\/redsemlac.com\/semmexico\/wp-json\/wp\/v2\/posts"}],"about":[{"href":"https:\/\/redsemlac.com\/semmexico\/wp-json\/wp\/v2\/types\/post"}],"author":[{"embeddable":true,"href":"https:\/\/redsemlac.com\/semmexico\/wp-json\/wp\/v2\/users\/3"}],"replies":[{"embeddable":true,"href":"https:\/\/redsemlac.com\/semmexico\/wp-json\/wp\/v2\/comments?post=86211"}],"version-history":[{"count":0,"href":"https:\/\/redsemlac.com\/semmexico\/wp-json\/wp\/v2\/posts\/86211\/revisions"}],"wp:featuredmedia":[{"embeddable":true,"href":"https:\/\/redsemlac.com\/semmexico\/wp-json\/wp\/v2\/media\/86213"}],"wp:attachment":[{"href":"https:\/\/redsemlac.com\/semmexico\/wp-json\/wp\/v2\/media?parent=86211"}],"wp:term":[{"taxonomy":"category","embeddable":true,"href":"https:\/\/redsemlac.com\/semmexico\/wp-json\/wp\/v2\/categories?post=86211"},{"taxonomy":"post_tag","embeddable":true,"href":"https:\/\/redsemlac.com\/semmexico\/wp-json\/wp\/v2\/tags?post=86211"}],"curies":[{"name":"wp","href":"https:\/\/api.w.org\/{rel}","templated":true}]}}