{"id":8620,"date":"2019-06-15T23:41:00","date_gmt":"2019-06-15T23:41:00","guid":{"rendered":"https:\/\/redsemlac.com\/semmexico\/?p=8620"},"modified":"2023-07-21T14:49:13","modified_gmt":"2023-07-21T19:49:13","slug":"acabar-con-el-plagio-de-elementos-culturales-indigenas","status":"publish","type":"post","link":"https:\/\/redsemlac.com\/semmexico\/acabar-con-el-plagio-de-elementos-culturales-indigenas\/","title":{"rendered":"Acabar con el plagio de elementos culturales ind\u00edgenas"},"content":{"rendered":"\n<p class=\"wp-block-paragraph\"><strong><em>La legislaci\u00f3n se propone resolver el problema de plagio que sufren diversas comunidades ind\u00edgenas en M\u00e9xico.<\/em><\/strong><\/p>\n\n\n\n<p class=\"wp-block-paragraph\">SemM\u00e9xico. OAXACA, Oax, 15 de junio 2019.-  Susana Harp Iturribarr\u00eda, presidenta de la Comisi\u00f3n de Cultura del Senado alista la ley para  reconocer a los pueblos mexicanos como titulares del derecho que genere el uso y aprovechamiento de sus elementos culturales e identitarios.<\/p>\n\n\n\n<p class=\"wp-block-paragraph\">La legislaci\u00f3n se propone resolver el problema de plagio que sufren diversas comunidades ind\u00edgenas en M\u00e9xico por parte de algunas marcas que roban los dise\u00f1os para ponerlos en sus productos y despu\u00e9s comercializarlos, adelant\u00f3 la  oaxaque\u00f1a.<\/p>\n\n\n\n<figure class=\"wp-block-image is-resized\"><img loading=\"lazy\" decoding=\"async\" src=\"https:\/\/redsemlac.com\/semmexico\/wp-content\/uploads\/2019\/06\/WhatsApp-Image-2019-06-13-at-10.07.09-AM-1024x576.jpeg\" alt=\"\" class=\"wp-image-8621\" width=\"544\" height=\"306\"\/><\/figure>\n\n\n\n<p class=\"wp-block-paragraph\">Luego de que se difundiera la colecci\u00f3n Resort 2020, de la modista venezolana, Carolina Herrera que incorpora bordados provenientes del Istmo de Tehuantepec, Oaxaca; Tenango de Doria, en Hidalgo y un sarape de Saltillo, Coahuila, entre otras entidades, la senadora urgi\u00f3 a sus pares atender  la revisi\u00f3n de la propuesta , resultado de varios foros en esta materia.<\/p>\n\n\n\n<p class=\"wp-block-paragraph\">La tambi\u00e9n compositora e interprete concibi\u00f3 la etiqueta #MexicoSinPlagio en contra de apropiaciones indebidas.<br>\n\u201cLlevamos muchos a\u00f1os, parando a dise\u00f1adores y grandes marcas que de manera irrespetuosa toman los elementos de las culturas ind\u00edgenas, sin acercarse a las comunidades\u201d, subray\u00f3.<\/p>\n\n\n\n<p class=\"wp-block-paragraph\">A trav\u00e9s de sus redes sociales, Harp Irurribarr\u00eda expres\u00f3 su sorpresa de que Herrera no haya solicitado la autorizaci\u00f3n de los artesanos, como alguna vez ocurri\u00f3, pues en esta ocasi\u00f3n opt\u00f3 por la maquila de los dise\u00f1os.<\/p>\n\n\n\n<p class=\"wp-block-paragraph\">Por lo tanto sugiri\u00f3 a sus seguidores comprar productos mexicanos e involucrarse en el observatorio ciudadano, que ser\u00e1 posible por el #MexicoSinPlagio para denunciar probables casos similares en medios sociales.  <\/p>\n\n\n\n<p class=\"wp-block-paragraph\">Mientras el gobierno mexicano acus\u00f3 a la casa de la emblem\u00e1tica dise\u00f1adora de apropiaci\u00f3n cultural por algunos dise\u00f1os de Resort 2020, pero la casa de Herrera afirm\u00f3 que la colecci\u00f3n rinde homenaje a la riqueza de la cultura mexicana al inspirarse en sus colores y t\u00e9cnicas artesanales.<\/p>\n","protected":false},"excerpt":{"rendered":"<p>La legislaci\u00f3n se propone resolver el problema de plagio que sufren diversas comunidades ind\u00edgenas en M\u00e9xico. SemM\u00e9xico. OAXACA, Oax, 15 de junio 2019.- Susana Harp Iturribarr\u00eda, presidenta de la Comisi\u00f3n de Cultura del Senado alista la ley para reconocer a los pueblos mexicanos como titulares del derecho que genere el uso y aprovechamiento de sus [&hellip;]<\/p>\n","protected":false},"author":3,"featured_media":8622,"comment_status":"open","ping_status":"open","sticky":false,"template":"","format":"standard","meta":{"_monsterinsights_skip_tracking":false,"footnotes":""},"categories":[690,50],"tags":[],"class_list":["post-8620","post","type-post","status-publish","format-standard","has-post-thumbnail","category-690","category-congreso"],"_links":{"self":[{"href":"https:\/\/redsemlac.com\/semmexico\/wp-json\/wp\/v2\/posts\/8620","targetHints":{"allow":["GET"]}}],"collection":[{"href":"https:\/\/redsemlac.com\/semmexico\/wp-json\/wp\/v2\/posts"}],"about":[{"href":"https:\/\/redsemlac.com\/semmexico\/wp-json\/wp\/v2\/types\/post"}],"author":[{"embeddable":true,"href":"https:\/\/redsemlac.com\/semmexico\/wp-json\/wp\/v2\/users\/3"}],"replies":[{"embeddable":true,"href":"https:\/\/redsemlac.com\/semmexico\/wp-json\/wp\/v2\/comments?post=8620"}],"version-history":[{"count":0,"href":"https:\/\/redsemlac.com\/semmexico\/wp-json\/wp\/v2\/posts\/8620\/revisions"}],"wp:featuredmedia":[{"embeddable":true,"href":"https:\/\/redsemlac.com\/semmexico\/wp-json\/wp\/v2\/media\/8622"}],"wp:attachment":[{"href":"https:\/\/redsemlac.com\/semmexico\/wp-json\/wp\/v2\/media?parent=8620"}],"wp:term":[{"taxonomy":"category","embeddable":true,"href":"https:\/\/redsemlac.com\/semmexico\/wp-json\/wp\/v2\/categories?post=8620"},{"taxonomy":"post_tag","embeddable":true,"href":"https:\/\/redsemlac.com\/semmexico\/wp-json\/wp\/v2\/tags?post=8620"}],"curies":[{"name":"wp","href":"https:\/\/api.w.org\/{rel}","templated":true}]}}