{"id":8618,"date":"2019-06-15T23:28:02","date_gmt":"2019-06-15T23:28:02","guid":{"rendered":"https:\/\/redsemlac.com\/semmexico\/?p=8618"},"modified":"2023-07-21T14:49:13","modified_gmt":"2023-07-21T19:49:13","slug":"ley-contra-difusion-de-packs-se-concreta-castigaran-violencia-digital-hasta-con-6-anos-de-prision","status":"publish","type":"post","link":"https:\/\/redsemlac.com\/semmexico\/ley-contra-difusion-de-packs-se-concreta-castigaran-violencia-digital-hasta-con-6-anos-de-prision\/","title":{"rendered":"Ley contra difusi\u00f3n de \u2018packs\u2019 se concreta: castigar\u00e1n violencia digital hasta con 6 a\u00f1os de prisi\u00f3n"},"content":{"rendered":"\n<p class=\"wp-block-paragraph\"><strong><em> El diputado Miguel \u00c1ngel Torres Olgu\u00edn expres\u00f3 que este tipo de violencia, que afecta la dignidad de las personas, se ejerce mayoritariamente en mujeres y ni\u00f1as.<\/em><\/strong> <\/p>\n\n\n\n<p class=\"wp-block-paragraph\">SemM\u00e9xico\/C\u00f3dice Informativo. 14 de junio 2019.- El Congreso del Estado de Quer\u00e9taro aprob\u00f3, por unanimidad, la iniciativa de reforma al C\u00f3digo Penal local para tipificar como delito la violencia digital y castigar<strong>&nbsp;hasta con seis a\u00f1os de prisi\u00f3n<\/strong>&nbsp;a las personas que ejerzan violencia al obtener o difundir im\u00e1genes o videos de las partes \u00edntimas o genitales de una persona sin su consentimiento, as\u00ed como a quien difunda o amenace con difundir im\u00e1genes er\u00f3ticas o sexuales.<\/p>\n\n\n\n<p class=\"wp-block-paragraph\"><em>\u201cAhorita viene la segunda etapa que es la capacitaci\u00f3n a Ministerios P\u00fablicos, a la Fiscal\u00eda para que tengan perspectiva de g\u00e9nero y digital, y que no llegue una mujer m\u00e1s a la fiscal\u00eda y sea revictimizada y culpada cuando est\u00e1 ejerciendo su sexualidad\u201d<\/em>, expres\u00f3 Olimpia Coral Melo, quien, junto con el grupo parlamentario del Partido Acci\u00f3n Nacional (PAN), impuls\u00f3 esta iniciativa en el estado de Quer\u00e9taro.<\/p>\n\n\n\n<p class=\"wp-block-paragraph\">El diputado Miguel \u00c1ngel Torres Olgu\u00edn expres\u00f3 que este tipo de violencia que violenta la dignidad de las personas, se ejerce<strong>&nbsp;mayoritariamente en mujeres y ni\u00f1as<\/strong>; adem\u00e1s, trae consigo implicaciones emocionales fuertes que pueden llegar hasta el suicidio.<\/p>\n\n\n\n<p class=\"wp-block-paragraph\">Con la aprobaci\u00f3n de esta ley, Quer\u00e9taro se convirti\u00f3 en el sexto estado del pa\u00eds en establecer sanciones penales contra este delito. Puebla, Chiapas, Veracruz, Guanajuato y Baja California Sur ya lo aprobaron. La iniciativa ya est\u00e1 presentada en Coahuila y Coahuila y est\u00e1 congelada en la Ciudad de M\u00e9xico, Oaxaca, Durango, Estado de M\u00e9xico, Nayarit y Tabasco.<\/p>\n\n\n\n<p class=\"wp-block-paragraph\">\u201c<em>Estamos contentas y agradecidas. El pr\u00f3ximo reto que sigue es que sea justamente no solo el celebrarlo sino el deber que, efectivamente, esta reforma se adapte, que efectivamente sirva, y efectivamente se d\u00e9 justicia para las mujeres en espacios digitales<\/em>\u201d, expres\u00f3 Coral Melo.<\/p>\n\n\n\n<p class=\"wp-block-paragraph\">El siguiente paso, explic\u00f3, ser\u00e1 trabajar, a partir del mes de agosto, en la jornada de educaci\u00f3n digital, de violencia digital, para lo cual el diputado&nbsp;<strong>Miguel \u00c1ngel Torres Olgu\u00edn<\/strong>&nbsp;habl\u00f3 con la Secretar\u00eda de Educaci\u00f3n, de Cultura y de la Juventud para que se unan a las jornadas para hablar desde la prevenci\u00f3n de la violencia digital.<\/p>\n\n\n\n<p class=\"wp-block-paragraph\">\u201c<em>Tambi\u00e9n debemos decirles a las ni\u00f1as, a los ni\u00f1os, a los adolescentes que ya tienen derecho a estar seguros tambi\u00e9n en Internet y que ya tambi\u00e9n pueden denunciar, decirles a todas las mujeres que ya no tenga miedo que es un derecho y que hoy ya pueden tener acceso a la justicia se puede denunciar<\/em>\u201d, declar\u00f3 la activista.<\/p>\n\n\n\n<p class=\"wp-block-paragraph\">Se\u00f1al\u00f3 que ya se est\u00e1n haciendo todas las gestiones para capacitar a todas las<strong>&nbsp;instituciones p\u00fablicas<\/strong>&nbsp;como escuelas y universidades acerca de la prevenci\u00f3n y las implicaciones.<\/p>\n\n\n\n<p class=\"wp-block-paragraph\">Agreg\u00f3 que tiene detectado un violent\u00f3metro en el que se visibilizan&nbsp;<strong>once tipos de violencia digital<\/strong>, documento que se reparte por todas las escuelas de modo que las ni\u00f1as, ni\u00f1os y adolescentes vean que existe esta violencia, que no es normal y que mejora en Quer\u00e9taro ya se castiga.<\/p>\n","protected":false},"excerpt":{"rendered":"<p>El diputado Miguel \u00c1ngel Torres Olgu\u00edn expres\u00f3 que este tipo de violencia, que afecta la dignidad de las personas, se ejerce mayoritariamente en mujeres y ni\u00f1as. SemM\u00e9xico\/C\u00f3dice Informativo. 14 de junio 2019.- El Congreso del Estado de Quer\u00e9taro aprob\u00f3, por unanimidad, la iniciativa de reforma al C\u00f3digo Penal local para tipificar como delito la violencia [&hellip;]<\/p>\n","protected":false},"author":3,"featured_media":8619,"comment_status":"open","ping_status":"open","sticky":false,"template":"","format":"standard","meta":{"_monsterinsights_skip_tracking":false,"footnotes":""},"categories":[690,50],"tags":[],"class_list":["post-8618","post","type-post","status-publish","format-standard","has-post-thumbnail","category-690","category-congreso"],"_links":{"self":[{"href":"https:\/\/redsemlac.com\/semmexico\/wp-json\/wp\/v2\/posts\/8618","targetHints":{"allow":["GET"]}}],"collection":[{"href":"https:\/\/redsemlac.com\/semmexico\/wp-json\/wp\/v2\/posts"}],"about":[{"href":"https:\/\/redsemlac.com\/semmexico\/wp-json\/wp\/v2\/types\/post"}],"author":[{"embeddable":true,"href":"https:\/\/redsemlac.com\/semmexico\/wp-json\/wp\/v2\/users\/3"}],"replies":[{"embeddable":true,"href":"https:\/\/redsemlac.com\/semmexico\/wp-json\/wp\/v2\/comments?post=8618"}],"version-history":[{"count":0,"href":"https:\/\/redsemlac.com\/semmexico\/wp-json\/wp\/v2\/posts\/8618\/revisions"}],"wp:featuredmedia":[{"embeddable":true,"href":"https:\/\/redsemlac.com\/semmexico\/wp-json\/wp\/v2\/media\/8619"}],"wp:attachment":[{"href":"https:\/\/redsemlac.com\/semmexico\/wp-json\/wp\/v2\/media?parent=8618"}],"wp:term":[{"taxonomy":"category","embeddable":true,"href":"https:\/\/redsemlac.com\/semmexico\/wp-json\/wp\/v2\/categories?post=8618"},{"taxonomy":"post_tag","embeddable":true,"href":"https:\/\/redsemlac.com\/semmexico\/wp-json\/wp\/v2\/tags?post=8618"}],"curies":[{"name":"wp","href":"https:\/\/api.w.org\/{rel}","templated":true}]}}